{"id":2126739,"date":"2026-09-03T16:22:34","date_gmt":"2026-09-03T13:22:34","guid":{"rendered":"https:\/\/analyse.optim.biz\/?p=2126739"},"modified":"2026-09-03T16:22:34","modified_gmt":"2026-09-03T13:22:34","slug":"barca-gasita-in-deriva-in-largul-insulelor-canare-temeri-ca-80-de-persoane-ar-fi-murit-ce-au-descoperit","status":"publish","type":"post","link":"https:\/\/analyse.optim.biz\/?p=2126739","title":{"rendered":"Barc\u0103 g\u0103sit\u0103 \u00een deriv\u0103 \u00een largul Insulelor Canare: temeri c\u0103 80 de persoane ar fi murit. Ce au descoperit&#8230;"},"content":{"rendered":"<p>[analyse_image type=&#8221;featured&#8221; src=&#8221;https:\/\/s.iw.ro\/gateway\/g\/ZmlsZVNvdXJjZT1odHRwJTNBJTJGJTJG\/c3RvcmFnZTA4dHJhbnNjb2Rlci5yY3Mt\/cmRzLnJvJTJGc3RvcmFnZSUyRjIwMjYl\/MkYwNiUyRjExJTJGMjc4MjE3Ml8yNzgy\/MTcyX21pZ3JhbnRpLWJhcmNhLWdldHR5\/aW1hZ2VzLmpwZyZ3PTEyMDAmaD02MzAm\/emM9MSZoYXNoPTIyMTg1ODM5NDdjZjI3ZjU0OTc2ODEzMjQwYzc2ZjYx.thumb.jpg&#8221;]<\/p>\n<div class=\"entry data-app-meta data-app-meta-article\" data-embed-base-url-canonical=\"https:\/\/www.digi24.ro\/embed\/stiri\/externe\/mapamond\/barca-gasita-in-deriva-in-largul-insulelor-canare-temeri-ca-80-de-persoane-ar-fi-murit-ce-au-descoperit-autoritatile-spaniole-la-bord-3934103\">\n<p data-index=\"1\"><strong>Presa spaniol\u0103 relateaz\u0103 c\u0103 exist\u0103 temeri c\u0103 mai bine de 80 de persoane, printre care \u0219i un bebelu\u0219, au murit la bordul unei b\u0103rci care a plutit \u00een deriv\u0103 timp de 26 de zile \u00een largul Insulelor Canare. Agen\u021bia de \u0219tiri spaniol\u0103 EFE Noticias a relatat c\u0103 ambarca\u021biunea, asem\u0103n\u0103toare unei canoe, a fost descoperit\u0103 joi diminea\u021b\u0103 la sud de insulele turistice situate \u00een largul coastei nord-vestice a Africii. Barca ar fi plecat luna trecut\u0103 din Gambia, \u00een Africa de Vest, cu 128 de persoane la bord, scrie <a href=\"https:\/\/www.thetimes.com\/world\/europe\/article\/eighty-found-dead-in-boat-off-canary-islands-7zgbp868n\" target=\"_blank\" rel=\"noopener\" data-skip-linkfix=\"1\">The Times<\/a>.<\/strong><\/p>\n<p data-index=\"2\">Echipele de salvare au g\u0103sit doar 44 de supravie\u021buitori \u0219i au descoperit cinci cadavre la bord. Primele informa\u021bii sugereaz\u0103 c\u0103 to\u021bi supravie\u021buitorii sunt din Gambia \u0219i Mali.<\/p>\n<p data-index=\"3\">Serviciul de salvare maritim\u0103 a declarat c\u0103 ambarca\u021biunea a fost z\u0103rit\u0103 ini\u021bial de unul dintre avioanele sale miercuri dup\u0103-amiaz\u0103, la 120 de kilometri de Gran Canaria, \u0219i a primit ajutor de la o nav\u0103 spaniol\u0103 de c\u0103utare \u0219i salvare, \u201eGuardamar Urania\u201d, la miezul nop\u021bii.<\/p>\n<p data-index=\"4\">Trei dintre supravie\u021buitori au fost transporta\u021bi cu elicopterul de pe nava \u201eGuardamar Urania\u201d la spitale din Las Palmas de Gran Canaria.<\/p>\n<p data-index=\"5\">Garda Civil\u0103 a comunicat ONG-ului spaniol \u201eCaminando Fronteras\u201d c\u0103 inscrip\u021biile de pe carena navei corespundeau cu cele ale unei nave care a plecat luna trecut\u0103 din Gambia cu 128 de persoane la bord.<\/p>\n<p data-index=\"6\">Helena Maleno, fondatoarea organiza\u021biei Caminando Fronteras, a declarat pe re\u021belele sociale c\u0103 supravie\u021buitorii au relatat c\u0103 83 de persoane, printre care trei femei \u0219i un bebelu\u0219, au murit \u00een timpul travers\u0103rii.<\/p>\n<p data-index=\"7\">Supravie\u021buitorii ar fi declarat Crucii Ro\u0219ii, dup\u0103 ce au ajuns la docul Arguineguin, un port de pe coasta de sud-vest a insulei Gran Canaria, la ora 3:30 diminea\u021ba, c\u0103 plecaser\u0103 \u201ecu peste 100 de persoane\u201d.<\/p>\n<p data-index=\"8\">Mul\u021bi dintre cei care au supravie\u021buit erau deshidrata\u021bi.<\/p>\n<p data-index=\"9\">\u00cen iunie, organiza\u021bia Caminando Fronteras a raportat c\u0103 peste 1.300 de migran\u021bi au murit \u00een timp ce \u00eencercau s\u0103 ajung\u0103 pe coastele spaniole \u00een primele cinci luni ale acestui an.<\/p>\n<p data-index=\"10\">Fernando Clavijo, liderul regional al Insulelor Canare, a declarat c\u0103 tragedia subliniaz\u0103 necesitatea unei politici de stat \u00een materie de migra\u021bie, mai ales dup\u0103 valul mortal de migran\u021bi din iulie din Ceuta, enclava spaniol\u0103 din Africa de Nord.<\/p>\n<p data-index=\"11\">\u201eEste intolerabil ca vie\u021bile s\u0103 continue s\u0103 se piard\u0103. Insulele Canare nu se pot obi\u0219nui \u0219i nu pot accepta ca fiind normal faptul c\u0103 Atlanticul continu\u0103 s\u0103 fie o capcan\u0103 mortal\u0103\u201d, a declarat el pe X.<\/p>\n<p data-index=\"12\">Ruta atlantic\u0103 din Africa de Vest c\u0103tre Insulele Canare este una dintre cele mai mortale rute de migra\u021bie din lume. Mii de migran\u021bi \u00eencearc\u0103 \u00een fiecare an aceast\u0103 c\u0103l\u0103torie \u00een ambarca\u021biuni supraaglomerate, \u00eencerc\u00e2nd s\u0103 ajung\u0103 pe teritoriul spaniol, \u00een ciuda riscurilor reprezentate de marea agitat\u0103, curen\u021bii puternici \u0219i distan\u021bele mari.<\/p>\n<p data-index=\"13\">Num\u0103rul migran\u021bilor care ajung \u00een Insulele Canare din Africa de Vest a sc\u0103zut \u00een acest an cu 57,4%, potrivit datelor oficiale.<\/p>\n<p> Editor : <a href=\"https:\/\/www.digi24.ro\/autor\/bogdan-enache\"> B.E. <\/a><\/p>\n<\/div>\n<p>[analyse_source url=&#8221;https:\/\/www.digi24.ro\/stiri\/externe\/mapamond\/barca-gasita-in-deriva-in-largul-insulelor-canare-temeri-ca-80-de-persoane-ar-fi-murit-ce-au-descoperit-autoritatile-spaniole-la-bord-3934103&#8243;]<\/p>\n","protected":false},"excerpt":{"rendered":"<p>[analyse_image type=&#8221;featured&#8221; src=&#8221;https:\/\/s.iw.ro\/gateway\/g\/ZmlsZVNvdXJjZT1odHRwJTNBJTJGJTJG\/c3RvcmFnZTA4dHJhbnNjb2Rlci5yY3Mt\/cmRzLnJvJTJGc3RvcmFnZSUyRjIwMjYl\/MkYwNiUyRjExJTJGMjc4MjE3Ml8yNzgy\/MTcyX21pZ3JhbnRpLWJhcmNhLWdldHR5\/aW1hZ2VzLmpwZyZ3PTEyMDAmaD02MzAm\/emM9MSZoYXNoPTIyMTg1ODM5NDdjZjI3ZjU0OTc2ODEzMjQwYzc2ZjYx.thumb.jpg&#8221;] Presa spaniol\u0103 relateaz\u0103 c\u0103 exist\u0103 temeri c\u0103 mai bine de 80 de persoane, printre care \u0219i un bebelu\u0219, au murit la bordul unei b\u0103rci care a plutit \u00een deriv\u0103 timp de 26 de zile \u00een largul Insulelor Canare. Agen\u021bia de \u0219tiri spaniol\u0103 EFE Noticias a relatat c\u0103 ambarca\u021biunea, asem\u0103n\u0103toare unei canoe, a [&hellip;]<\/p>\n","protected":false},"author":1,"featured_media":0,"comment_status":"open","ping_status":"","sticky":false,"template":"","format":"standard","meta":{"footnotes":""},"categories":[89],"tags":[226,11],"class_list":["post-2126739","post","type-post","status-publish","format-standard","hentry","category-romania","tag-crawlmanager","tag-digi24"],"_links":{"self":[{"href":"https:\/\/analyse.optim.biz\/index.php?rest_route=\/wp\/v2\/posts\/2126739","targetHints":{"allow":["GET"]}}],"collection":[{"href":"https:\/\/analyse.optim.biz\/index.php?rest_route=\/wp\/v2\/posts"}],"about":[{"href":"https:\/\/analyse.optim.biz\/index.php?rest_route=\/wp\/v2\/types\/post"}],"author":[{"embeddable":true,"href":"https:\/\/analyse.optim.biz\/index.php?rest_route=\/wp\/v2\/users\/1"}],"replies":[{"embeddable":true,"href":"https:\/\/analyse.optim.biz\/index.php?rest_route=%2Fwp%2Fv2%2Fcomments&post=2126739"}],"version-history":[{"count":0,"href":"https:\/\/analyse.optim.biz\/index.php?rest_route=\/wp\/v2\/posts\/2126739\/revisions"}],"wp:attachment":[{"href":"https:\/\/analyse.optim.biz\/index.php?rest_route=%2Fwp%2Fv2%2Fmedia&parent=2126739"}],"wp:term":[{"taxonomy":"category","embeddable":true,"href":"https:\/\/analyse.optim.biz\/index.php?rest_route=%2Fwp%2Fv2%2Fcategories&post=2126739"},{"taxonomy":"post_tag","embeddable":true,"href":"https:\/\/analyse.optim.biz\/index.php?rest_route=%2Fwp%2Fv2%2Ftags&post=2126739"}],"curies":[{"name":"wp","href":"https:\/\/api.w.org\/{rel}","templated":true}]}}