{"id":2126727,"date":"2026-09-03T09:39:05","date_gmt":"2026-09-03T06:39:05","guid":{"rendered":"https:\/\/analyse.optim.biz\/?p=2126727"},"modified":"2026-09-03T09:39:05","modified_gmt":"2026-09-03T06:39:05","slug":"nicusor-dan-prima-participare-la-sedinta-csm-coruptia-in-general-este-parte-din-strategia-nationala-de","status":"publish","type":"post","link":"https:\/\/analyse.optim.biz\/?p=2126727","title":{"rendered":"Nicu\u0219or Dan, prima participare la \u0219edin\u021ba CSM: \u201eCorup\u021bia \u00een general este parte din strategia na\u021bional\u0103 de&#8230;"},"content":{"rendered":"<p>[analyse_image type=&#8221;featured&#8221; src=&#8221;https:\/\/cdn.adh.reperio.news\/image-5\/525b6ecc-5962-4595-9965-ce5bb0d1f3bf\/index.png?p=f%3Djpeg%26w%3D1200%26h%3D630%26r%3Dcover&#8221;]<\/p>\n<article class=\"svelte-x63bga\">\n<nav>\n<ul class=\"breadcrump svelte-1pk9a69\">\n<li class=\"svelte-1pk9a69\"><a href=\"https:\/\/adevarul.ro\/\" title=\"Adev\u0103rul\" class=\"svelte-1pk9a69\">Home<\/a><\/li>\n<li class=\"svelte-1pk9a69\"><a href=\"https:\/\/adevarul.ro\/stiri-interne\" class=\"svelte-1pk9a69\">\u0218tiri Interne<\/a><\/li>\n<li class=\"svelte-1pk9a69\"><a href=\"https:\/\/adevarul.ro\/stiri-interne\/evenimente\" class=\"svelte-1pk9a69\">Evenimente<\/a><\/li>\n<li class=\"svelte-1pk9a69\"><a href=\"https:\/\/adevarul.ro\/stiri-interne\/evenimente\/nicusor-dan-aparitie-surpriza-la-csm-2553848.html\" class=\"svelte-1pk9a69\">Nicu\u0219or Dan, prima participare la \u0219edin\u021ba CSM: \u201eCorup\u021bia \u00een general este parte din strategia na\u021bional\u0103 de ap\u0103rare\u201d<\/a><\/li>\n<\/ul>\n<\/nav>\n<p><main class=\"svelte-x63bga\"><\/p>\n<p>Pre\u0219edintele Nicu\u0219or Dan a participat joi, pentru prima dat\u0103, la o \u0219edin\u021b\u0103 a Consiliului Superior al Magistraturii (CSM), unde a cerut informa\u021bii despre dosarele \u00een care sunt viza\u021bi magistra\u021bi \u0219i despre vechimea acestora. \u0218eful statului a insistat asupra necesit\u0103\u021bii ca aceste cauze s\u0103 fie investigate cu celeritate \u0219i echilibru \u0219i a avut, \u00een timpul \u0219edin\u021bei, \u0219i o exprimare nefericit\u0103 privind corup\u021bia.<\/p>\n<div class=\"container-image  svelte-1xbw4f3\"><source type=\"image\/webp\" srcset=\"https:\/\/cdn.adh.reperio.news\/image-5\/525b6ecc-5962-4595-9965-ce5bb0d1f3bf\/index.png?p=a%3D1%26co%3D1.05%26w%3D1400%26h%3D464%26r%3Dcontain%26f%3Dwebp 1400w\" media=\"(min-width: 1400px)\" \/><\/p>\n<div class=\"caption svelte-1xbw4f3\"><span class=\"captionText svelte-1xbw4f3\"><span class=\"source svelte-1xbw4f3\">Foto: captur\u0103 Video<\/span><\/span><\/div>\n<\/div>\n<h2>UPDATE Nicu\u0219or Dan a f\u0103cut declara\u021bii dup\u0103 ce a participat la \u0219edin\u021ba CSM<\/h2>\n<p>\u0218eful statului a precizat c\u0103, din cele 14 posturi prev\u0103zute pentru aceast\u0103 structur\u0103, \u00een prezent sunt ocupate doar trei. \u00cen cadrul \u0219edin\u021bei de joi au fost propu\u0219i \u00eenc\u0103 doi procurori, iar un alt procuror a fost propus pentru Parchetul de pe l\u00e2ng\u0103 Curtea de Apel Constan\u021ba.<\/p>\n<p><i>\u201eAici avem un deficit de procurori la sec\u021bia special\u0103 din cadrul Parchetului General. Avem doar 3 din 14. Azi au mai fost propu\u0219i 2. A mai fost propus 1 la Parchetul de pe l\u00e2ng\u0103 Curtea de Apel Constan\u021ba\u201d,<\/i> a declarat Nicu\u0219or Dan.<\/p>\n<p>Pre\u0219edintele a subliniat c\u0103 ocuparea acestor posturi este important\u0103 pentru credibilitatea sistemului judiciar \u0219i pentru \u00eencrederea cet\u0103\u021benilor \u00een institu\u021biile statului.<\/p>\n<p><i>\u201e\u0218i e important pentru c\u0103 e un subiect important, pentru c\u0103 suspiciunea de infrac\u021biune chiar \u00een r\u00e2ndul magistra\u021bilor deterioreaz\u0103, afecteaz\u0103 \u00eencrederea rom\u00e2nilor \u00een chiar statul rom\u00e2n. Deci e important s\u0103 tran\u0219\u0103m administrativ chestiunea asta\u201d<\/i>, a afirmat \u0219eful statului.<\/p>\n<p>Nicu\u0219or Dan a amintit c\u0103 problema se reg\u0103se\u0219te \u0219i \u00een raportul Comisiei Europene privind statul de drept.<\/p>\n<p>Pre\u0219edintele a mai spus c\u0103 activitatea de investigare a faptelor trebuie desf\u0103\u0219urat\u0103 <i>\u201ecu celeritate \u0219i cu echilibru\u201d<\/i>. \u00cen opinia sa, este esen\u021bial ca procurorii care se ocup\u0103 de aceste dosare s\u0103 aib\u0103 experien\u021b\u0103 \u0219i o conduit\u0103 profesional\u0103 irepro\u0219abil\u0103.<\/p>\n<p><i>\u201e\u0218i ce am mai spus \u00een sal\u0103&#8230; am mai spus c\u0103 aceast\u0103 activitate trebuie dus\u0103 cu celeritate \u0219i cu echilibru. De aceea e important s\u0103 fie procurori cu experien\u021b\u0103 \u0219i cu o probitate moral\u0103 incontestabil\u0103, astfel \u00eenc\u00e2t s\u0103 rezolv\u0103m problema asta de suspiciune\u201d<\/i>, a declarat Nicu\u0219or Dan.<\/p>\n<p>Declara\u021biile au fost f\u0103cute dup\u0103 participarea pre\u0219edintelui la \u0219edin\u021ba CSM, unde acesta a solicitat \u0219i informa\u021bii despre dosarele care \u00eei vizeaz\u0103 pe magistra\u021bi \u0219i despre vechimea acestora.<\/p>\n<p>Nicu\u0219or Dan a avut \u0219i un moment de exprimare nefericit\u0103 chiar la \u00eenceputul \u0219edin\u021bei CSM, \u00een timp ce vorbea despre necesitatea investig\u0103rii magistra\u021bilor suspecta\u021bi c\u0103 au comis infrac\u021biuni. Pre\u0219edintele a f\u0103cut referire la importan\u021ba combaterii corup\u021biei, \u00eens\u0103 a formulat afirma\u021bia \u00eentr-un mod care a atras rapid aten\u021bia \u0219i comentarii pe re\u021belele sociale:<\/p>\n<p><i>\u201eEu cred c\u0103 imensa majoritate a magistra\u021bilor din Rom\u00e2nia sunt oameni corec\u021bi \u0219i cu r\u0103spundere fa\u021b\u0103 de ceea ce trebuie s\u0103 fac\u0103, responsabilitatea lor social\u0103 \u0219i, tocmai pentru ca imaginea justi\u021biei \u0219i credin\u021ba rom\u00e2nilor \u00een statul rom\u00e2n \u0219i \u00een ideea de dreptate s\u0103 fie consolidat\u0103, este important\u0103 aceast\u0103 activitate de cercetare \u2013 bine\u00een\u021beles, asta rezult\u0103 din cercetare \u2013 a persoanelor din mediul judiciar care comit infrac\u021biuni. <b>Corup\u021bia, \u00een general, e parte din Strategia Na\u021bional\u0103 de Ap\u0103rare<\/b>. Aceast\u0103 chestiune a cercet\u0103rii magistra\u021bilor este, dup\u0103 cum \u0219tim to\u021bi, parte din recentul raport al Comisiei Europene pe statul de drept din Rom\u00e2nia, deci este cu at\u00e2t mai mult o chestiune important\u0103\u201d, <\/i>a spus pre\u0219edintele.\u00a0<\/p>\n<p><a class=\"related-inline svelte-78g0vl\" data-gtrack=\"{&quot;event&quot;:&quot;utm_click&quot;,&quot;data&quot;:{&quot;event_category&quot;:&quot;article_related&quot;}}\" href=\"https:\/\/adevarul.ro\/politica\/iccj-mentine-suspendarea-a-11-hotarari-ale-2552305.html\" title=\"Alt articol de interes pentru tine\"><span class=\"inline-title svelte-78g0vl\">\u00ceCCJ men\u021bine suspendarea a 11 hot\u0103r\u00e2ri ale Guvernului Bolojan. Raluca Turcan: \u201eA\u0219a \u00eencepe s\u0103 arate o justi\u021bie ro\u0219ie\u201d<\/span><\/a><\/p>\n<p>Formularea <i>\u201eCorup\u021bia, \u00een general, e parte din Strategia Na\u021bional\u0103 de Ap\u0103rare\u201d <\/i>a fost remarcat\u0103 imediat \u00een mediul online, unde au ap\u0103rut deja reac\u021bii critice la adresa pre\u0219edintelui.<\/p>\n<p><b><i>\u0218tirea ini\u021bial\u0103<\/i><\/b><\/p>\n<p>Pre\u0219edintele Nicu\u0219or Dan particip\u0103 joi, pentru prima dat\u0103, la o \u0219edin\u021b\u0103 a Consiliului Superior al Magistraturii (CSM). \u00cen cadrul reuniunii, \u0219eful statului i-a cerut procurorului general Cristina Chiriac date despre dosarele \u00een care sunt viza\u021bi magistra\u021bi \u0219i a vrut s\u0103 afle c\u00e2t de vechi sunt acestea.<\/p>\n<div class=\"raw-block\"><iframe loading=\"lazy\" src=\"https:\/\/www.facebook.com\/plugins\/video.php?href=https%3A%2F%2Fwww.facebook.com%2FNicusorDan.ro%2Fvideos%2F1459057839446945%2F&amp;show_text=0&amp;width=390\" width=\"560\" height=\"315\" frameborder allowfullscreen=\"true\" allow=\"autoplay; clipboard-write; encrypted-media; picture-in-picture; web-share\" class=\"facebook-iframe\"><\/iframe><\/div>\n<p>Cristina Chiriac a anun\u021bat, \u00een timpul \u0219edin\u021bei, doi procurori care urmeaz\u0103 s\u0103 fac\u0103 parte din sec\u021bia de investigare a infrac\u021biunilor comise de magistra\u021bi.<\/p>\n<p>Ulterior, Nicu\u0219or Dan i-a solicitat procurorului general o situa\u021bie privind dosarele care \u00eei privesc pe magistra\u021bi. Cristina Chiriac a precizat, \u00eens\u0103, c\u0103 nu dispune de aceste statistici.<\/p>\n<p><i>\u201eE un moment bun, dup\u0103 instalarea noului guvern, oricare ar fi acesta, s\u0103 discut\u0103m despre resursele parchetelor \u0219i rela\u021bia cu Poli\u021bia. Avem experien\u021ba \u0219i maturitate s\u0103 discut\u0103m cu c\u0103r\u021bile pe mas\u0103 despre aceast\u0103 problem\u0103\u201d,<\/i> a spus Nicu\u0219or Dan.<\/p>\n<p>Pre\u0219edintele a insistat \u0219i a \u00eentrebat-o care este vechimea acestor dosare, \u00eens\u0103 procurorul general nu a prezentat, deocamdat\u0103, datele solicitate.<\/p>\n<div class=\"raw-block\"><iframe loading=\"lazy\" src=\"https:\/\/www.facebook.com\/plugins\/video.php?height=314&amp;href=https%3A%2F%2Fwww.facebook.com%2FAdministratiaPrezidentialaRO%2Fvideos%2F4696705480610840%2F&amp;show_text=true&amp;width=390&amp;t=0\" width=\"560\" height=\"429\" frameborder allowfullscreen=\"true\" allow=\"autoplay; clipboard-write; encrypted-media; picture-in-picture; web-share\" class=\"facebook-iframe\"><\/iframe><\/div>\n<p>Participarea lui Nicu\u0219or Dan la \u0219edin\u021ba CSM este una \u00een premier\u0103 \u0219i are loc \u00een contextul dezbaterilor privind func\u021bionarea sistemului judiciar \u0219i modul \u00een care sunt instrumentate cauzele care \u00eei vizeaz\u0103 pe magistra\u021bi.<\/p>\n<p><\/main><\/p>\n<footer class=\"svelte-x63bga\">\n<div class=\"related-wrap related-footer svelte-78g0vl\"><span class=\"related-label svelte-78g0vl\">Cite\u0219te \u0219i<\/span><a class=\"related svelte-78g0vl\" data-gtrack=\"{&quot;event&quot;:&quot;utm_click&quot;,&quot;data&quot;:{&quot;event_category&quot;:&quot;article_related&quot;}}\" href=\"https:\/\/adevarul.ro\/politica\/nicusor-dan-mesaj-pentru-tinerii-magistrati-ne-2553451.html\" title=\"Alt articol de interes pentru tine\"><img decoding=\"async\" class=\"thumb svelte-78g0vl\" src=\"https:\/\/cdn.adh.reperio.news\/image-f\/f93b80a3-d31a-4201-b144-e025a732f044\/index.jpeg?p=f%3Dwebp%26w%3D120%26h%3D80%26r%3Dcover%26a%3D0\" alt loading=\"lazy\" width=\"80\" height=\"54\"><span class=\"title svelte-78g0vl\">Nicu\u0219or Dan, mesaj pentru tinerii magistra\u021bi: \u201eNe va lua un timp s\u0103 echilibr\u0103m rela\u021bia dintre sistemul de justi\u021bie \u0219i politic\u201d<\/span><\/a><\/div>\n<div class=\"meta svelte-x63bga\">\n<div class=\"authors svelte-x63bga\"><span class=\"names svelte-x63bga\"><a href=\"https:\/\/adevarul.ro\/author\/1899\" rel=\"author\" class=\"svelte-x63bga\">Maria \u0162aga<\/a><\/span><\/p>\n<div class=\"_hydratable\" data-props=\"%7B%22showLive%22%3Atrue%7D\" data-context=\"%7B%22parentBlockColumnCount%22%3A%7B%22value%22%3A0%2C%22type%22%3A%22store%2Freadable%22%7D%2C%22parentBlockBackgroundColor%22%3A%7B%22type%22%3A%22store%2Freadable%22%7D%7D\" data-component=\"ShareButton\">\n<div class=\"shareButtons svelte-itwbrr\">\n<div class=\"liveSessions metaFont svelte-1maxmbf\"><span class=\"value svelte-1maxmbf\">1<\/span> live <\/div>\n<\/div>\n<\/div>\n<\/div>\n<div class=\"tags svelte-1l3vwp1\"><span class=\"tags-label metaFont svelte-1l3vwp1\">Cite\u0219te mai multe despre<\/span><\/p>\n<div class=\"tags-list svelte-1l3vwp1\"><a href=\"https:\/\/adevarul.ro\/tag\/nicu%C8%99or%20dan\" title=\"Ultimele \u0219tiri despre nicu\u0219or dan\" class=\"tag-pill svelte-1l3vwp1\">nicu\u0219or dan<\/a><a href=\"https:\/\/adevarul.ro\/tag\/justitie\" title=\"Ultimele \u0219tiri despre justitie\" class=\"tag-pill svelte-1l3vwp1\">justitie<\/a><a href=\"https:\/\/adevarul.ro\/tag\/csm\" title=\"Ultimele \u0219tiri despre csm\" class=\"tag-pill svelte-1l3vwp1\">csm<\/a><a href=\"https:\/\/adevarul.ro\/tag\/presedintele%20romaniei\" title=\"Ultimele \u0219tiri despre presedintele romaniei\" class=\"tag-pill svelte-1l3vwp1\">presedintele romaniei<\/a><a href=\"https:\/\/adevarul.ro\/tag\/independen%C8%9Ba%20justi%C8%9Biei\" title=\"Ultimele \u0219tiri despre independen\u021ba justi\u021biei\" class=\"tag-pill svelte-1l3vwp1\">independen\u021ba justi\u021biei<\/a><a href=\"https:\/\/adevarul.ro\/tag\/cms\" title=\"Ultimele \u0219tiri despre cms\" class=\"tag-pill svelte-1l3vwp1\">cms<\/a><a href=\"https:\/\/adevarul.ro\/tag\/salarii%20magistrati\" title=\"Ultimele \u0219tiri despre salarii magistrati\" class=\"tag-pill svelte-1l3vwp1\">salarii magistrati<\/a><\/div>\n<\/div>\n<\/div>\n<p><a class=\"moreFromCategory svelte-x63bga\" href=\"https:\/\/adevarul.ro\/stiri-interne\/evenimente\" title=\"Evenimente\">Mai multe din <strong class=\"svelte-x63bga\">Evenimente<\/strong> \u203a<\/a><\/footer>\n<\/article>\n<p>[analyse_source url=&#8221;https:\/\/adevarul.ro\/stiri-interne\/evenimente\/nicusor-dan-aparitie-surpriza-la-csm-2553848.html&#8221;]<\/p>\n","protected":false},"excerpt":{"rendered":"<p>[analyse_image type=&#8221;featured&#8221; src=&#8221;https:\/\/cdn.adh.reperio.news\/image-5\/525b6ecc-5962-4595-9965-ce5bb0d1f3bf\/index.png?p=f%3Djpeg%26w%3D1200%26h%3D630%26r%3Dcover&#8221;] Home \u0218tiri Interne Evenimente Nicu\u0219or Dan, prima participare la \u0219edin\u021ba CSM: \u201eCorup\u021bia \u00een general este parte din strategia na\u021bional\u0103 de ap\u0103rare\u201d Pre\u0219edintele Nicu\u0219or Dan a participat joi, pentru prima dat\u0103, la o \u0219edin\u021b\u0103 a Consiliului Superior al Magistraturii (CSM), unde a cerut informa\u021bii despre dosarele \u00een care sunt viza\u021bi magistra\u021bi \u0219i despre [&hellip;]<\/p>\n","protected":false},"author":1,"featured_media":0,"comment_status":"open","ping_status":"","sticky":false,"template":"","format":"standard","meta":{"footnotes":""},"categories":[89],"tags":[19,226],"class_list":["post-2126727","post","type-post","status-publish","format-standard","hentry","category-romania","tag-adevarul","tag-crawlmanager"],"_links":{"self":[{"href":"https:\/\/analyse.optim.biz\/index.php?rest_route=\/wp\/v2\/posts\/2126727","targetHints":{"allow":["GET"]}}],"collection":[{"href":"https:\/\/analyse.optim.biz\/index.php?rest_route=\/wp\/v2\/posts"}],"about":[{"href":"https:\/\/analyse.optim.biz\/index.php?rest_route=\/wp\/v2\/types\/post"}],"author":[{"embeddable":true,"href":"https:\/\/analyse.optim.biz\/index.php?rest_route=\/wp\/v2\/users\/1"}],"replies":[{"embeddable":true,"href":"https:\/\/analyse.optim.biz\/index.php?rest_route=%2Fwp%2Fv2%2Fcomments&post=2126727"}],"version-history":[{"count":0,"href":"https:\/\/analyse.optim.biz\/index.php?rest_route=\/wp\/v2\/posts\/2126727\/revisions"}],"wp:attachment":[{"href":"https:\/\/analyse.optim.biz\/index.php?rest_route=%2Fwp%2Fv2%2Fmedia&parent=2126727"}],"wp:term":[{"taxonomy":"category","embeddable":true,"href":"https:\/\/analyse.optim.biz\/index.php?rest_route=%2Fwp%2Fv2%2Fcategories&post=2126727"},{"taxonomy":"post_tag","embeddable":true,"href":"https:\/\/analyse.optim.biz\/index.php?rest_route=%2Fwp%2Fv2%2Ftags&post=2126727"}],"curies":[{"name":"wp","href":"https:\/\/api.w.org\/{rel}","templated":true}]}}