{"id":2126726,"date":"2026-09-03T00:00:00","date_gmt":"2026-09-02T21:00:00","guid":{"rendered":"https:\/\/analyse.optim.biz\/?p=2126726"},"modified":"2026-09-03T00:00:00","modified_gmt":"2026-09-02T21:00:00","slug":"ungaria-le-va-oferi-in-continuare-azil-barbatilor-ucraineni-de-varsta-militara-contrar-deciziei-ue","status":"publish","type":"post","link":"https:\/\/analyse.optim.biz\/?p=2126726","title":{"rendered":"Ungaria le va oferi \u00een continuare azil b\u0103rba\u021bilor ucraineni de v\u00e2rst\u0103 militar\u0103, contrar deciziei UE"},"content":{"rendered":"<p>[analyse_image type=&#8221;featured&#8221; src=&#8221;https:\/\/agerpres.ro\/data\/202609\/20260903210024_874114.jpg&#8221;]<\/p>\n<div class=\"mx-auto pt-3\">\n<p><strong>Ungaria va continua s\u0103 le ofere \u00een mod automat azil b\u0103rba\u021bilor ucraineni de v\u00e2rst\u0103 militar\u0103 (25-60 de ani), de\u0219i \u021b\u0103rile Uniunii Europene au convenit \u00een iulie ca b\u0103rba\u021bii ucraineni ce pot fi mobiliza\u021bi \u00een armat\u0103 s\u0103 nu mai poat\u0103 ob\u021bine statutul de refugia\u021bi \u00een aceste \u021b\u0103ri, a anun\u021bat joi premierul ungar Peter Magyar, potrivit agen\u021biei EFE.<\/strong><\/p>\n<p>&#8221;Guvernul ungar a decis s\u0103-\u0219i rezerve dreptul de a oferi statutul (de refugia\u021bi) b\u0103rba\u021bilor de v\u00e2rst\u0103 militar\u0103 care fug din \u021bar\u0103&#8221;, a spus Peter Magyar \u00een fa\u021ba presei la Budapesta. El a precizat c\u0103 a luat aceast\u0103 decizie \u00eentruc\u00e2t exist\u0103 etnici maghiari care fug din regiunea ucrainean\u0103 Transcarpatia c\u0103tre Ungaria.<\/p>\n<p>Invoc\u00e2nd &#8221;nevoile de ap\u0103rare ale Ucrainei&#8221; \u00een r\u0103zboiul cu Rusia, \u021b\u0103rile UE au convenit \u00een iulie s\u0103 acorde drept de azil b\u0103rba\u021bilor ucraineni numai dac\u0103 ace\u0219tia \u0219i-au \u00eendeplinit obliga\u021biile militare \u00een \u021bara lor, dup\u0103 ce numero\u0219i b\u0103rba\u021bi au reu\u0219it s\u0103 p\u0103r\u0103seasc\u0103 Ucraina \u00een pofida interdic\u021biei de plecare din \u021bar\u0103 impus\u0103 \u00een cadrul m\u0103surilor privind mobilizarea obligatorie.<\/p>\n<p>Situa\u021bia comunit\u0103\u021bii maghiare din Ucraina, care num\u0103r\u0103 aproximativ 100.000 de persoane, majoritatea stabilite \u00een regiunea Transcarpatia, este de mul\u021bi ani o surs\u0103 de fric\u021biuni diplomatice \u00eentre cele dou\u0103 \u021b\u0103ri vecine, Budapesta acuz\u00e2nd Kievul c\u0103 nu respect\u0103 drepturile minorit\u0103\u021bilor etnice.<\/p>\n<p>\u00cen ciuda plec\u0103rii de la putere a fostului premier ungar Viktor Orban apropiat de Rusia \u0219i preluarea conducerii guvernului de c\u0103tre pro-europeanul Peter Magyar, situa\u021bia minorit\u0103\u021bii maghiare din Ucraina r\u0103m\u00e2ne o tem\u0103 conflictual\u0103 \u00een rela\u021biile dintre Ungaria \u0219i Ucraina.<\/p>\n<p>\u00cen acest sens, premierul Magyar a mai spus joi c\u0103, de\u0219i negocierile pentru aderarea Ucrainei la UE au fost deblocate \u00een iunie, Ungaria nu sus\u021bine deschiderea unor noi capitole de negociere, dat\u0103 fiind lipsa progreselor \u00een restabilirea drepturilor minorit\u0103\u021bii maghiare din Ucraina. AGERPRES\/(AS &#8211; redactor: Sorin Popescu, editor online: Gabriela Badea)\u00a0<\/p>\n<\/div>\n<div class=\"mx-auto pt-3\">\n                                Afisari: 196\n                            <\/div>\n<p>[analyse_source url=&#8221;https:\/\/agerpres.ro\/politic-extern\/2026\/09\/03\/ungaria-le-va-oferi-in-continuare-azil-barbatilor-ucraineni-de-varsta-militara-contrar-deciziei-ue&#8211;1590553&#8243;]<\/p>\n","protected":false},"excerpt":{"rendered":"<p>[analyse_image type=&#8221;featured&#8221; src=&#8221;https:\/\/agerpres.ro\/data\/202609\/20260903210024_874114.jpg&#8221;] Ungaria va continua s\u0103 le ofere \u00een mod automat azil b\u0103rba\u021bilor ucraineni de v\u00e2rst\u0103 militar\u0103 (25-60 de ani), de\u0219i \u021b\u0103rile Uniunii Europene au convenit \u00een iulie ca b\u0103rba\u021bii ucraineni ce pot fi mobiliza\u021bi \u00een armat\u0103 s\u0103 nu mai poat\u0103 ob\u021bine statutul de refugia\u021bi \u00een aceste \u021b\u0103ri, a anun\u021bat joi premierul ungar Peter [&hellip;]<\/p>\n","protected":false},"author":1,"featured_media":0,"comment_status":"open","ping_status":"","sticky":false,"template":"","format":"standard","meta":{"footnotes":""},"categories":[2],"tags":[37,226],"class_list":["post-2126726","post","type-post","status-publish","format-standard","hentry","category-politics","tag-agerpres-ro","tag-crawlmanager"],"_links":{"self":[{"href":"https:\/\/analyse.optim.biz\/index.php?rest_route=\/wp\/v2\/posts\/2126726","targetHints":{"allow":["GET"]}}],"collection":[{"href":"https:\/\/analyse.optim.biz\/index.php?rest_route=\/wp\/v2\/posts"}],"about":[{"href":"https:\/\/analyse.optim.biz\/index.php?rest_route=\/wp\/v2\/types\/post"}],"author":[{"embeddable":true,"href":"https:\/\/analyse.optim.biz\/index.php?rest_route=\/wp\/v2\/users\/1"}],"replies":[{"embeddable":true,"href":"https:\/\/analyse.optim.biz\/index.php?rest_route=%2Fwp%2Fv2%2Fcomments&post=2126726"}],"version-history":[{"count":0,"href":"https:\/\/analyse.optim.biz\/index.php?rest_route=\/wp\/v2\/posts\/2126726\/revisions"}],"wp:attachment":[{"href":"https:\/\/analyse.optim.biz\/index.php?rest_route=%2Fwp%2Fv2%2Fmedia&parent=2126726"}],"wp:term":[{"taxonomy":"category","embeddable":true,"href":"https:\/\/analyse.optim.biz\/index.php?rest_route=%2Fwp%2Fv2%2Fcategories&post=2126726"},{"taxonomy":"post_tag","embeddable":true,"href":"https:\/\/analyse.optim.biz\/index.php?rest_route=%2Fwp%2Fv2%2Ftags&post=2126726"}],"curies":[{"name":"wp","href":"https:\/\/api.w.org\/{rel}","templated":true}]}}