{"id":2126719,"date":"2026-09-03T15:36:11","date_gmt":"2026-09-03T12:36:11","guid":{"rendered":"https:\/\/analyse.optim.biz\/?p=2126719"},"modified":"2026-09-03T15:36:11","modified_gmt":"2026-09-03T12:36:11","slug":"aur-solicita-ccr-sa-publice-de-urgenta-deciziile-prin-care-sunt-desemnati-membrii-sai-in-conducerile-tvr","status":"publish","type":"post","link":"https:\/\/analyse.optim.biz\/?p=2126719","title":{"rendered":"AUR solicit\u0103 CCR s\u0103 publice de urgen\u0163\u0103 deciziile prin care sunt desemna\u021bi membrii s\u0103i \u00een conducerile TVR&#8230;"},"content":{"rendered":"<p>[analyse_image type=&#8221;featured&#8221; src=&#8221;https:\/\/s.iw.ro\/gateway\/g\/ZmlsZVNvdXJjZT1odHRwJTNBJTJGJTJG\/c3RvcmFnZTA4dHJhbnNjb2Rlci5yY3Mt\/cmRzLnJvJTJGc3RvcmFnZSUyRjIwMjYl\/MkYwOCUyRjMwJTJGMjkzMDMzOV8yOTMw\/MzM5X2F1ci1wYW5vdS1pbnF1YW0tZ2Vv\/cmdlLWNhbGluLmpwZyZ3PTEyMDAmaD02\/MzAmemM9MSZoYXNoPTlhMmI3NGI0NmExZjA5ZmYzNGZiNzI1NTI5OTJiNmFi.thumb.jpg&#8221;]<\/p>\n<div class=\"entry data-app-meta data-app-meta-article\" data-embed-base-url-canonical=\"https:\/\/www.digi24.ro\/embed\/stiri\/actualitate\/politica\/aur-solicita-ccr-sa-publice-de-urgenta-deciziile-prin-care-sunt-desemnati-membrii-sai-in-conducerile-tvr-si-radioului-public-3934049\">\n<p data-index=\"1\"><strong>Alian\u0163a pentru Unirea Rom\u00e2nilor (AUR) solicit\u0103 joi Cur\u0163ii Constitu\u0163ionale a Rom\u00e2niei (CCR) urgentarea redact\u0103rii \u015fi transmiterii spre publicare \u00een Monitorul Oficial a deciziilor pronun\u0163ate la 29 aprilie 2026 privind desemnarea membrilor Consiliilor de administra\u0163ie ale Societ\u0103\u0163ii Rom\u00e2ne de Televiziune \u015fi Societ\u0103\u0163ii Rom\u00e2ne de Radiodifuziune. AUR arat\u0103 c\u0103, de\u015fi CCR a admis sesiz\u0103rile AUR \u015fi a constatat neconstitu\u0163ionalitatea hot\u0103r\u00e2rilor Parlamentului, au trecut 127 de zile f\u0103r\u0103 ca deciziile s\u0103 fie redactate \u015fi publicate, iar persoane a c\u0103ror desemnare a fost constatat\u0103 ca fiind neconstitu\u0163ional\u0103 \u00ee\u015fi continu\u0103 mandatele.<\/strong><\/p>\n<p data-index=\"2\"><span data-contrast=\"auto\"><strong>ACTUALIZARE 20:54<\/strong> CCR a publicat, joi, <a href=\"https:\/\/www.digi24.ro\/stiri\/actualitate\/politica\/parlamentul-trebuie-sa-numeasca-noi-membri-in-ca-ale-tvr-si-radio-romania-ccr-a-publicat-motivarea-deciziilor-de-neconstitutionalitate-3934201\" data-skip-linkfix=\"1\">motivarea deciziilor<\/a> privind neconstitu\u0163ionalitatea Hot\u0103r\u00e2rilor Parlamentului cu privire la desemnarea membrilor CA ai SRTV (Televiziunea Rom\u00e2n\u0103, TVR) \u015fi SRR (Radio Rom\u00e2nia), \u00een care arat\u0103 c\u0103 deciziile Parlamentului sunt neconstitu\u0163ionale \u00een ceea ce prive\u015fte desemnarea candida\u0163ilor de c\u0103tre grupurile parlamentare reunite ale celor dou\u0103 Camere ale Parlamentului, fiind \u00eenc\u0103lcate dispozi\u0163iile din Constitu\u0163ie care prev\u0103d c\u0103 respectarea legilor este obligatorie, precum \u015fi cele referitoare la principiul statului de drept.<\/span><\/p>\n<p data-index=\"3\"><strong>\u0218tirea ini\u021bial\u0103:<\/strong><\/p>\n<p data-index=\"4\"><span data-contrast=\"auto\">\u201eGrupurile parlamentare AUR din Camera Deputa\u0163ilor \u015fi Senat au transmis solicitarea pre\u015fedintelui Cur\u0163ii Constitu\u0163ionale, Elena-Simina T\u0103n\u0103sescu, cer\u00e2nd finalizarea de \u00eendat\u0103 a redact\u0103rii, certific\u0103rii \u015fi transmiterii spre publicare \u00een Monitorul Oficial al Rom\u00e2niei, Partea I, a deciziilor pronun\u0163ate \u00een dosarele CCR nr. 5126L2\/2025 \u015fi nr. 5127L2\/2025\u201d, spune AUR \u00eentr-un comunicat citat de News.ro.<\/span><span data-ccp-props=\"{}\">\u00a0<\/span><\/p>\n<p data-index=\"5\"><span data-contrast=\"auto\">Forma\u0163iunea precizeaz\u0103 c\u0103, la 29 aprilie 2026, Curtea Constitu\u0163ional\u0103 a admis, cu majoritate de voturi, sesiz\u0103rile formulate de grupurile parlamentare AUR \u00eempotriva hot\u0103r\u00e2rilor Parlamentului privind desemnarea membrilor Consiliului de administra\u0163ie al Societ\u0103\u0163ii Rom\u00e2ne de Televiziune \u015fi privind desemnarea membrilor Consiliului de administra\u0163ie al Societ\u0103\u0163ii Rom\u00e2ne de Radiodifuziune.<\/span><span data-ccp-props=\"{}\">\u00a0<\/span><\/p>\n<p data-index=\"6\"><span data-contrast=\"auto\">\u201eCCR a constatat c\u0103 <a href=\"https:\/\/www.digi24.ro\/stiri\/actualitate\/politica\/numirea-membrilor-in-consiliile-de-administratie-ale-srtv-si-srr-declarata-neconstitutionala-de-ccr-3749895\" data-skip-linkfix=\"1\">ambele hot\u0103r\u00e2ri sunt neconstitu\u0163ionale<\/a> \u00een ceea ce prive\u015fte desemnarea candida\u0163ilor de c\u0103tre grupurile parlamentare reunite ale celor dou\u0103 Camere. Potrivit comunicatelor Cur\u0163ii, cele opt locuri alocate grupurilor parlamentare \u00een consiliile de administra\u0163ie ale celor dou\u0103 societ\u0103\u0163i publice trebuiau ocupate de candida\u0163ii propu\u015fi potrivit configura\u0163iei politice \u015fi ponderii grupurilor parlamentare \u00een Parlament. \u00cen lipsa public\u0103rii, efectele unor hot\u0103r\u00e2ri a c\u0103ror neconstitu\u0163ionalitate a fost deja constatat\u0103 continu\u0103\u201d, men\u0163ioneaz\u0103 AUR.<\/span><span data-ccp-props=\"{}\">\u00a0<\/span><\/p>\n<p data-index=\"7\"><span data-contrast=\"auto\">AUR mai spune c\u0103 au trecut 127 de zile calendaristice de la pronun\u0163area solu\u0163iilor.\u201e<\/span><span data-ccp-props=\"{}\">\u00a0<\/span><\/p>\n<p data-index=\"8\"><span data-contrast=\"auto\">\u201eTermenul de redactare a deciziilor Cur\u0163ii este de cel mult 30 de zile de la pronun\u0163are. \u00cen aceste dou\u0103 cazuri, termenul s-a \u00eemplinit la 29 mai 2026 \u015fi este dep\u0103\u015fit cu 97 de zile. \u00cent\u00e2rzierea men\u0163ine consecin\u0163ele \u00eenc\u0103lc\u0103rii dreptului grupurilor parlamentare de a fi reprezentate \u00een consiliile de administra\u0163ie ale celor dou\u0103 servicii publice \u00een conformitate cu ponderea lor parlamentar\u0103\u201d, subliniaz\u0103 AUR \u00een comunicat.\u00a0<\/span><span data-ccp-props=\"{}\">\u00a0<\/span><\/p>\n<p data-index=\"9\"><span data-contrast=\"auto\">AUR solicit\u0103 Cur\u0163ii Constitu\u0163ionale finalizarea de \u00eendat\u0103 a redact\u0103rii deciziilor privind conducerile TVR \u015fi Radioului Public, transmiterea acestora spre publicare \u00een Monitorul Oficial al Rom\u00e2niei, Partea I, precum \u015fi comunicarea c\u0103tre grupurile parlamentare AUR a stadiului redact\u0103rii \u015fi a datei estimate pentru transmiterea spre publicare.<\/span><span data-ccp-props=\"{}\">\u00a0<\/span><\/p>\n<p data-index=\"10\"><span data-contrast=\"auto\">Termenele prev\u0103zute de lege \u015fi punerea \u00een aplicare, f\u0103r\u0103 alte \u00eent\u00e2rzieri, a solu\u0163iilor deja pronun\u0163ate de Curtea Constitu\u0163ional\u0103 trebuie respectate, mai afirm\u0103 AUR.<\/span><span data-ccp-props=\"{}\">\u00a0<\/span><\/p>\n<p> Editor : <a href=\"https:\/\/www.digi24.ro\/autor\/alexandru-costea\"> A.C. <\/a><\/p>\n<\/div>\n<p>[analyse_source url=&#8221;https:\/\/www.digi24.ro\/stiri\/actualitate\/politica\/aur-solicita-ccr-sa-publice-de-urgenta-deciziile-prin-care-sunt-desemnati-membrii-sai-in-conducerile-tvr-si-radioului-public-3934049&#8243;]<\/p>\n","protected":false},"excerpt":{"rendered":"<p>[analyse_image type=&#8221;featured&#8221; src=&#8221;https:\/\/s.iw.ro\/gateway\/g\/ZmlsZVNvdXJjZT1odHRwJTNBJTJGJTJG\/c3RvcmFnZTA4dHJhbnNjb2Rlci5yY3Mt\/cmRzLnJvJTJGc3RvcmFnZSUyRjIwMjYl\/MkYwOCUyRjMwJTJGMjkzMDMzOV8yOTMw\/MzM5X2F1ci1wYW5vdS1pbnF1YW0tZ2Vv\/cmdlLWNhbGluLmpwZyZ3PTEyMDAmaD02\/MzAmemM9MSZoYXNoPTlhMmI3NGI0NmExZjA5ZmYzNGZiNzI1NTI5OTJiNmFi.thumb.jpg&#8221;] Alian\u0163a pentru Unirea Rom\u00e2nilor (AUR) solicit\u0103 joi Cur\u0163ii Constitu\u0163ionale a Rom\u00e2niei (CCR) urgentarea redact\u0103rii \u015fi transmiterii spre publicare \u00een Monitorul Oficial a deciziilor pronun\u0163ate la 29 aprilie 2026 privind desemnarea membrilor Consiliilor de administra\u0163ie ale Societ\u0103\u0163ii Rom\u00e2ne de Televiziune \u015fi Societ\u0103\u0163ii Rom\u00e2ne de Radiodifuziune. AUR arat\u0103 c\u0103, de\u015fi CCR a admis sesiz\u0103rile [&hellip;]<\/p>\n","protected":false},"author":1,"featured_media":0,"comment_status":"open","ping_status":"","sticky":false,"template":"","format":"standard","meta":{"footnotes":""},"categories":[89],"tags":[226,11],"class_list":["post-2126719","post","type-post","status-publish","format-standard","hentry","category-romania","tag-crawlmanager","tag-digi24"],"_links":{"self":[{"href":"https:\/\/analyse.optim.biz\/index.php?rest_route=\/wp\/v2\/posts\/2126719","targetHints":{"allow":["GET"]}}],"collection":[{"href":"https:\/\/analyse.optim.biz\/index.php?rest_route=\/wp\/v2\/posts"}],"about":[{"href":"https:\/\/analyse.optim.biz\/index.php?rest_route=\/wp\/v2\/types\/post"}],"author":[{"embeddable":true,"href":"https:\/\/analyse.optim.biz\/index.php?rest_route=\/wp\/v2\/users\/1"}],"replies":[{"embeddable":true,"href":"https:\/\/analyse.optim.biz\/index.php?rest_route=%2Fwp%2Fv2%2Fcomments&post=2126719"}],"version-history":[{"count":0,"href":"https:\/\/analyse.optim.biz\/index.php?rest_route=\/wp\/v2\/posts\/2126719\/revisions"}],"wp:attachment":[{"href":"https:\/\/analyse.optim.biz\/index.php?rest_route=%2Fwp%2Fv2%2Fmedia&parent=2126719"}],"wp:term":[{"taxonomy":"category","embeddable":true,"href":"https:\/\/analyse.optim.biz\/index.php?rest_route=%2Fwp%2Fv2%2Fcategories&post=2126719"},{"taxonomy":"post_tag","embeddable":true,"href":"https:\/\/analyse.optim.biz\/index.php?rest_route=%2Fwp%2Fv2%2Ftags&post=2126719"}],"curies":[{"name":"wp","href":"https:\/\/api.w.org\/{rel}","templated":true}]}}