{"id":2126696,"date":"2026-09-03T14:58:11","date_gmt":"2026-09-03T11:58:11","guid":{"rendered":"https:\/\/analyse.optim.biz\/?p=2126696"},"modified":"2026-09-03T14:58:11","modified_gmt":"2026-09-03T11:58:11","slug":"claudiu-manda-romania-nu-trebuie-sa-plateasca-pentru-functia-niciunui-om-din-usr","status":"publish","type":"post","link":"https:\/\/analyse.optim.biz\/?p=2126696","title":{"rendered":"Claudiu Manda: Rom\u00e2nia nu trebuie s\u0103 pl\u0103teasc\u0103 pentru func\u0163ia niciunui om din USR"},"content":{"rendered":"<p>[analyse_image type=&#8221;featured&#8221; src=&#8221;https:\/\/s.iw.ro\/gateway\/g\/ZmlsZVNvdXJjZT1odHRwJTNBJTJGJTJG\/c3RvcmFnZTA4dHJhbnNjb2Rlci5yY3Mt\/cmRzLnJvJTJGc3RvcmFnZSUyRjIwMjUl\/MkYxMSUyRjA3JTJGMjQzMTYxOV8yNDMx\/NjE5X0lEMzI0MjI2X0lOUVVBTV9QaG90\/b3NfT2N0YXZfR2FuZWEuanBnJnc9MTIw\/MCZoPTYzMCZ6Yz0xJmhhc2g9NjdhMmUz\/YTVjOWQ3YTBjMDFmOThjMjIwNDc1YTY1ODU=.thumb.jpg&#8221;]<\/p>\n<div class=\"entry data-app-meta data-app-meta-article\" data-embed-base-url-canonical=\"https:\/\/www.digi24.ro\/embed\/stiri\/actualitate\/politica\/claudiu-manda-romania-nu-trebuie-sa-plateasca-pentru-functia-niciunui-om-din-usr-3933985\">\n<p data-index=\"1\"><strong>Secretarul general al PSD, Claudiu Manda, a declarat joi c\u0103 Rom\u00e2nia nu este \u201escutul\u201d USR \u015fi nu trebuie s\u0103 pl\u0103teasc\u0103 pentru func\u0163ia niciunui om din USR.\u00a0<\/strong><\/p>\n<p data-index=\"2\"><span data-contrast=\"auto\">\u201ePentru ai lor niciun pre\u0163 nu pare prea mare c\u00e2t timp \u00eel pl\u0103te\u015fte altcineva. Dar una este s\u0103-\u0163i calci \u00een picioare principiile ca s\u0103-\u0163i salvezi pre\u015fedintele \u015fi alta este s\u0103 fii dispus s\u0103 pui Rom\u00e2nia la plat\u0103 pentru asta. (&#8230;) Ast\u0103zi, \u00een goana dup\u0103 func\u0163ii \u015fi privilegii, calc\u0103 \u00een picioare exact principiile \u00een numele c\u0103rora \u00eei judecau pe ceilal\u0163i. \u015ei sunt gata s\u0103 mearg\u0103 \u015fi mai departe: s\u0103 pun\u0103 \u00een joc interesul Rom\u00e2niei pentru a salva func\u0163ia unui singur om. Asta nu mai este doar ipocrizie politic\u0103. Este o tr\u0103dare a rom\u00e2nilor\u201d, a scris Manda pe Facebook.<\/span><\/p>\n<p data-index=\"3\"><b><span data-contrast=\"auto\">Cite\u0219te \u0219i: <a href=\"https:\/\/www.digi24.ro\/stiri\/economie\/guvernul-face-demersuri-pentru-incasarea-integrala-a-celor-770-de-milioane-de-euro-din-pnrr-ce-spune-despre-legea-ani-3933807\" data-skip-linkfix=\"1\">Guvernul anun\u021b\u0103 c\u0103 face demersuri pentru \u00eencasarea integral\u0103 a celor 770 de milioane de euro din PNRR. Ce spune despre legea ANI<\/a><\/span><\/b><a href=\"https:\/\/www.digi24.ro\/stiri\/economie\/guvernul-face-demersuri-pentru-incasarea-integrala-a-celor-770-de-milioane-de-euro-din-pnrr-ce-spune-despre-legea-ani-3933807\" data-skip-linkfix=\"1\"><span data-ccp-props=\"{}\">\u00a0<\/span><\/a><\/p>\n<p data-index=\"4\"><span data-contrast=\"auto\">El a ad\u0103ugat c\u0103 cei de la USR ar trebui s\u0103 \u00eenceteze s\u0103 cread\u0103 c\u0103 Rom\u00e2nia \u201eeste o colonie pe care o conduc ei\u201d prin oamenii lor de afar\u0103.<\/span><span data-ccp-props=\"{}\">\u00a0<\/span><\/p>\n<p data-index=\"5\"><span data-contrast=\"auto\">\u201ePoate c\u0103 ar trebui s\u0103-\u015fi aminteasc\u0103 \u015fi rezultatul ultimelor alegeri parlamentare: 12%. Votul celor care au ales USR trebuie respectat. La fel \u015fi votul celor care au ales altceva.\u00a0(&#8230;) Rom\u00e2nia nu este scutul USR. \u015ei Rom\u00e2nia nu trebuie s\u0103 pl\u0103teasc\u0103 pentru func\u0163ia niciunui om din USR. PSD a luat decizia corect\u0103 atunci c\u00e2nd s-a desp\u0103r\u0163it de USR. \u015ei, cu fiecare asemenea gest, devine tot mai limpede c\u0103 nu ne desparte doar o decizie politic\u0103. Ne desparte felul \u00een care \u00een\u0163elegem responsabilitatea fa\u0163\u0103 de Rom\u00e2nia\u201d, a ad\u0103ugat acesta.<\/span><span data-ccp-props=\"{}\">\u00a0<\/span><\/p>\n<p data-index=\"6\"><span data-contrast=\"auto\">PSD acuz\u0103 USR c\u0103 <a href=\"https:\/\/www.digi24.ro\/stiri\/actualitate\/politica\/psd-acuza-usr-ca-vrea-sanctiuni-pentru-romania-la-bruxelles-incearca-sa-l-salveze-pe-condamnatul-fritz-3933687\" data-skip-linkfix=\"1\">\u00eencearc\u0103 s\u0103 determine institu\u021biile europene s\u0103 intervin\u0103 \u00een cazul lui Dominic Fritz<\/a> \u0219i sus\u021bine c\u0103 partidul ar urm\u0103ri astfel s\u0103 evite aplicarea unor sanc\u021biuni \u00een cazul conflictului de interese. Social-democra\u021bii afirm\u0103 c\u0103 demersurile USR la nivel european reprezint\u0103 \u201eun act iresponsabil de tr\u0103dare na\u021bional\u0103\u201d.<\/span><span data-ccp-props=\"{}\">\u00a0<\/span><\/p>\n<p data-index=\"7\">Purt\u0103torul de cuv\u00e2nt al USR, Christian Seidler, a declarat, <a href=\"https:\/\/www.digi24.ro\/stiri\/actualitate\/politica\/un-ghem-de-minciuni-reactia-usr-dupa-acuzatia-psd-ca-renew-a-cerut-sanctionarea-romaniei-la-nivelul-comisiei-europene-3933879\" data-skip-linkfix=\"1\">pentru Digi24<\/a>, c\u0103 de fapt grupul Verzilor este cel care a f\u0103cut solicitarea respectiv\u0103.\u00a0<\/p>\n<p data-index=\"8\"><b><span data-contrast=\"auto\">Cite\u0219te \u0219i: <a href=\"https:\/\/www.digi24.ro\/stiri\/actualitate\/politica\/victor-negrescu-atac-la-usr-pentru-ca-a-cerut-la-bruxelles-sanctionarea-propriei-tari-3933569\" data-skip-linkfix=\"1\">Victor Negrescu, atac la USR pentru c\u0103 a cerut la Bruxelles \u201esanc\u021bionarea propriei \u021b\u0103ri\u201d<\/a><\/span><\/b><a href=\"https:\/\/www.digi24.ro\/stiri\/actualitate\/politica\/victor-negrescu-atac-la-usr-pentru-ca-a-cerut-la-bruxelles-sanctionarea-propriei-tari-3933569\" data-skip-linkfix=\"1\"><span data-ccp-props=\"{}\">\u00a0<\/span><\/a><\/p>\n<p> Editor : <a href=\"https:\/\/www.digi24.ro\/autor\/alexandru-costea\"> A.C. <\/a><\/p>\n<\/div>\n<p>[analyse_source url=&#8221;https:\/\/www.digi24.ro\/stiri\/actualitate\/politica\/claudiu-manda-romania-nu-trebuie-sa-plateasca-pentru-functia-niciunui-om-din-usr-3933985&#8243;]<\/p>\n","protected":false},"excerpt":{"rendered":"<p>[analyse_image type=&#8221;featured&#8221; src=&#8221;https:\/\/s.iw.ro\/gateway\/g\/ZmlsZVNvdXJjZT1odHRwJTNBJTJGJTJG\/c3RvcmFnZTA4dHJhbnNjb2Rlci5yY3Mt\/cmRzLnJvJTJGc3RvcmFnZSUyRjIwMjUl\/MkYxMSUyRjA3JTJGMjQzMTYxOV8yNDMx\/NjE5X0lEMzI0MjI2X0lOUVVBTV9QaG90\/b3NfT2N0YXZfR2FuZWEuanBnJnc9MTIw\/MCZoPTYzMCZ6Yz0xJmhhc2g9NjdhMmUz\/YTVjOWQ3YTBjMDFmOThjMjIwNDc1YTY1ODU=.thumb.jpg&#8221;] Secretarul general al PSD, Claudiu Manda, a declarat joi c\u0103 Rom\u00e2nia nu este \u201escutul\u201d USR \u015fi nu trebuie s\u0103 pl\u0103teasc\u0103 pentru func\u0163ia niciunui om din USR.\u00a0 \u201ePentru ai lor niciun pre\u0163 nu pare prea mare c\u00e2t timp \u00eel pl\u0103te\u015fte altcineva. Dar una este s\u0103-\u0163i calci \u00een picioare principiile ca s\u0103-\u0163i salvezi pre\u015fedintele [&hellip;]<\/p>\n","protected":false},"author":1,"featured_media":0,"comment_status":"open","ping_status":"","sticky":false,"template":"","format":"standard","meta":{"footnotes":""},"categories":[89],"tags":[226,11],"class_list":["post-2126696","post","type-post","status-publish","format-standard","hentry","category-romania","tag-crawlmanager","tag-digi24"],"_links":{"self":[{"href":"https:\/\/analyse.optim.biz\/index.php?rest_route=\/wp\/v2\/posts\/2126696","targetHints":{"allow":["GET"]}}],"collection":[{"href":"https:\/\/analyse.optim.biz\/index.php?rest_route=\/wp\/v2\/posts"}],"about":[{"href":"https:\/\/analyse.optim.biz\/index.php?rest_route=\/wp\/v2\/types\/post"}],"author":[{"embeddable":true,"href":"https:\/\/analyse.optim.biz\/index.php?rest_route=\/wp\/v2\/users\/1"}],"replies":[{"embeddable":true,"href":"https:\/\/analyse.optim.biz\/index.php?rest_route=%2Fwp%2Fv2%2Fcomments&post=2126696"}],"version-history":[{"count":0,"href":"https:\/\/analyse.optim.biz\/index.php?rest_route=\/wp\/v2\/posts\/2126696\/revisions"}],"wp:attachment":[{"href":"https:\/\/analyse.optim.biz\/index.php?rest_route=%2Fwp%2Fv2%2Fmedia&parent=2126696"}],"wp:term":[{"taxonomy":"category","embeddable":true,"href":"https:\/\/analyse.optim.biz\/index.php?rest_route=%2Fwp%2Fv2%2Fcategories&post=2126696"},{"taxonomy":"post_tag","embeddable":true,"href":"https:\/\/analyse.optim.biz\/index.php?rest_route=%2Fwp%2Fv2%2Ftags&post=2126696"}],"curies":[{"name":"wp","href":"https:\/\/api.w.org\/{rel}","templated":true}]}}