{"id":2126682,"date":"2026-09-03T00:00:00","date_gmt":"2026-09-02T21:00:00","guid":{"rendered":""},"modified":"2026-09-03T00:00:00","modified_gmt":"2026-09-02T21:00:00","slug":"ministrul-israelian-ben-gvir-prezinta-un-plan-de-golire-a-fasiei-gaza-de-populatia-palestiniana","status":"publish","type":"post","link":"https:\/\/analyse.optim.biz\/?p=2126682","title":{"rendered":"Ministrul israelian Ben Gvir prezint\u0103 un plan de golire a F\u00e2\u0219iei Gaza de popula\u021bia palestinian\u0103"},"content":{"rendered":"<p>[analyse_image type=&#8221;featured&#8221; src=&#8221;https:\/\/agerpres.ro\/data\/202609\/20260903194636_539210.jpg&#8221;]<\/p>\n<div class=\"mx-auto pt-3\">\n<p><strong>Ministrul israelian de extrem\u0103-dreapta al securit\u0103\u021bii na\u021bionale, Itamar Ben-Gvir, a prezentat joi un plan de golire a F\u00e2\u0219iei Gaza de popula\u021bia palestinian\u0103, care ar urma s\u0103 fie trimis\u0103 \u00een alte \u021b\u0103ri, o propunere care vine \u00eenaintea alegerilor legislative ce vor avea loc \u00een Israel \u00een octombrie, relateaz\u0103 AFP.<\/strong><\/p>\n<p>Planul prezentat stabile\u0219te ca obiectiv plecarea a circa 250.000 de palestinieni din F\u00e2\u0219ia Gaza \u00een decurs de un an, \u00een prima etap\u0103, apoi plecarea \u0219i a celorlal\u021bi aproximativ dou\u0103 milioane de locuitori din teritoriul devastat de r\u0103zboiul dintre Israel \u0219i gruparea Hamas.<\/p>\n<p>&#8221;Este realist&#8221;, a sus\u021binut respectivul ministru, ale c\u0103rui declara\u021bii sunt condamnate cu regularitate \u00een str\u0103in\u0103tate. El a spus de asemenea c\u0103 mai multe \u021b\u0103ri sunt &#8221;preg\u0103tite&#8221; s\u0103-i primeasc\u0103 pe locuitorii palestinieni din F\u00e2\u0219ia Gaza, f\u0103r\u0103 a le preciza.<\/p>\n<p>Ministrul Itamar Ben Gvir a \u00eendemnat recent la noi ucideri ale palestinienilor \u00een F\u00e2\u0219ia Gaza. &#8221;Cred c\u0103 elimin\u0103ri \u021bintite ar trebuie f\u0103cute \u00een fiecare noapte \u00een Gaza. Elimina\u021bi 30 sau 40 dintre ei&#8221;, a spus el \u00eentr-un podcast cu un fost ostatic din F\u00e2\u0219ia Gaza.<\/p>\n<p>&#8221;Nu doar pe aceia care v\u0103 pun \u00een pericol chiar \u00een acest moment. Ace\u0219tia sunt oameni care nu ar trebui s\u0103 fie \u00een via\u021b\u0103&#8221;, a continuat el. &#8221;Le fac un compliment calific\u00e2ndu-i drept fiin\u021be umane&#8221;, a mai spus ministrul israelian, care a anun\u021bat \u00een urm\u0103 cu dou\u0103 s\u0103pt\u0103m\u00e2ni \u00eenceperea construc\u021biei unui &#8221;centru de sp\u00e2nzurare&#8221; pentru palestinienii condamna\u021bi la moarte.<\/p>\n<p>\u00cen luna mai, dup\u0103 interceptarea de c\u0103tre Israel a Flotilei pentru Gaza, ministrul Itamar Ben Gvir a publicat un videoclip \u00een care membrii flotilei sunt v\u0103zu\u021bi \u00een portul Ashdod \u00eengenunchea\u021bi cu fa\u021ba \u00een jos, \u00eenc\u0103tu\u0219a\u021bi cu m\u00e2inile la spate \u0219i \u00eenghesui\u021bi \u00eentr-un spa\u021biu \u00eengust. &#8221;Bun venit \u00een Israel!&#8221;, spune el \u00een videoclip, z\u00e2mbind \u00een timp ce flutur\u0103 un drapel israelian, iar dintr-un difuzor se aude imnul Israelului. AGERPRES\/(AS &#8211; redactor: Sorin Popescu, editor online: Gabriela Badea)\u00a0<\/p>\n<\/div>\n<div class=\"mx-auto pt-3\">\n                                Afisari: 276\n                            <\/div>\n<p>[analyse_source url=&#8221;https:\/\/agerpres.ro\/politic-extern\/2026\/09\/03\/ministrul-israelian-ben-gvir-prezinta-un-plan-de-golire-a-fasiei-gaza-de-populatia-palestiniana&#8211;1590537&#8243;]<\/p>\n","protected":false},"excerpt":{"rendered":"<p>[analyse_image type=&#8221;featured&#8221; src=&#8221;https:\/\/agerpres.ro\/data\/202609\/20260903194636_539210.jpg&#8221;] Ministrul israelian de extrem\u0103-dreapta al securit\u0103\u021bii na\u021bionale, Itamar Ben-Gvir, a prezentat joi un plan de golire a F\u00e2\u0219iei Gaza de popula\u021bia palestinian\u0103, care ar urma s\u0103 fie trimis\u0103 \u00een alte \u021b\u0103ri, o propunere care vine \u00eenaintea alegerilor legislative ce vor avea loc \u00een Israel \u00een octombrie, relateaz\u0103 AFP. Planul prezentat stabile\u0219te ca [&hellip;]<\/p>\n","protected":false},"author":1,"featured_media":0,"comment_status":"open","ping_status":"","sticky":false,"template":"","format":"standard","meta":{"footnotes":""},"categories":[2],"tags":[],"class_list":["post-2126682","post","type-post","status-publish","format-standard","hentry","category-politics"],"_links":{"self":[{"href":"https:\/\/analyse.optim.biz\/index.php?rest_route=\/wp\/v2\/posts\/2126682","targetHints":{"allow":["GET"]}}],"collection":[{"href":"https:\/\/analyse.optim.biz\/index.php?rest_route=\/wp\/v2\/posts"}],"about":[{"href":"https:\/\/analyse.optim.biz\/index.php?rest_route=\/wp\/v2\/types\/post"}],"author":[{"embeddable":true,"href":"https:\/\/analyse.optim.biz\/index.php?rest_route=\/wp\/v2\/users\/1"}],"replies":[{"embeddable":true,"href":"https:\/\/analyse.optim.biz\/index.php?rest_route=%2Fwp%2Fv2%2Fcomments&post=2126682"}],"version-history":[{"count":0,"href":"https:\/\/analyse.optim.biz\/index.php?rest_route=\/wp\/v2\/posts\/2126682\/revisions"}],"wp:attachment":[{"href":"https:\/\/analyse.optim.biz\/index.php?rest_route=%2Fwp%2Fv2%2Fmedia&parent=2126682"}],"wp:term":[{"taxonomy":"category","embeddable":true,"href":"https:\/\/analyse.optim.biz\/index.php?rest_route=%2Fwp%2Fv2%2Fcategories&post=2126682"},{"taxonomy":"post_tag","embeddable":true,"href":"https:\/\/analyse.optim.biz\/index.php?rest_route=%2Fwp%2Fv2%2Ftags&post=2126682"}],"curies":[{"name":"wp","href":"https:\/\/api.w.org\/{rel}","templated":true}]}}