{"id":2126679,"date":"2026-09-03T00:00:00","date_gmt":"2026-09-02T21:00:00","guid":{"rendered":"https:\/\/analyse.optim.biz\/?p=2126679"},"modified":"2026-09-03T00:00:00","modified_gmt":"2026-09-02T21:00:00","slug":"oana-toiu-intrevedere-cu-ministrul-de-externe-britanic-pe-agenda-comunitatea-romana-din-uk-si-colaborarea-in-domeniul-apararii","status":"publish","type":"post","link":"https:\/\/analyse.optim.biz\/?p=2126679","title":{"rendered":"Oana \u021aoiu &#8211; \u00eentrevedere cu ministrul de Externe britanic; pe agend\u0103 &#8211; comunitatea rom\u00e2n\u0103 din UK \u0219i colaborarea \u00een domeniul ap\u0103r\u0103rii"},"content":{"rendered":"<p>[analyse_image type=&#8221;featured&#8221; src=&#8221;https:\/\/agerpres.ro\/data\/202609\/20260903224649_403639.jpg&#8221;]<\/p>\n<div class=\"mx-auto pt-3\">\n<p><strong>Ministrul interimar al Afacerilor Externe, Oana \u021aoiu, a avut, joi, la Londra, o \u00eentrevedere bilateral\u0103 cu ministrul britanic al Afacerilor Externe, Ed Miliband, context \u00een care au discutat inclusiv despre diaspora rom\u00e2n\u0103 din Regatul Unit, dar \u0219i despre cooperarea bilateral\u0103 \u00een domeniul ap\u0103r\u0103rii, transmite MAE.<\/strong><\/p>\n<p>Potrivit sursei citate, agenda \u00eent\u00e2lnirii a avut patru priorit\u0103\u021bi: diaspora rom\u00e2n\u0103 din Regatul Unit al Marii Britanii \u0219i al Irlandei de Nord, cooperarea economic\u0103, securitatea \u0219i colabor\u0103rile \u00een domeniul educa\u021bional \u0219i cultural.<\/p>\n<p>Oana \u021aoiu a mul\u021bumit Regatului Unit al Marii Britanii \u0219i al Irlandei de Nord pentru solidaritatea manifestat\u0103 fa\u021b\u0103 de Rom\u00e2nia, pentru misiunea de poli\u021bie aerian\u0103 \u00eent\u0103rit\u0103 desf\u0103\u0219urat\u0103 de For\u021bele Aeriene Regale pe teritoriul rom\u00e2nesc \u00een perioada martie-iulie. Cei doi oficiali au discutat despre securitatea comer\u021bului la Marea Negr\u0103 \u0219i de rolul Portului Constan\u021ba, implicit de expertiza britanic\u0103 \u00een acest domeniu \u0219i \u00een protec\u021bia infrastructurii critice maritime.<\/p>\n<p>Ea a punctat \u0219i valorificarea contribu\u021biei remarcabile la consolidarea rela\u021biei bilaterale a celor peste un milion de cet\u0103\u021beni rom\u00e2ni din Regatul Unit, iar agenda a cuprins discu\u021bii despre \u0219colile britanice care g\u0103zduiesc cursul de Limb\u0103, cultur\u0103 \u0219i civiliza\u021bie rom\u00e2neasc\u0103 \u0219i activitatea lectoratelor de limba rom\u00e2n\u0103 de la Universit\u0103\u021bile Oxford \u0219i Cambridge, precum \u0219i activitatea British Council \u00een Rom\u00e2nia, al\u0103turarea Regatului Unit al Marii Britanii \u0219i al Irlandei de Nord la programul Erasmus+ \u0219i discu\u021biile pentru schemele de mobilitate a tinerilor \u0219i a profesorilor, precum \u0219i o mai facil\u0103 recunoa\u0219tere reciproc\u0103 a diplomelor \u0219i a calific\u0103rilor.<\/p>\n<p>Cei doi oficiali au evaluat stadiul actual, cu peste 10 miliarde de euro \u00een schimburi comerciale, \u0219i domeniile cheie de cre\u0219tere. Regatul Unit ocup\u0103 locul 11 \u00een topul investitorilor str\u0103ini direc\u021bi \u00een Rom\u00e2nia, cu peste 7.000 de societ\u0103\u021bi comerciale cu capital britanic \u00eenregistrate \u00een \u021bara noastr\u0103 \u0219i locuri de munc\u0103 sus\u021binute \u00eempreun\u0103 \u0219i prin accesul la Pia\u021ba Unic\u0103, iar antreprenorii rom\u00e2ni au un interes \u00een cre\u0219tere pentru spa\u021biul britanic.<\/p>\n<p>Oana \u021aoiu a eviden\u021biat sectoarele cu poten\u021bial de cre\u0219tere cum ar fi tehnologiile avansate, serviciile financiare \u0219i sectorul agroalimentar, \u00een cazul acestuia din urm\u0103 exporturile rom\u00e2ne\u0219ti pe pia\u021ba britanic\u0103 \u00eenregistr\u00e2nd o cre\u0219tere semnificativ\u0103 anul trecut.<\/p>\n<p>Cei doi mini\u0219tri au discutat despre aderarea Rom\u00e2niei la OCDE, un proces \u00een care Rom\u00e2nia a finalizat \u00een ultimul an toate criteriile tehnice pentru aderare, \u0219i se bazeaz\u0103 pe parteneriatul cu UK \u0219i \u00een acest proces, \u00een special dat fiind impactul pozitiv asupra investi\u021biilor comune. De asemenea, au discutat, \u00een perspectiva viitorului Summit Uniunea European\u0103-Regatul Unit, pentru aprofundarea cooper\u0103rii \u00een domeniile politicii externe \u0219i securit\u0103\u021bii \u0219i ap\u0103r\u0103rii.<\/p>\n<p>Istoria colabor\u0103rii diplomatice dintre Rom\u00e2nia \u0219i Regatul Unit al Marii Britanii \u0219i al Irlandei de Nord este \u0219i parte din Festivalul de Arhitectur\u0103 din Londra. \u00cen perioada 18 &#8211; 20 septembrie, \u00een cadrul acestui eveniment, Rom\u00e2nia deschide vizitatorilor sediul \u00een care a fost Ambasada Rom\u00e2niei \u00een Londra, actualul sediu al Institutului Cultural Roman (ICR), arat\u0103 MAE. AGERPRES\/(AS &#8211; redactor: Oana Ghi\u021b\u0103, editor: Anamaria Constantin, editor online: Alexandru Cojocaru)<\/p>\n<p>Sursa foto:\u00a0<a href=\"https:\/\/www.facebook.com\/photo\/?fbid=1505949118239060&amp;set=a.248582210642430\" target=\"_blank\">Ministerul Afacerilor Externe\/<\/a>facebook<\/p>\n<\/div>\n<div class=\"mx-auto pt-3\">\n                                Afisari: 1\n                            <\/div>\n<p>[analyse_source url=&#8221;https:\/\/agerpres.ro\/politic\/2026\/09\/03\/oana-toiu&#8212;intrevedere-cu-ministrul-de-externe-britanic-pe-agenda&#8212;comunitatea-romana-din-uk-si-co&#8211;1590574&#8243;]<\/p>\n","protected":false},"excerpt":{"rendered":"<p>[analyse_image type=&#8221;featured&#8221; src=&#8221;https:\/\/agerpres.ro\/data\/202609\/20260903224649_403639.jpg&#8221;] Ministrul interimar al Afacerilor Externe, Oana \u021aoiu, a avut, joi, la Londra, o \u00eentrevedere bilateral\u0103 cu ministrul britanic al Afacerilor Externe, Ed Miliband, context \u00een care au discutat inclusiv despre diaspora rom\u00e2n\u0103 din Regatul Unit, dar \u0219i despre cooperarea bilateral\u0103 \u00een domeniul ap\u0103r\u0103rii, transmite MAE. Potrivit sursei citate, agenda \u00eent\u00e2lnirii a avut [&hellip;]<\/p>\n","protected":false},"author":1,"featured_media":0,"comment_status":"open","ping_status":"","sticky":false,"template":"","format":"standard","meta":{"footnotes":""},"categories":[2],"tags":[37],"class_list":["post-2126679","post","type-post","status-publish","format-standard","hentry","category-politics","tag-agerpres-ro"],"_links":{"self":[{"href":"https:\/\/analyse.optim.biz\/index.php?rest_route=\/wp\/v2\/posts\/2126679","targetHints":{"allow":["GET"]}}],"collection":[{"href":"https:\/\/analyse.optim.biz\/index.php?rest_route=\/wp\/v2\/posts"}],"about":[{"href":"https:\/\/analyse.optim.biz\/index.php?rest_route=\/wp\/v2\/types\/post"}],"author":[{"embeddable":true,"href":"https:\/\/analyse.optim.biz\/index.php?rest_route=\/wp\/v2\/users\/1"}],"replies":[{"embeddable":true,"href":"https:\/\/analyse.optim.biz\/index.php?rest_route=%2Fwp%2Fv2%2Fcomments&post=2126679"}],"version-history":[{"count":0,"href":"https:\/\/analyse.optim.biz\/index.php?rest_route=\/wp\/v2\/posts\/2126679\/revisions"}],"wp:attachment":[{"href":"https:\/\/analyse.optim.biz\/index.php?rest_route=%2Fwp%2Fv2%2Fmedia&parent=2126679"}],"wp:term":[{"taxonomy":"category","embeddable":true,"href":"https:\/\/analyse.optim.biz\/index.php?rest_route=%2Fwp%2Fv2%2Fcategories&post=2126679"},{"taxonomy":"post_tag","embeddable":true,"href":"https:\/\/analyse.optim.biz\/index.php?rest_route=%2Fwp%2Fv2%2Ftags&post=2126679"}],"curies":[{"name":"wp","href":"https:\/\/api.w.org\/{rel}","templated":true}]}}