{"id":2126661,"date":"2026-09-03T14:00:41","date_gmt":"2026-09-03T11:00:41","guid":{"rendered":"https:\/\/analyse.optim.biz\/?p=2126661"},"modified":"2026-09-03T14:00:41","modified_gmt":"2026-09-03T11:00:41","slug":"ciprian-ciucu-a-convocat-constructorii-si-operatorii-de-utilitati-in-contextul-inceperii-anului-scolar-ce","status":"publish","type":"post","link":"https:\/\/analyse.optim.biz\/?p=2126661","title":{"rendered":"Ciprian Ciucu a convocat constructorii \u0219i operatorii de utilit\u0103\u021bi \u00een contextul \u00eenceperii anului \u0219colar. Ce&#8230;"},"content":{"rendered":"<p>[analyse_image type=&#8221;featured&#8221; src=&#8221;https:\/\/s.iw.ro\/gateway\/g\/ZmlsZVNvdXJjZT1odHRwJTNBJTJGJTJG\/c3RvcmFnZTA4dHJhbnNjb2Rlci5yY3Mt\/cmRzLnJvJTJGc3RvcmFnZSUyRjIwMjYl\/MkYwMyUyRjI2JTJGMjY1NDc2MV8yNjU0\/NzYxX0lEMzM3ODY2X0lOUVVBTV9QaG90\/b3NfT2N0YXZfR2FuZWEuanBnJnc9MTIw\/MCZoPTYzMCZ6Yz0xJmhhc2g9MmUzMDk5\/MzJkYWRjZDVlMzU0YTQ4YzAwYmNlZTljNzg=.thumb.jpg&#8221;]<\/p>\n<div class=\"entry data-app-meta data-app-meta-article\" data-embed-base-url-canonical=\"https:\/\/www.digi24.ro\/embed\/stiri\/actualitate\/social\/ciprian-ciucu-a-convocat-constructorii-si-operatorii-de-utilitati-in-contextul-inceperii-anului-scolar-ce-masuri-anunta-primaria-3933875\">\n<p data-index=\"1\"><strong>Primarul Capitalei, Ciprian Ciucu, i-a convocat joi la sediul municipalit\u0103\u021bii pe constructori \u0219i pe principalii operatori de utilit\u0103\u021bi, pentru a reduce impactul lucr\u0103rilor asupra traficului odat\u0103 cu \u00eenceperea anului \u0219colar. Din cele 63 de \u0219antiere deschise \u00een Bucure\u0219ti, 35 afecteaz\u0103 direct circula\u021bia. Prim\u0103ria a anun\u021bat c\u0103 poli\u021bi\u0219tii vor dirija traficul \u00een intersec\u021biile afectate, lucr\u0103rile la unele linii de tramvai vor fi executate pe tronsoane, iar deschiderea unor \u0219antiere noi va fi am\u00e2nat\u0103 dac\u0103 nu exist\u0103 urgen\u021be.<\/strong><\/p>\n<p data-index=\"2\">\u201eSitua\u021biile speciale au nevoie de m\u0103suri speciale. Facem tot ceea ce putem ca \u0219antierele deschise s\u0103 afecteze c\u00e2t mai pu\u021bin traficul\u201d, a transmis Prim\u0103ria Capitalei, \u00eentr-un mesaj publicat pe Facebook, citat de News.ro.\u00a0<\/p>\n<p data-index=\"3\">La \u00eent\u00e2lnirea convocat\u0103 de edil au participat \u0219i reprezentan\u021bii Poli\u021biei Capitalei \u0219i ai Brig\u0103zii Rutiere. Discu\u021biile au vizat m\u0103surile care trebuie aplicate \u00een zonele \u00een care lucr\u0103rile \u00een desf\u0103\u0219urare risc\u0103 s\u0103 \u00eengreuneze \u0219i mai mult circula\u021bia dup\u0103 revenirea elevilor la \u0219coal\u0103.<\/p>\n<p data-index=\"4\">\u201ePrimarul general Ciprian Ciucu a avut c\u00e2teva cerin\u021be clare pentru ei. Avem 63 de \u0219antiere deschise \u00een Bucure\u0219ti. Dintre acestea, 35 afecteaz\u0103 direct traficul, pe 30 de artere de circula\u021bie. Alte 45 de intersec\u021bii \u0219i noduri sensibile sunt \u0219i ele impactate. 230 de unit\u0103\u021bi de \u00eenv\u0103\u021b\u0103m\u00e2nt se afl\u0103 la mai pu\u021bin de 500 de metri de aceste \u0219antiere, iar 60 la mai pu\u021bin de 100 de metri. \u00cencepe \u0219coala, iar circula\u021bia din ora\u0219 se va aglomera, mai ales \u00een aceste zone\u201d, a precizat municipalitatea.<\/p>\n<p data-index=\"5\">Ciucu le-a cerut constructorilor s\u0103 intensifice ritmul lucr\u0103rilor \u0219i a sus\u021binut c\u0103 \u0219antierele nu puteau fi am\u00e2nate f\u0103r\u0103 riscul pierderii unor avize sau finan\u021b\u0103ri.<\/p>\n<p data-index=\"6\">\u201eAsta e situa\u021bia, nu aveam cum s\u0103 nu deschidem aceste \u0219antiere, se pierdeau avize, bani. Putem s\u0103 pl\u0103tim lucr\u0103rile la timp, rug\u0103mintea mea este ca to\u021bi constructorii s\u0103 lucreze c\u00e2t pot de mult, \u00eei putem pl\u0103ti\u201d, a mai spus acesta.<\/p>\n<h2 id=\"highlight-3933875-1\">Ce m\u0103suri vor fi luate pentru limitarea aglomera\u021biei<\/h2>\n<p data-index=\"7\">Echipe ale Poli\u021biei Capitalei \u0219i ale poli\u021biilor locale de sector vor fi trimise \u00een intersec\u021biile \u00een care exist\u0103 \u0219antiere, pentru a dirija traficul. Primarul le-a cerut, de asemenea, constructorilor s\u0103 verifice fiecare zon\u0103 de lucru \u0219i s\u0103 se asigure c\u0103 exist\u0103 culoare sau puncte de trecere, iar \u0219antierele sunt \u00eemprejmuite corespunz\u0103tor.<\/p>\n<p data-index=\"8\">Lucr\u0103rile la unele loturi de tramvai, care se \u00eentind pe mai mul\u021bi kilometri, vor fi \u00eemp\u0103r\u021bite \u00een tronsoane. Pe m\u0103sur\u0103 ce un tronson va fi finalizat, circula\u021bia va fi redeschis\u0103 pe por\u021biunea respectiv\u0103.<\/p>\n<p data-index=\"9\">Totodat\u0103, \u00een lipsa unor situa\u021bii urgente, municipalitatea va am\u00e2na deschiderea unor noi \u0219antiere. Solicitarea \u00eei vizeaz\u0103 \u00een special pe operatorii de utilit\u0103\u021bi care au programate lucr\u0103ri \u00een perioada urm\u0103toare.<\/p>\n<p data-index=\"10\">\u201e\u00cen m\u0103sura \u00een care se poate, \u00eei rog pe operatorii de utilit\u0103\u021bi s\u0103 mai st\u0103m pu\u021bin cu \u0219antierele pe care le au \u00een plan. Nu vrem s\u0103 deschidem unele noi, \u00een acest context\u201d, a mai spus Ciprian Ciucu.<\/p>\n<p> Editor : <a href=\"https:\/\/www.digi24.ro\/autor\/andreea-dobra\"> A.D. <\/a><\/p>\n<\/div>\n<p>[analyse_source url=&#8221;https:\/\/www.digi24.ro\/stiri\/actualitate\/social\/ciprian-ciucu-a-convocat-constructorii-si-operatorii-de-utilitati-in-contextul-inceperii-anului-scolar-ce-masuri-anunta-primaria-3933875&#8243;]<\/p>\n","protected":false},"excerpt":{"rendered":"<p>[analyse_image type=&#8221;featured&#8221; src=&#8221;https:\/\/s.iw.ro\/gateway\/g\/ZmlsZVNvdXJjZT1odHRwJTNBJTJGJTJG\/c3RvcmFnZTA4dHJhbnNjb2Rlci5yY3Mt\/cmRzLnJvJTJGc3RvcmFnZSUyRjIwMjYl\/MkYwMyUyRjI2JTJGMjY1NDc2MV8yNjU0\/NzYxX0lEMzM3ODY2X0lOUVVBTV9QaG90\/b3NfT2N0YXZfR2FuZWEuanBnJnc9MTIw\/MCZoPTYzMCZ6Yz0xJmhhc2g9MmUzMDk5\/MzJkYWRjZDVlMzU0YTQ4YzAwYmNlZTljNzg=.thumb.jpg&#8221;] Primarul Capitalei, Ciprian Ciucu, i-a convocat joi la sediul municipalit\u0103\u021bii pe constructori \u0219i pe principalii operatori de utilit\u0103\u021bi, pentru a reduce impactul lucr\u0103rilor asupra traficului odat\u0103 cu \u00eenceperea anului \u0219colar. Din cele 63 de \u0219antiere deschise \u00een Bucure\u0219ti, 35 afecteaz\u0103 direct circula\u021bia. Prim\u0103ria a anun\u021bat c\u0103 poli\u021bi\u0219tii vor dirija traficul \u00een intersec\u021biile [&hellip;]<\/p>\n","protected":false},"author":1,"featured_media":0,"comment_status":"open","ping_status":"","sticky":false,"template":"","format":"standard","meta":{"footnotes":""},"categories":[89],"tags":[226,11],"class_list":["post-2126661","post","type-post","status-publish","format-standard","hentry","category-romania","tag-crawlmanager","tag-digi24"],"_links":{"self":[{"href":"https:\/\/analyse.optim.biz\/index.php?rest_route=\/wp\/v2\/posts\/2126661","targetHints":{"allow":["GET"]}}],"collection":[{"href":"https:\/\/analyse.optim.biz\/index.php?rest_route=\/wp\/v2\/posts"}],"about":[{"href":"https:\/\/analyse.optim.biz\/index.php?rest_route=\/wp\/v2\/types\/post"}],"author":[{"embeddable":true,"href":"https:\/\/analyse.optim.biz\/index.php?rest_route=\/wp\/v2\/users\/1"}],"replies":[{"embeddable":true,"href":"https:\/\/analyse.optim.biz\/index.php?rest_route=%2Fwp%2Fv2%2Fcomments&post=2126661"}],"version-history":[{"count":0,"href":"https:\/\/analyse.optim.biz\/index.php?rest_route=\/wp\/v2\/posts\/2126661\/revisions"}],"wp:attachment":[{"href":"https:\/\/analyse.optim.biz\/index.php?rest_route=%2Fwp%2Fv2%2Fmedia&parent=2126661"}],"wp:term":[{"taxonomy":"category","embeddable":true,"href":"https:\/\/analyse.optim.biz\/index.php?rest_route=%2Fwp%2Fv2%2Fcategories&post=2126661"},{"taxonomy":"post_tag","embeddable":true,"href":"https:\/\/analyse.optim.biz\/index.php?rest_route=%2Fwp%2Fv2%2Ftags&post=2126661"}],"curies":[{"name":"wp","href":"https:\/\/api.w.org\/{rel}","templated":true}]}}