{"id":2126658,"date":"2026-09-03T13:56:07","date_gmt":"2026-09-03T10:56:07","guid":{"rendered":"https:\/\/analyse.optim.biz\/?p=2126658"},"modified":"2026-09-03T13:56:07","modified_gmt":"2026-09-03T10:56:07","slug":"un-ghem-de-minciuni-reactia-usr-dupa-acuzatia-psd-ca-renew-a-cerut-sanctionarea-romaniei-la-nivelul","status":"publish","type":"post","link":"https:\/\/analyse.optim.biz\/?p=2126658","title":{"rendered":"\u201eUn ghem de minciuni\u201d. Reac\u021bia USR dup\u0103 acuza\u021bia PSD c\u0103 Renew a cerut sanc\u021bionarea Rom\u00e2niei la nivelul&#8230;"},"content":{"rendered":"<p>[analyse_image type=&#8221;featured&#8221; src=&#8221;https:\/\/s.iw.ro\/gateway\/g\/ZmlsZVNvdXJjZT1odHRwJTNBJTJGJTJG\/c3RvcmFnZTA4dHJhbnNjb2Rlci5yY3Mt\/cmRzLnJvJTJGc3RvcmFnZSUyRjIwMjMl\/MkYxMiUyRjI3JTJGMTg2ODEwM18xODY4\/MTAzX3NlaWRsZXIuanBnJnc9MTIwMCZo\/PTYzMCZ6Yz0xJmhhc2g9OWFiNTkzNTM3ZTYyMTQxOThkZWI0YWFiMWEzZjQ2OGQ=.thumb.jpg&#8221;]<\/p>\n<div class=\"entry data-app-meta data-app-meta-article\" data-embed-base-url-canonical=\"https:\/\/www.digi24.ro\/embed\/stiri\/actualitate\/politica\/un-ghem-de-minciuni-reactia-usr-dupa-acuzatia-psd-ca-renew-a-cerut-sanctionarea-romaniei-la-nivelul-comisiei-europene-3933879\">\n<p data-index=\"1\"><strong>Dup\u0103 ce Sorin Grindeanu a acuzat c\u0103 grupul european din care USR face parte, Renew, a cerut ca oficialii Comisiei Europene s\u0103 pun\u0103 sub semnul \u00eentreb\u0103rii statul de drept din Rom\u00e2nia din cauza <a href=\"https:\/\/www.digi24.ro\/stiri\/economie\/guvernul-face-demersuri-pentru-incasarea-integrala-a-celor-770-de-milioane-de-euro-din-pnrr-ce-spune-despre-legea-ani-3933807\" data-skip-linkfix=\"1\">\u201eamendamentului Fritz\u201d din Legea integrit\u0103\u021bii<\/a>, USR a denun\u021bat PSD c\u0103 minte. Purt\u0103torul de cuv\u00e2nt al USR, Christian Seidler, a declarat, pentru Digi24, c\u0103 de fapt grupul Verzilor este cel care a f\u0103cut solicitarea respectiv\u0103.<\/strong><\/p>\n<p data-index=\"2\"><span data-contrast=\"auto\">\u201eUn ghem de minciuni \u0219i ipocrizie, pentru c\u0103 nu grupul Renew din care face parte USR a f\u0103cut solicitarea respectiv\u0103, ci grupul Verzilor. Dar grupul social-democrat a cerut \u00een iulie, acest an, ca \u00een Comisia LIBE s\u0103 fie dezb\u0103tut pe alt\u0103 spe\u021b\u0103 o chestiune legat\u0103 de justi\u021bie, de stat de drept.<\/span><span data-ccp-props=\"{}\">\u00a0<\/span><\/p>\n<p data-index=\"3\"><span data-contrast=\"auto\">Dar s\u0103 fie foarte clar, consider\u0103m c\u0103 a discuta despre statul de drept din Rom\u00e2nia \u00een cadrul comisiilor din Parlamentul European este o normalitate.<\/span><span data-ccp-props=\"{}\">\u00a0<\/span><\/p>\n<p data-index=\"4\"><span data-contrast=\"auto\">Ideea c\u0103 folose\u0219ti instrumente interna\u021bionale recunoscute, la care, iat\u0103, apeleaz\u0103 \u0219i PSD c\u00e2nd are interesul politic, pentru a trage un semnal de alarm\u0103 referitor la statul de drept \u00een Rom\u00e2nia, \u00een condi\u021biile \u00een care neretroactivitatea e o chestiune de drept comunitar exprimat\u0103 de mai multe ori prin decizii ale Cur\u021bii de Justi\u021bie a UE\u201d, a spus Christian Seidler, purt\u0103tor de cuv\u00e2nt al USR.<\/span><\/p>\n<p data-index=\"5\"><span data-contrast=\"auto\">PSD acuz\u0103 USR c\u0103 <a href=\"https:\/\/www.digi24.ro\/stiri\/actualitate\/politica\/psd-acuza-usr-ca-vrea-sanctiuni-pentru-romania-la-bruxelles-incearca-sa-l-salveze-pe-condamnatul-fritz-3933687\" data-skip-linkfix=\"1\">\u00eencearc\u0103 s\u0103 determine institu\u021biile europene s\u0103 intervin\u0103 \u00een cazul lui Dominic Fritz<\/a> \u0219i sus\u021bine c\u0103 partidul ar urm\u0103ri astfel s\u0103 evite aplicarea unor sanc\u021biuni \u00een cazul conflictului de interese. Social-democra\u021bii afirm\u0103 c\u0103 demersurile USR la nivel european reprezint\u0103 \u201eun act iresponsabil de tr\u0103dare na\u021bional\u0103\u201d.<\/span><span data-ccp-props=\"{}\">\u00a0<\/span><\/p>\n<p data-index=\"6\"><b><span data-contrast=\"auto\">Cite\u0219te \u0219i: <a href=\"https:\/\/www.digi24.ro\/stiri\/actualitate\/politica\/victor-negrescu-atac-la-usr-pentru-ca-a-cerut-la-bruxelles-sanctionarea-propriei-tari-3933569\" data-skip-linkfix=\"1\">Victor Negrescu, atac la USR pentru c\u0103 a cerut la Bruxelles \u201esanc\u021bionarea propriei \u021b\u0103ri\u201d<\/a><\/span><\/b><a href=\"https:\/\/www.digi24.ro\/stiri\/actualitate\/politica\/victor-negrescu-atac-la-usr-pentru-ca-a-cerut-la-bruxelles-sanctionarea-propriei-tari-3933569\" data-skip-linkfix=\"1\"><span data-ccp-props=\"{}\">\u00a0<\/span><\/a><\/p>\n<p> Editor : <a href=\"https:\/\/www.digi24.ro\/autor\/alexandru-costea\"> A.C. <\/a><\/p>\n<\/div>\n<p>[analyse_source url=&#8221;https:\/\/www.digi24.ro\/stiri\/actualitate\/politica\/un-ghem-de-minciuni-reactia-usr-dupa-acuzatia-psd-ca-renew-a-cerut-sanctionarea-romaniei-la-nivelul-comisiei-europene-3933879&#8243;]<\/p>\n","protected":false},"excerpt":{"rendered":"<p>[analyse_image type=&#8221;featured&#8221; src=&#8221;https:\/\/s.iw.ro\/gateway\/g\/ZmlsZVNvdXJjZT1odHRwJTNBJTJGJTJG\/c3RvcmFnZTA4dHJhbnNjb2Rlci5yY3Mt\/cmRzLnJvJTJGc3RvcmFnZSUyRjIwMjMl\/MkYxMiUyRjI3JTJGMTg2ODEwM18xODY4\/MTAzX3NlaWRsZXIuanBnJnc9MTIwMCZo\/PTYzMCZ6Yz0xJmhhc2g9OWFiNTkzNTM3ZTYyMTQxOThkZWI0YWFiMWEzZjQ2OGQ=.thumb.jpg&#8221;] Dup\u0103 ce Sorin Grindeanu a acuzat c\u0103 grupul european din care USR face parte, Renew, a cerut ca oficialii Comisiei Europene s\u0103 pun\u0103 sub semnul \u00eentreb\u0103rii statul de drept din Rom\u00e2nia din cauza \u201eamendamentului Fritz\u201d din Legea integrit\u0103\u021bii, USR a denun\u021bat PSD c\u0103 minte. Purt\u0103torul de cuv\u00e2nt al USR, Christian Seidler, a [&hellip;]<\/p>\n","protected":false},"author":1,"featured_media":0,"comment_status":"open","ping_status":"","sticky":false,"template":"","format":"standard","meta":{"footnotes":""},"categories":[89],"tags":[226,11],"class_list":["post-2126658","post","type-post","status-publish","format-standard","hentry","category-romania","tag-crawlmanager","tag-digi24"],"_links":{"self":[{"href":"https:\/\/analyse.optim.biz\/index.php?rest_route=\/wp\/v2\/posts\/2126658","targetHints":{"allow":["GET"]}}],"collection":[{"href":"https:\/\/analyse.optim.biz\/index.php?rest_route=\/wp\/v2\/posts"}],"about":[{"href":"https:\/\/analyse.optim.biz\/index.php?rest_route=\/wp\/v2\/types\/post"}],"author":[{"embeddable":true,"href":"https:\/\/analyse.optim.biz\/index.php?rest_route=\/wp\/v2\/users\/1"}],"replies":[{"embeddable":true,"href":"https:\/\/analyse.optim.biz\/index.php?rest_route=%2Fwp%2Fv2%2Fcomments&post=2126658"}],"version-history":[{"count":0,"href":"https:\/\/analyse.optim.biz\/index.php?rest_route=\/wp\/v2\/posts\/2126658\/revisions"}],"wp:attachment":[{"href":"https:\/\/analyse.optim.biz\/index.php?rest_route=%2Fwp%2Fv2%2Fmedia&parent=2126658"}],"wp:term":[{"taxonomy":"category","embeddable":true,"href":"https:\/\/analyse.optim.biz\/index.php?rest_route=%2Fwp%2Fv2%2Fcategories&post=2126658"},{"taxonomy":"post_tag","embeddable":true,"href":"https:\/\/analyse.optim.biz\/index.php?rest_route=%2Fwp%2Fv2%2Ftags&post=2126658"}],"curies":[{"name":"wp","href":"https:\/\/api.w.org\/{rel}","templated":true}]}}