{"id":2126656,"date":"2026-09-03T19:16:10","date_gmt":"2026-09-03T16:16:10","guid":{"rendered":"https:\/\/analyse.optim.biz\/?p=2126656"},"modified":"2026-09-03T19:16:10","modified_gmt":"2026-09-03T16:16:10","slug":"un-barbat-cu-comportament-necoerent-s-a-urcat-in-masina-unei-femei-aflata-in-mers-cum-a-motivat-gestul","status":"publish","type":"post","link":"https:\/\/analyse.optim.biz\/?p=2126656","title":{"rendered":"Un b\u0103rbat cu \u201ecomportament necoerent\u201d s-a urcat \u00een ma\u015fina unei femei, aflat\u0103 \u00een mers. Cum a motivat gestul&#8230;"},"content":{"rendered":"<p>[analyse_image type=&#8221;featured&#8221; src=&#8221;https:\/\/s.iw.ro\/gateway\/g\/ZmlsZVNvdXJjZT1odHRwJTNBJTJGJTJG\/c3RvcmFnZTA4dHJhbnNjb2Rlci5yY3Mt\/cmRzLnJvJTJGc3RvcmFnZSUyRjIwMjYl\/MkYwOSUyRjAzJTJGMjk0NjIzNF8yOTQ2\/MjM0X3BvbGl0aWEtYm13LTgtOC1pbnF1\/YW0tb2N0YXYtZ2FuZWEucG5nJnc9MTIw\/MCZoPTYzMCZ6Yz0xJmhhc2g9OGY5Nzg4\/MWVkZDgyNzkxODY5ZjU3N2Q4NjYzZjJiOGQ=.thumb.jpg&#8221;]<\/p>\n<div class=\"entry data-app-meta data-app-meta-article\" data-embed-base-url-canonical=\"https:\/\/www.digi24.ro\/embed\/stiri\/actualitate\/un-barbat-cu-comportament-necoerent-a-urcat-in-masina-unei-femei-aflata-in-mers-cum-a-motivat-gestul-in-fata-politistilor-3934253\">\n<p data-index=\"1\"><strong>Mai multe echipaje de Poli\u0163ie au intervenit, joi sear\u0103, dup\u0103 ce un b\u0103rbat a urcat \u00eentr-o ma\u015fin\u0103 aflat\u0103 \u00een mers, pe \u015eoseaua Colentina din Capital\u0103. B\u0103rbatul avea un comportament necoerent \u015fi ar fi recurs la acest gest de team\u0103. El a fost imobilizat de poli\u0163i\u015fti \u015fi dus la audieri, urm\u00e2nd s\u0103 fie transportat la spital. Din primele informa\u0163ii reiese c\u0103 femeia care se afla la volan nu a fost amenin\u0163at\u0103 sau agresat\u0103.<\/strong><\/p>\n<p data-index=\"2\">Potrivit Poli\u0163iei Capitalei, poli\u0163i\u015ftii au fost sesiza\u0163i, printr-un apel la 112, c\u0103 un b\u0103rbat ar fi p\u0103truns \u00eentr-un autoturism aflat \u00een deplasare pe \u015eoseaua Colentina, \u00een apropierea complexului Bucur Obor. Acolo s-au deplasat rapid mai multe echipaje de poli\u0163ie din cadrul Sec\u0163iilor 28, 7 \u015fi 6 Poli\u0163ie, care au f\u0103cut verific\u0103ri pentru clarificarea situa\u0163iei \u015fi pentru asigurarea siguran\u0163ei persoanelor implicate.<\/p>\n<p data-index=\"3\">\u201eDin primele verific\u0103ri efectuate, poli\u0163i\u015ftii au stabilit c\u0103 b\u0103rbatul, care prezenta un comportament necoerent, a p\u0103truns \u00een interiorul autoturismului pe fondul unei st\u0103ri de team\u0103. De asemenea, din verific\u0103rile efectuate p\u00e2n\u0103 la acest moment, femeia aflat\u0103 la volan nu a fost amenin\u0163at\u0103 sau agresat\u0103. B\u0103rbatul a fost imobilizat cu respectarea dispozi\u0163iilor legale \u015fi a fost condus la sediul Sec\u0163iei 28 Poli\u0163ie, \u00een vederea continu\u0103rii verific\u0103rilor, urm\u00e2nd ca, pentru evaluare \u015fi acordarea \u00eengrijirilor medicale de specialitate, s\u0103 fie transportat la o unitate medical\u0103 de profil\u201d, a ar\u0103tat sursa citat\u0103.<\/p>\n<p data-index=\"4\">Poli\u0163i\u015ftii continu\u0103 verific\u0103rile pentru stabilirea cu exactitate a tuturor \u00eemprejur\u0103rilor \u00een care s-a produs incidentul.<\/p>\n<p> Editor : <a href=\"https:\/\/www.digi24.ro\/autor\/liviu-cojan\"> Liviu Cojan <\/a><\/p>\n<\/div>\n<p>[analyse_source url=&#8221;https:\/\/www.digi24.ro\/stiri\/actualitate\/un-barbat-cu-comportament-necoerent-a-urcat-in-masina-unei-femei-aflata-in-mers-cum-a-motivat-gestul-in-fata-politistilor-3934253&#8243;]<\/p>\n","protected":false},"excerpt":{"rendered":"<p>[analyse_image type=&#8221;featured&#8221; src=&#8221;https:\/\/s.iw.ro\/gateway\/g\/ZmlsZVNvdXJjZT1odHRwJTNBJTJGJTJG\/c3RvcmFnZTA4dHJhbnNjb2Rlci5yY3Mt\/cmRzLnJvJTJGc3RvcmFnZSUyRjIwMjYl\/MkYwOSUyRjAzJTJGMjk0NjIzNF8yOTQ2\/MjM0X3BvbGl0aWEtYm13LTgtOC1pbnF1\/YW0tb2N0YXYtZ2FuZWEucG5nJnc9MTIw\/MCZoPTYzMCZ6Yz0xJmhhc2g9OGY5Nzg4\/MWVkZDgyNzkxODY5ZjU3N2Q4NjYzZjJiOGQ=.thumb.jpg&#8221;] Mai multe echipaje de Poli\u0163ie au intervenit, joi sear\u0103, dup\u0103 ce un b\u0103rbat a urcat \u00eentr-o ma\u015fin\u0103 aflat\u0103 \u00een mers, pe \u015eoseaua Colentina din Capital\u0103. B\u0103rbatul avea un comportament necoerent \u015fi ar fi recurs la acest gest de team\u0103. El a fost imobilizat de poli\u0163i\u015fti \u015fi dus la audieri, urm\u00e2nd s\u0103 fie [&hellip;]<\/p>\n","protected":false},"author":1,"featured_media":0,"comment_status":"open","ping_status":"","sticky":false,"template":"","format":"standard","meta":{"footnotes":""},"categories":[89],"tags":[226,11],"class_list":["post-2126656","post","type-post","status-publish","format-standard","hentry","category-romania","tag-crawlmanager","tag-digi24"],"_links":{"self":[{"href":"https:\/\/analyse.optim.biz\/index.php?rest_route=\/wp\/v2\/posts\/2126656","targetHints":{"allow":["GET"]}}],"collection":[{"href":"https:\/\/analyse.optim.biz\/index.php?rest_route=\/wp\/v2\/posts"}],"about":[{"href":"https:\/\/analyse.optim.biz\/index.php?rest_route=\/wp\/v2\/types\/post"}],"author":[{"embeddable":true,"href":"https:\/\/analyse.optim.biz\/index.php?rest_route=\/wp\/v2\/users\/1"}],"replies":[{"embeddable":true,"href":"https:\/\/analyse.optim.biz\/index.php?rest_route=%2Fwp%2Fv2%2Fcomments&post=2126656"}],"version-history":[{"count":0,"href":"https:\/\/analyse.optim.biz\/index.php?rest_route=\/wp\/v2\/posts\/2126656\/revisions"}],"wp:attachment":[{"href":"https:\/\/analyse.optim.biz\/index.php?rest_route=%2Fwp%2Fv2%2Fmedia&parent=2126656"}],"wp:term":[{"taxonomy":"category","embeddable":true,"href":"https:\/\/analyse.optim.biz\/index.php?rest_route=%2Fwp%2Fv2%2Fcategories&post=2126656"},{"taxonomy":"post_tag","embeddable":true,"href":"https:\/\/analyse.optim.biz\/index.php?rest_route=%2Fwp%2Fv2%2Ftags&post=2126656"}],"curies":[{"name":"wp","href":"https:\/\/api.w.org\/{rel}","templated":true}]}}