{"id":2126655,"date":"2026-09-03T00:00:00","date_gmt":"2026-09-02T21:00:00","guid":{"rendered":"https:\/\/analyse.optim.biz\/?p=2126655"},"modified":"2026-09-03T00:00:00","modified_gmt":"2026-09-02T21:00:00","slug":"les-confessions-du-groupe-interpol-stars-charismatiques-du-rock-new-yorkais","status":"publish","type":"post","link":"https:\/\/analyse.optim.biz\/?p=2126655","title":{"rendered":"Les confessions du groupe Interpol, stars charismatiques du rock new-yorkais"},"content":{"rendered":"<div class=\"entry-content\">\n<section class=\"single-header padding-top-s\">\n<div class=\"container\">\n<div class=\"row justify-content-between\">\n<div class=\"col-lg-9 col-xl-8\">\n<div class=\"video-container\">\n\t\t\t\t\t\t\t\t\t\t\t\t\t<\/div>\n<div class=\"container-img desktop\">\n                                <img loading=\"lazy\" decoding=\"async\" width=\"1864\" height=\"1190\" src=\"\/\/www.w3.org\/2000\/svg&apos;%20viewBox=&apos;0%200%201864%201190&apos;%3E%3C\/svg%3E\" class=\"img-fluid\" alt=\"Le groupe Interpol \u00a9 Partisan Records.\" data-lazy-src=\"https:\/\/numero.com\/wp-content\/uploads\/2026\/09\/Interpol-2.jpg\"><img decoding=\"async\" width=\"1864\" height=\"1190\" src=\"https:\/\/numero.com\/wp-content\/uploads\/2026\/09\/Interpol-2.jpg\" class=\"img-fluid\" alt=\"Le groupe Interpol \u00a9 Partisan Records.\" loading=\"lazy\">\t\t\t\t\t\t\t\t<\/p>\n<p class=\"number big\">3<\/p>\n<\/p><\/div>\n<div class=\"container-img mobile\">\n                                <img loading=\"lazy\" decoding=\"async\" width=\"1300\" height=\"1634\" src=\"\/\/www.w3.org\/2000\/svg&apos;%20viewBox=&apos;0%200%201300%201634&apos;%3E%3C\/svg%3E\" class=\"img-fluid\" alt=\"Le groupe Interpol \u00a9 Partisan Records.\" data-lazy-src=\"https:\/\/numero.com\/wp-content\/uploads\/2026\/09\/Interpol.jpg\"><img decoding=\"async\" width=\"1300\" height=\"1634\" src=\"https:\/\/numero.com\/wp-content\/uploads\/2026\/09\/Interpol.jpg\" class=\"img-fluid\" alt=\"Le groupe Interpol \u00a9 Partisan Records.\" loading=\"lazy\">\t\t\t\t\t\t\t\t<\/p>\n<p class=\"number big\">3<\/p>\n<\/p><\/div>\n<\/p><\/div>\n<div class=\"col col-lg-3 col-xl-4 desktop\">\n<div class=\"ad grand-angle desktop\">\n    <!-- \/21730003857\/numero-ad-unit\/numero-grand-angle --><\/p>\n<div class=\"ad-responsive\">\n<div id=\"div-gpt-ad-1773673590069-0\" class=\"ads-pub px-0\">\n<p>                googletag.cmd.push(function () {<br \/>\n                    googletag.display(&#8216;div-gpt-ad-1773673590069-0&#8217;);<br \/>\n                });<\/p><\/div>\n<\/p><\/div>\n<\/div><\/div>\n<\/p><\/div>\n<\/p><\/div>\n<\/section>\n<section class=\"post-content\">\n<div class=\"container\">\n<div class=\"row g-0 justify-content-between\">\n<div class=\"col-lg-9 col-xl-8 padding-top-s\">\n<p class=\"share-widget\" id=\"share-widget\"><img decoding=\"async\" src=\"\/\/www.w3.org\/2000\/svg&apos;%20viewBox=&apos;0%200%200%200&apos;%3E%3C\/svg%3E\" alt=\"share-widget\" data-lazy-src=\"https:\/\/numero.com\/wp-content\/themes\/understrap-child-main\/src\/public\/images\/share.svg\"><\/p>\n<p><img decoding=\"async\" src=\"https:\/\/numero.com\/wp-content\/themes\/understrap-child-main\/src\/public\/images\/share.svg\" alt=\"share-widget\"><\/p>\n<div class=\"share-icons\" id=\"share-icons\">\n<p class=\"copy-link\"><img decoding=\"async\" src=\"\/\/www.w3.org\/2000\/svg&apos;%20viewBox=&apos;0%200%200%200&apos;%3E%3C\/svg%3E\" alt=\"copy-link\" data-lazy-src=\"https:\/\/numero.com\/wp-content\/themes\/understrap-child-main\/src\/public\/images\/copy-link.svg\"><\/p>\n<p><img decoding=\"async\" src=\"https:\/\/numero.com\/wp-content\/themes\/understrap-child-main\/src\/public\/images\/copy-link.svg\" alt=\"copy-link\"><br \/>\n\t\t\t\t\t\t\t<a href=\"https:\/\/www.facebook.com\/sharer\/sharer.php?u=https:\/\/numero.com\/culture\/musique\/interpol-groupe-interview\/\" class=\"facebook\" target=\"_blank\" rel=\"noopener\"><img decoding=\"async\" src=\"\/\/www.w3.org\/2000\/svg&apos;%20viewBox=&apos;0%200%200%200&apos;%3E%3C\/svg%3E\" alt=\"facebook\" data-lazy-src=\"https:\/\/numero.com\/wp-content\/themes\/understrap-child-main\/src\/public\/images\/facebook.svg\"><img decoding=\"async\" src=\"https:\/\/numero.com\/wp-content\/themes\/understrap-child-main\/src\/public\/images\/facebook.svg\" alt=\"facebook\"><\/a><br \/>\n\t\t\t\t\t\t\t<a href=\"https:\/\/twitter.com\/share?url=https:\/\/numero.com\/culture\/musique\/interpol-groupe-interview\/\" class=\"twitter\" target=\"_blank\" rel=\"noopener\"><img decoding=\"async\" src=\"\/\/www.w3.org\/2000\/svg&apos;%20viewBox=&apos;0%200%200%200&apos;%3E%3C\/svg%3E\" alt=\"twitter\" data-lazy-src=\"https:\/\/numero.com\/wp-content\/themes\/understrap-child-main\/src\/public\/images\/twitter.svg\"><img decoding=\"async\" src=\"https:\/\/numero.com\/wp-content\/themes\/understrap-child-main\/src\/public\/images\/twitter.svg\" alt=\"twitter\"><\/a>\n\t\t\t\t\t\t<\/div>\n<p>\t\t\t\t\t\t<span class id=\"custom-tooltip\" style=\"display:none\">Lien copi\u00e9<\/span><\/p>\n<div class=\"col-lg-10\">\n<div class=\"meta d-flex justify-content-between align-items-center\">\n<div class=\"cat\">\n\t\t\t\t\t\t\t\t\t<a class=\"cat-title\" href=\"https:\/\/numero.com\/category\/culture\/musique\/\">Musique<\/a>\t\t\t\t\t\t\t\t<\/div>\n<p class=\"date\">\n\t\t\t\t\t\t\t\t\t3 sept 2026\t\t\t\t\t\t\t\t<\/p>\n<\/p><\/div>\n<h1>Les confessions du groupe Interpol, stars charismatiques du rock new-yorkais<\/h1>\n<div class=\"introduction\">\n<p>Depuis la sortie de l\u2019album <em>Turn On the Bright Lights<\/em> en 2002, Interpol s\u2019est impos\u00e9 comme l\u2019un des groupes embl\u00e9matiques du renouveau rock new-yorkais des ann\u00e9es 2000. Vingt-quatre ans plus tard, le quintette revient avec <em>This Mirror Weighs a Ton<\/em>, un huiti\u00e8me disque qui conserve sa signature sombre tout en \u00e9largissant sa palette sonore. \u00c0 l\u2019occasion du passage du groupe au festival Rock en Seine, Daniel Kessler, le charismatique guitariste et co-fondateur de la troupe nous raconte ce nouveau chapitre.<\/p>\n<\/div>\n<li class=\"credits d-flex\">\n<p>\n\t\t\t\t\t\t\t\t\t\t\tpropos receuillis par\t\t\t\t\t\t\t\t\t\t\t\t\t\t\t\t\t\t\t\t\t\t\t<a href=\"https:\/\/numero.com\/contributor\/nathan-merchadier\/\">Nathan Merchadier<\/a>.\t\t\t\t\t\t\t\t\t\t\t\t\t\t\t\t\t\t\t\t\t<\/p>\n<\/li>\n<div id=\"ads03\" class=\"mobile padding-bottom-s\">\n<div class=\"ad-wrapper\">\n\t\t\t\t\t\t\t\t\t<!-- \/21730003857\/numero-ad-unit\/numero-interscroller --><\/p>\n<div class=\"ad ad-responsive interscroller-slot\">\n<div id=\"div-gpt-ad-1773673675628-0\" class=\"ads-pub\">\n<p>            googletag.cmd.push(function () {<br \/>\n                googletag.display(&#8216;div-gpt-ad-1773673675628-0&#8217;);<br \/>\n            });<\/p><\/div>\n<\/div><\/div>\n<\/p><\/div>\n<p>\t\t\t\t\t\t\t&lt;!&#8211; <\/p>\n<div class=\"padding-bottom-s\">\n\t\t\t\t\t\t\t\t\t\t\t\t\t\t\t<\/div>\n<p> &#8211;&gt;<\/p>\n<figure data-wp-context=\"{&quot;imageId&quot;:&quot;6a99c991e20b8&quot;}\" data-wp-interactive=\"core\/image\" data-wp-key=\"6a99c991e20b8\" class=\"wp-block-image size-full wp-lightbox-container\"><img loading=\"lazy\" decoding=\"async\" width=\"2000\" height=\"1334\" data-wp-class--hide=\"state.isContentHidden\" data-wp-class--show=\"state.isContentVisible\" data-wp-init=\"callbacks.setButtonStyles\" data-wp-on--click=\"actions.showLightbox\" data-wp-on--load=\"callbacks.setButtonStyles\" data-wp-on--pointerdown=\"actions.preloadImage\" data-wp-on--pointerenter=\"actions.preloadImageWithDelay\" data-wp-on--pointerleave=\"actions.cancelPreload\" data-wp-on-window--resize=\"callbacks.setButtonStyles\" src=\"\/\/www.w3.org\/2000\/svg&apos;%20viewBox=&apos;0%200%202000%201334&apos;%3E%3C\/svg%3E\" alt=\"Le groupe Interpol \u00a9 Partisan Records.\" class=\"wp-image-887330\" data-lazy-src=\"https:\/\/numero.com\/wp-content\/uploads\/2026\/09\/20251121_INTERPOL_03_Composite_RT_F2-1.jpg\"><img loading=\"lazy\" decoding=\"async\" width=\"2000\" height=\"1334\" data-wp-class--hide=\"state.isContentHidden\" data-wp-class--show=\"state.isContentVisible\" data-wp-init=\"callbacks.setButtonStyles\" data-wp-on--click=\"actions.showLightbox\" data-wp-on--load=\"callbacks.setButtonStyles\" data-wp-on--pointerdown=\"actions.preloadImage\" data-wp-on--pointerenter=\"actions.preloadImageWithDelay\" data-wp-on--pointerleave=\"actions.cancelPreload\" data-wp-on-window--resize=\"callbacks.setButtonStyles\" src=\"https:\/\/numero.com\/wp-content\/uploads\/2026\/09\/20251121_INTERPOL_03_Composite_RT_F2-1.jpg\" alt=\"Le groupe Interpol \u00a9 Partisan Records.\" class=\"wp-image-887330\"><button class=\"lightbox-trigger\" type=\"button\" aria-haspopup=\"dialog\" data-wp-bind--aria-label=\"state.thisImage.triggerButtonAriaLabel\" data-wp-init=\"callbacks.initTriggerButton\" data-wp-on--click=\"actions.showLightbox\" data-wp-style--right=\"state.thisImage.buttonRight\" data-wp-style--top=\"state.thisImage.buttonTop\"><\/p>\n<p>\t\t<\/button><figcaption class=\"wp-element-caption\">Le groupe Interpol \u00a9 Eliot Lee Hazel \/ Partisan Records.<\/figcaption><\/figure>\n<h2 class=\"wp-block-heading\"><em>This Mirror Weighs a Ton<\/em>, le nouvel album r\u00e9ussi d\u2019Interpol<\/h2>\n<p class=\"wp-block-paragraph\">Depuis plus de deux d\u00e9cennies, le groupe culte <strong>Interpol<\/strong> n\u2019a cess\u00e9 de faire vibrer la corde sensible du<strong> rock new-yorkais<\/strong>. R\u00e9v\u00e9l\u00e9 en 2002 avec le sublime album post-punk <strong><em>Turn On the Bright Lights<\/em><\/strong>, le trio emmen\u00e9 par <strong>Paul Banks, Daniel Kessler <\/strong>et <strong>Sam Fogarino<\/strong> s\u2019est rapidement impos\u00e9, aux c\u00f4t\u00e9s de\u00a0<strong>The Strokes<\/strong>,\u00a0comme l\u2019un des visages les plus embl\u00e9matiques du renouveau rock des ann\u00e9es 2000.<\/p>\n<p class=\"wp-block-paragraph\">Apr\u00e8s <strong><em>The Other Side of Make-Believe<\/em><\/strong> (2022) et une longue tourn\u00e9e c\u00e9l\u00e9brant notamment les vingt ans de leur disque culte <strong><em>Antics <\/em><\/strong>(2004), <strong>Interpol<\/strong> aurait pu se laisser happer par la nostalgie. Mais c\u2019est pr\u00e9cis\u00e9ment l\u2019inverse qui s\u2019est produit. <\/p>\n<p class=\"wp-block-paragraph\">Sorti le 28 ao\u00fbt, le superbe <strong><em>This Mirror Weighs a Ton<\/em><\/strong>, leur huiti\u00e8me album studio, semble ouvrir un nouveau chapitre pour le groupe, d\u00e9sormais officiellement pass\u00e9 du trio au quintette avec l\u2019arriv\u00e9e du bassiste <strong>Brad Truax<\/strong> et du clavi\u00e9riste <strong>Brandon Curtis<\/strong>, jusque-l\u00e0 musiciens de tourn\u00e9e.<\/p>\n<figure class=\"wp-block-embed is-type-video is-provider-youtube wp-block-embed-youtube wp-embed-aspect-4-3 wp-has-aspect-ratio\">\n<div class=\"wp-block-embed__wrapper\">\n<div class=\"cookieconsent-optout-statistics cookieconsent-optout-marketing\"><\/div>\n<\/div><figcaption class=\"wp-element-caption\">Interpol \u2013 <em>Slow Hands<\/em> The Tonight Show With Jay Leno (2004).<\/figcaption><\/figure>\n<h2 class=\"wp-block-heading\">Un opus produit par l\u2019homme derri\u00e8re certains tubes de Charli xcx et Miley Cyrus<\/h2>\n<p class=\"wp-block-paragraph\">Enregistr\u00e9 en plein c\u0153ur de Manhattan avec le c\u00e9l\u00e8bre producteur <strong>Andrew Wyatt <\/strong>(collaborateur de <strong><a href=\"https:\/\/numero.com\/culture\/musique\/miley-cyrus-bass-persuades\/\" id=\"https:\/\/numero.com\/culture\/musique\/miley-cyrus-bass-persuades\/\" target=\"_blank\" rel=\"noreferrer noopener\">Miley Cyrus<\/a><\/strong>, <strong><a href=\"https:\/\/numero.com\/culture\/musique\/rosalia-concert-paris-lux\/\" id=\"https:\/\/numero.com\/culture\/musique\/rosalia-concert-paris-lux\/\" target=\"_blank\" rel=\"noreferrer noopener\">Rosal\u00eda<\/a><\/strong> et <strong><a href=\"https:\/\/numero.com\/culture\/musique\/charli-xcx-music-fashion-film-critique\/\" id=\"https:\/\/numero.com\/culture\/musique\/charli-xcx-music-fashion-film-critique\/\" target=\"_blank\" rel=\"noreferrer noopener\">Charli xcx<\/a><\/strong>), le disque conserve la signature dark et ultra-reconnaissable d\u2019<strong>Interpol<\/strong> tout en \u00e9largissant consid\u00e9rablement sa palette sonore. Et si le <strong>rock <\/strong>est r\u00e9guli\u00e8rement d\u00e9clar\u00e9 mort, le groupe, la bande continue de lui donner quelques raisons de vivre.<\/p>\n<p class=\"wp-block-paragraph\">Au lendemain de leur passage \u00e9l\u00e9ctrique au <a href=\"https:\/\/numero.com\/culture\/musique\/chappell-roan-suki-waterhouse-rock-en-seine-2025\/\" id=\"https:\/\/numero.com\/culture\/musique\/chappell-roan-suki-waterhouse-rock-en-seine-2025\/\" target=\"_blank\" rel=\"noreferrer noopener\">festival <strong>Rock en Seine<\/strong><\/a>, <strong>Daniel Kessler<\/strong>, le charismatique guitariste et co-fondateur du groupe, s\u2019est confi\u00e9 aupr\u00e8s de <em>Num\u00e9ro<\/em> sur ce nouvel album, la m\u00e9tamorphose du groupe et sa relation avec New York. <\/p>\n<figure class=\"wp-block-embed is-type-video is-provider-youtube wp-block-embed-youtube wp-embed-aspect-16-9 wp-has-aspect-ratio\">\n<div class=\"wp-block-embed__wrapper\">\n<div class=\"cookieconsent-optout-statistics cookieconsent-optout-marketing\"><\/div>\n<\/div><figcaption class=\"wp-element-caption\">Interpol \u2013 <em>See Out Loud<\/em> (2026).<\/figcaption><\/figure>\n<h2 class=\"wp-block-heading\">L\u2019interview d\u2019Interpol, stars charismatiques du rock<\/h2>\n<p class=\"wp-block-paragraph\"><strong><em>Num\u00e9ro<\/em> : Vous venez d\u2019enflammer le festival Rock en Seine, quelques jours apr\u00e8s la sortie de votre album <em>This Mirror Weighs a Ton<\/em>. Quel \u00e9tait votre \u00e9tat d\u2019esprit en quittant la sc\u00e8ne ?<\/strong><\/p>\n<p class=\"wp-block-paragraph\"><strong>Daniel Kessler<\/strong> : C\u2019est assez particulier de jouer dans un festival avec une programmation aussi incroyable, aux c\u00f4t\u00e9s de <strong>Mogwai<\/strong>, <strong>Slowdive<\/strong> et, \u00e9videmment, <strong><a href=\"https:\/\/numero.com\/culture\/musique\/comment-the-cure-a-marque-la-pop-culture\/\" id=\"https:\/\/numero.com\/culture\/musique\/comment-the-cure-a-marque-la-pop-culture\/\" target=\"_blank\" rel=\"noreferrer noopener\">The Cure<\/a><\/strong>. Tout s\u2019est parfaitement align\u00e9, le timing \u00e9tait id\u00e9al, le week-end \u00e9tait formidable, et notre nouvel album est (enfin) sorti vendredi dernier. On \u00e9tait donc vraiment tr\u00e8s excit\u00e9s.<\/p>\n<p class=\"wp-block-paragraph\"><strong>Ce n\u2019est pas la premi\u00e8re fois que vous jouez dans l\u2019Hexagone. Quelle communion avez-vous ressentie avec votre public fran\u00e7ais ?\u00a0<\/strong><\/p>\n<p class=\"wp-block-paragraph\">Je pense que notre histoire en Europe a, d\u2019une certaine mani\u00e8re, commenc\u00e9 en France. En 2001, nous avons \u00e9t\u00e9 programm\u00e9s \u00e0 <strong>La Route du Rock<\/strong>, alors que nous n\u2019avions m\u00eame pas encore de contrat avec un label. C\u2019est apr\u00e8s ce concert que nous avons \u00e9t\u00e9 sign\u00e9s en France, pour d\u00e9velopper notre carri\u00e8re en Europe. \u00c7a a donc vraiment \u00e9t\u00e9 le point de d\u00e9part de beaucoup de choses pour nous. Et puis, \u00e0 titre plus personnel, la France occupe une place tr\u00e8s particuli\u00e8re dans mon c\u0153ur. J\u2019y ai v\u00e9cu de mes 5 \u00e0 mes 11 ans et une partie de ma famille y vit encore aujourd\u2019hui. Nous avons donc une histoire tr\u00e8s longue avec ce pays. Et j\u2019ai toujours beaucoup de plaisir \u00e0 revenir y jouer, un peu partout.<\/p>\n<figure data-wp-context=\"{&quot;imageId&quot;:&quot;6a99c991e2839&quot;}\" data-wp-interactive=\"core\/image\" data-wp-key=\"6a99c991e2839\" class=\"wp-block-image size-full wp-lightbox-container\"><img loading=\"lazy\" decoding=\"async\" width=\"1334\" height=\"2000\" data-wp-class--hide=\"state.isContentHidden\" data-wp-class--show=\"state.isContentVisible\" data-wp-init=\"callbacks.setButtonStyles\" data-wp-on--click=\"actions.showLightbox\" data-wp-on--load=\"callbacks.setButtonStyles\" data-wp-on--pointerdown=\"actions.preloadImage\" data-wp-on--pointerenter=\"actions.preloadImageWithDelay\" data-wp-on--pointerleave=\"actions.cancelPreload\" data-wp-on-window--resize=\"callbacks.setButtonStyles\" src=\"\/\/www.w3.org\/2000\/svg&apos;%20viewBox=&apos;0%200%201334%202000&apos;%3E%3C\/svg%3E\" alt=\"Le groupe Interpol \u00a9 DR.\" class=\"wp-image-887338\" data-lazy-src=\"https:\/\/numero.com\/wp-content\/uploads\/2026\/09\/20251121_INTERPOL_01_021_RT_Exaggerated-2-1.jpg\"><img decoding=\"async\" loading=\"lazy\" width=\"1334\" height=\"2000\" data-wp-class--hide=\"state.isContentHidden\" data-wp-class--show=\"state.isContentVisible\" data-wp-init=\"callbacks.setButtonStyles\" data-wp-on--click=\"actions.showLightbox\" data-wp-on--load=\"callbacks.setButtonStyles\" data-wp-on--pointerdown=\"actions.preloadImage\" data-wp-on--pointerenter=\"actions.preloadImageWithDelay\" data-wp-on--pointerleave=\"actions.cancelPreload\" data-wp-on-window--resize=\"callbacks.setButtonStyles\" src=\"https:\/\/numero.com\/wp-content\/uploads\/2026\/09\/20251121_INTERPOL_01_021_RT_Exaggerated-2-1.jpg\" alt=\"Le groupe Interpol \u00a9 DR.\" class=\"wp-image-887338\"><button class=\"lightbox-trigger\" type=\"button\" aria-haspopup=\"dialog\" data-wp-bind--aria-label=\"state.thisImage.triggerButtonAriaLabel\" data-wp-init=\"callbacks.initTriggerButton\" data-wp-on--click=\"actions.showLightbox\" data-wp-style--right=\"state.thisImage.buttonRight\" data-wp-style--top=\"state.thisImage.buttonTop\"><\/p>\n<p>\t\t<\/button><figcaption class=\"wp-element-caption\">Le groupe Interpol \u00a9 Eliot Lee Hazel \/ Partisan Records.<\/figcaption><\/figure>\n<h2 class=\"wp-block-heading has-text-align-center\">\u201c<em>Nous sommes toujours un groupe int\u00e9ressant parce que lorsque nous \u00e9crivons de la musique ensemble, la connexion est tr\u00e8s forte<\/em>.\u201d Daniel Kessler<\/h2>\n<p class=\"wp-block-paragraph\"><strong>Avec\u00a0<em>This Mirror Weighs a Ton<\/em>, vous semblez avoir atteint une nouvelle forme de maturit\u00e9 artistique. Comment avez-vous construit ce disque ?<\/strong><\/p>\n<p class=\"wp-block-paragraph\">Nous avons beaucoup tourn\u00e9 suite \u00e0 la sortie de notre pr\u00e9c\u00e9dent album, <em><strong>The Other Side of Make-Believe<\/strong><\/em>, en 2022, mais nous savions d\u00e9j\u00e0 que nous voulions en faire un autre. Nous avons donc commenc\u00e9 \u00e0 \u00e9crire entre deux tourn\u00e9es, avec l\u2019id\u00e9e de travailler avec notre ami <strong>Andrew Wyatt<\/strong> \u00e0 la production. Cela nous a donn\u00e9 un point de d\u00e9part. Apr\u00e8s toutes ces ann\u00e9es, je crois que nous sommes toujours un groupe int\u00e9ressant avant tout parce que lorsque nous \u00e9crivons de la musique ensemble, la connexion est tr\u00e8s forte.<\/p>\n<p class=\"wp-block-paragraph\"><strong>Pourquoi avoir travaill\u00e9 avec le producteur Andrew Wyatt, qui s\u2019av\u00e8re par ailleurs \u00eatre un proche collaborateur de <a href=\"https:\/\/numero.com\/portrait\/miley-cyrus\/\" id=\"https:\/\/numero.com\/portrait\/miley-cyrus\/\">Miley Cyrus<\/a>, <a href=\"https:\/\/numero.com\/culture\/musique\/rosalia-lux-portrait\/\" id=\"https:\/\/numero.com\/culture\/musique\/rosalia-lux-portrait\/\">Rosal\u00eda<\/a> et <a href=\"https:\/\/numero.com\/culture\/cinema\/charli-xcx-projets-films\/\" id=\"https:\/\/numero.com\/culture\/cinema\/charli-xcx-projets-films\/\" target=\"_blank\" rel=\"noreferrer noopener\">Charli xcx<\/a> ? <\/strong><\/p>\n<p class=\"wp-block-paragraph\">Andrew a apport\u00e9 une nouvelle dimension au disque. C\u2019est un ami proche, mais aussi un musicien extraordinaire. Je connaissais \u00e9videmment les projets sur lesquels il travaillait, mais notre relation \u00e9tait avant tout personnelle. <strong>Paul Banks<\/strong> [le chanteur et leader d\u2019Interpol, ndlr], avait d\u00e9j\u00e0 collabor\u00e9 avec lui sur un morceau pour son album avec le rappeur et producteur<strong> RZA<\/strong> (du groupe <strong><a href=\"https:\/\/numero.com\/culture\/musique\/le-wu-tang-clan-celebre-ses-25-ans-avec-un-documentaire-inedit-sur-son-histoire\/\" id=\"https:\/\/numero.com\/culture\/musique\/le-wu-tang-clan-celebre-ses-25-ans-avec-un-documentaire-inedit-sur-son-histoire\/\" target=\"_blank\" rel=\"noreferrer noopener\">Wu-Tang Clan<\/a><\/strong>) et en avait gard\u00e9 un tr\u00e8s bon souvenir. \u00c9videmment, il y avait une part de risque. Car le fait de travailler avec un ami peut tr\u00e8s bien ne pas fonctionner, voire finir par ab\u00eemer une amiti\u00e9. Nous avons donc commenc\u00e9 par un petit test de cinq jours dans son studio, chez lui. En tr\u00e8s peu de temps, nous avons \u00e9norm\u00e9ment avanc\u00e9 et explor\u00e9 des directions assez diff\u00e9rentes. Certaines des chansons que nous avons travaill\u00e9es pendant ces quelques jours se sont finalement retrouv\u00e9es sur l\u2019album.<\/p>\n<figure class=\"wp-block-embed is-type-video is-provider-youtube wp-block-embed-youtube wp-embed-aspect-16-9 wp-has-aspect-ratio\">\n<div class=\"wp-block-embed__wrapper\">\n<div class=\"cookieconsent-optout-statistics cookieconsent-optout-marketing\"><\/div>\n<\/div><figcaption class=\"wp-element-caption\">Interpol \u2013 <em>This Mirror Weighs a Ton<\/em> (2026).<\/figcaption><\/figure>\n<h2 class=\"wp-block-heading has-text-align-center\">\u201c<em>Pour moi, cet album repr\u00e9sente une \u00e9volution tr\u00e8s naturelle du groupe, une nouvelle \u00e9tape dans sa maturit\u00e9<\/em>.\u201d Daniel Kessler<\/h2>\n<p class=\"wp-block-paragraph\"><strong>Qu\u2019est-ce qui d\u00e9clenche votre processus cr\u00e9atif, et comment une id\u00e9e devient-elle peu \u00e0 peu un morceau du groupe ?<\/strong><\/p>\n<p class=\"wp-block-paragraph\">En g\u00e9n\u00e9ral, je commence \u00e0 travailler sur les morceaux chez moi, puis je les apporte au groupe. Lorsque nous arrivons au studio, nous les transformons alors en de v\u00e9ritables morceaux d<strong>\u2019Interpol<\/strong>. Pour moi, cet album repr\u00e9sente donc une \u00e9volution tr\u00e8s naturelle du groupe, une nouvelle \u00e9tape dans sa maturit\u00e9. Apr\u00e8s autant d\u2019ann\u00e9es, nous continuons \u00e0 grandir et \u00e0 avoir envie d\u2019explorer de nouvelles choses. Mais nous n\u2019avons jamais cherch\u00e9 \u00e0 provoquer cette \u00e9volution.<\/p>\n<p class=\"wp-block-paragraph\"><strong>Le disque s\u2019ouvre sur <em>This Mirror Weighs a Ton<\/em>, un morceau qui semble ouvrir votre univers sonore\u2026<\/strong><\/p>\n<p class=\"wp-block-paragraph\">C\u2019est l\u2019un des morceaux qui s\u2019est construit de la mani\u00e8re la plus inattendue. Tout est parti d\u2019une id\u00e9e de <strong>Brad Truax<\/strong>, notre bassiste de longue date. Puis <strong>Andrew Wyatt<\/strong> a ensuite ajout\u00e9 des orchestrations et toutes sortes d\u2019atmosph\u00e8res, et je me suis dit que l\u2019on tenait quelque chose de vraiment int\u00e9ressant. En travaillant dessus, j\u2019ai aussi pens\u00e9 \u00e0 une tradition que nous avons depuis notre tout premier album qui consiste \u00e0 commencer nos disques avec des morceaux qui ne sont pas n\u00e9cessairement des singles pop. Le premier morceau de notre premier album s\u2019appelle d\u2019ailleurs <em><strong>Untitled<\/strong><\/em> (2002) et ne comporte que quatre lignes de chant. J\u2019ai trouv\u00e9 qu\u2019il y avait un lien assez naturel entre ce titre et <em><strong>This Mirror Weighs a Ton<\/strong><\/em>. C\u2019est une mani\u00e8re assez douce d\u2019entrer dans ce nouvel album et d\u2019embarquer l\u2019auditeur avec nous.<\/p>\n<figure data-wp-context=\"{&quot;imageId&quot;:&quot;6a99c991e2e91&quot;}\" data-wp-interactive=\"core\/image\" data-wp-key=\"6a99c991e2e91\" class=\"wp-block-image size-full wp-lightbox-container\"><img loading=\"lazy\" decoding=\"async\" width=\"2000\" height=\"1019\" data-wp-class--hide=\"state.isContentHidden\" data-wp-class--show=\"state.isContentVisible\" data-wp-init=\"callbacks.setButtonStyles\" data-wp-on--click=\"actions.showLightbox\" data-wp-on--load=\"callbacks.setButtonStyles\" data-wp-on--pointerdown=\"actions.preloadImage\" data-wp-on--pointerenter=\"actions.preloadImageWithDelay\" data-wp-on--pointerleave=\"actions.cancelPreload\" data-wp-on-window--resize=\"callbacks.setButtonStyles\" src=\"\/\/www.w3.org\/2000\/svg&apos;%20viewBox=&apos;0%200%202000%201019&apos;%3E%3C\/svg%3E\" alt=\"Le groupe Interpol \u00a9 DR.\" class=\"wp-image-887351\" data-lazy-src=\"https:\/\/numero.com\/wp-content\/uploads\/2026\/09\/20251121_INTERPOL_06_084_142_161_Composite_RT_F2-1.jpg\"><img decoding=\"async\" loading=\"lazy\" width=\"2000\" height=\"1019\" data-wp-class--hide=\"state.isContentHidden\" data-wp-class--show=\"state.isContentVisible\" data-wp-init=\"callbacks.setButtonStyles\" data-wp-on--click=\"actions.showLightbox\" data-wp-on--load=\"callbacks.setButtonStyles\" data-wp-on--pointerdown=\"actions.preloadImage\" data-wp-on--pointerenter=\"actions.preloadImageWithDelay\" data-wp-on--pointerleave=\"actions.cancelPreload\" data-wp-on-window--resize=\"callbacks.setButtonStyles\" src=\"https:\/\/numero.com\/wp-content\/uploads\/2026\/09\/20251121_INTERPOL_06_084_142_161_Composite_RT_F2-1.jpg\" alt=\"Le groupe Interpol \u00a9 DR.\" class=\"wp-image-887351\"><button class=\"lightbox-trigger\" type=\"button\" aria-haspopup=\"dialog\" data-wp-bind--aria-label=\"state.thisImage.triggerButtonAriaLabel\" data-wp-init=\"callbacks.initTriggerButton\" data-wp-on--click=\"actions.showLightbox\" data-wp-style--right=\"state.thisImage.buttonRight\" data-wp-style--top=\"state.thisImage.buttonTop\"><\/p>\n<p>\t\t<\/button><figcaption class=\"wp-element-caption\">Le groupe Interpol. \u00a9 Eliot Lee Hazel \/ Partisan Records.<\/figcaption><\/figure>\n<h2 class=\"wp-block-heading has-text-align-center\">\u201c<em>Je ne crois pas qu\u2019Interpol soit un groupe particuli\u00e8rement nostalgique<\/em>.\u201d Daniel Kessler <\/h2>\n<p class=\"wp-block-paragraph\"><strong>Interpol est n\u00e9 \u00e0 New York, mais aujourd\u2019hui la g\u00e9ographie du groupe est beaucoup plus \u00e9clat\u00e9e. Daniel, vous vivez entre les \u00c9tats-Unis et Barcelone, tandis que Paul Banks est d\u00e9sormais install\u00e9 \u00e0 Berlin. Le fait de ne plus vivre dans la m\u00eame ville change-t-il votre mani\u00e8re de faire de la musique ?<\/strong><\/p>\n<p class=\"wp-block-paragraph\">En r\u00e9alit\u00e9, cela ne change pas vraiment ma mani\u00e8re de faire de la musique. Je vis \u00e0 <strong>New York<\/strong> depuis tr\u00e8s longtemps et, m\u00eame lorsque j\u2019ai v\u00e9cu ailleurs, je n\u2019ai jamais vraiment quitt\u00e9 la ville. J\u2019y ai toujours gard\u00e9 un pied-\u00e0-terre, et j\u2019y passe encore beaucoup de temps. En m\u00eame temps, j\u2019aime d\u00e9couvrir d\u2019autres endroits du monde et rester ouvert \u00e0 d\u2019autres influences, qu\u2019elles soient musicales ou li\u00e9es \u00e0 la vie. Je prends toujours beaucoup de plaisir \u00e0 retourner \u00e0 New York et je m\u2019y sens tr\u00e8s \u00e0 l\u2019aise pour \u00e9crire, mais je sais d\u00e9sormais que je n\u2019ai pas besoin d\u2019y \u00eatre pour faire de la musique. Je continue d\u2019y puiser des choses, mais je ne suis plus n\u00e9cessairement connect\u00e9 \u00e0 toute la nouvelle sc\u00e8ne new-yorkaise. Mais je ne cherche plus forc\u00e9ment \u00e0 savoir ce qui \u00e9merge dans chaque petit club ou chaque quartier.<\/p>\n<p class=\"wp-block-paragraph\"><strong>Vous avez connu cette ville \u00e0 une \u00e9poque o\u00f9 la musique se vivait d\u2019une mani\u00e8re beaucoup plus physique qu\u2019aujourd\u2019hui, notamment en \u00e9cumant les clubs. Que reste-t-il de ce New York-l\u00e0 dans vos chansons d\u2019aujourd\u2019hui ?<\/strong><\/p>\n<p class=\"wp-block-paragraph\">New York n\u2019est pas une ville loyale, et il n\u2019est pas rare de marcher dans une rue que vous connaissez parfaitement et de d\u00e9couvrir soudain qu\u2019un immeuble entier a disparu. Je suis surtout tr\u00e8s reconnaissant de l\u2019avoir connu durant ma vingtaine. C\u2019\u00e9tait un endroit tr\u00e8s particulier, tr\u00e8s vivant, o\u00f9 l\u2019on avait vraiment le sentiment d\u2019\u00eatre dans le pr\u00e9sent. Et je ne crois pas qu\u2019Interpol soit un groupe particuli\u00e8rement nostalgique. Une fois qu\u2019un disque est termin\u00e9, nous ne passons pas notre temps \u00e0 regarder en arri\u00e8re. C\u2019est d\u2019ailleurs ce qui rend notre album <em><strong>This Mirror Weighs a Ton<\/strong><\/em> important pour nous. Le disque est tr\u00e8s ancr\u00e9 dans le pr\u00e9sent, car il repr\u00e9sente exactement qui nous sommes aujourd\u2019hui, individuellement et en tant que groupe. Nous sommes encore dans une p\u00e9riode o\u00f9 nous avons beaucoup de choses \u00e0 dire et \u00e0 explorer.<\/p>\n<figure data-wp-context=\"{&quot;imageId&quot;:&quot;6a99c991e33c5&quot;}\" data-wp-interactive=\"core\/image\" data-wp-key=\"6a99c991e33c5\" class=\"wp-block-image size-full wp-lightbox-container\"><img loading=\"lazy\" decoding=\"async\" width=\"2000\" height=\"1334\" data-wp-class--hide=\"state.isContentHidden\" data-wp-class--show=\"state.isContentVisible\" data-wp-init=\"callbacks.setButtonStyles\" data-wp-on--click=\"actions.showLightbox\" data-wp-on--load=\"callbacks.setButtonStyles\" data-wp-on--pointerdown=\"actions.preloadImage\" data-wp-on--pointerenter=\"actions.preloadImageWithDelay\" data-wp-on--pointerleave=\"actions.cancelPreload\" data-wp-on-window--resize=\"callbacks.setButtonStyles\" src=\"\/\/www.w3.org\/2000\/svg&apos;%20viewBox=&apos;0%200%202000%201334&apos;%3E%3C\/svg%3E\" alt=\"Le groupe Interpol \u00a9 DR.\" class=\"wp-image-887382\" data-lazy-src=\"https:\/\/numero.com\/wp-content\/uploads\/2026\/09\/20251121_INTERPOL_01_014_RT-1.jpg\"><img decoding=\"async\" loading=\"lazy\" width=\"2000\" height=\"1334\" data-wp-class--hide=\"state.isContentHidden\" data-wp-class--show=\"state.isContentVisible\" data-wp-init=\"callbacks.setButtonStyles\" data-wp-on--click=\"actions.showLightbox\" data-wp-on--load=\"callbacks.setButtonStyles\" data-wp-on--pointerdown=\"actions.preloadImage\" data-wp-on--pointerenter=\"actions.preloadImageWithDelay\" data-wp-on--pointerleave=\"actions.cancelPreload\" data-wp-on-window--resize=\"callbacks.setButtonStyles\" src=\"https:\/\/numero.com\/wp-content\/uploads\/2026\/09\/20251121_INTERPOL_01_014_RT-1.jpg\" alt=\"Le groupe Interpol \u00a9 DR.\" class=\"wp-image-887382\"><button class=\"lightbox-trigger\" type=\"button\" aria-haspopup=\"dialog\" data-wp-bind--aria-label=\"state.thisImage.triggerButtonAriaLabel\" data-wp-init=\"callbacks.initTriggerButton\" data-wp-on--click=\"actions.showLightbox\" data-wp-style--right=\"state.thisImage.buttonRight\" data-wp-style--top=\"state.thisImage.buttonTop\"><\/p>\n<p>\t\t<\/button><figcaption class=\"wp-element-caption\">Le groupe Interpol \u00a9 Eliot Lee Hazel \/ Partisan Records.<\/figcaption><\/figure>\n<h2 class=\"wp-block-heading has-text-align-center\">\u201c<em>J\u2019ai l\u2019impression que la masculinit\u00e9 \u00e9volue et devient progressivement plus \u00e0 l\u2019aise avec elle-m\u00eame<\/em>.\u201d Daniel Kessler<\/h2>\n<p class=\"wp-block-paragraph\"><strong>Le groupe Interpol a \u00e9merg\u00e9 \u00e0 une \u00e9poque o\u00f9 l\u2019\u00e9l\u00e9gance masculine \u00e9tait extr\u00eamement codifi\u00e9e. Avec le retour de l\u2019<a href=\"https:\/\/numero.com\/mode\/indie-sleaze-qui-sont-les-icones-de-la-tendance-phare-des-annees-2000\/\" id=\"https:\/\/numero.com\/mode\/indie-sleaze-qui-sont-les-icones-de-la-tendance-phare-des-annees-2000\/\" target=\"_blank\" rel=\"noreferrer noopener\">indie sleaze<\/a>, avez-vous le sentiment que votre propre style est aujourd\u2019hui regard\u00e9 diff\u00e9remment ?<\/strong><\/p>\n<p class=\"wp-block-paragraph\">C\u2019est amusant car je m\u2019habille presque toujours en noir, avec un costume et un pantalon l\u00e9g\u00e8rement taille haute. Je crois que, depuis que j\u2019ai six ans, je savais d\u00e9j\u00e0 qu\u2019un jour je m\u2019habillerais comme les membres de <strong>The Specials<\/strong> (un groupe de musique britannique form\u00e9 \u00e0 la fin des ann\u00e9es 1970, ndlr) ou comme certains personnages de grands films du d\u00e9but des ann\u00e9es 60. J\u2019ai toujours eu le sentiment que cette silhouette pouvait traverser les \u00e9poques. Mais en r\u00e9alit\u00e9, la mode fonctionne beaucoup par cycles, un peu comme la musique. On nous avait annonc\u00e9 que le rock \u00e9tait mort, puis vingt ans plus tard, il revient. On peut presque pr\u00e9voir ces mouvements.<\/p>\n<p class=\"wp-block-paragraph\"><strong>Pensez-vous qu\u2019un homme peut aujourd\u2019hui encore utiliser le v\u00eatement comme une forme de construction ou de subversion de sa masculinit\u00e9, comme cela pouvait \u00eatre le cas dans les ann\u00e9es 2000 ?<\/strong><\/p>\n<p class=\"wp-block-paragraph\">Au fond, tout est une question de confort et d\u2019expression personnelle. Cela peut prendre des formes tr\u00e8s diff\u00e9rentes. Quelque chose de tr\u00e8s spectaculaire ou, au contraire, de beaucoup plus sobre et minimaliste. L\u2019important, c\u2019est la mani\u00e8re dont on a envie de se repr\u00e9senter et de s\u2019exprimer. Et puis la masculinit\u00e9 \u00e9volue elle aussi. J\u2019ai l\u2019impression qu\u2019elle devient progressivement plus \u00e0 l\u2019aise avec elle-m\u00eame. D\u2019une mani\u00e8re plus saine, moins li\u00e9e \u00e0 cette id\u00e9e de virilit\u00e9 toxique. Je trouve aussi tr\u00e8s int\u00e9ressant de voir certaines tendances revenir. Il y a des \u00e9l\u00e9ments des ann\u00e9es 90 que je n\u2019aurais jamais imagin\u00e9 revoir, comme les pantalons tr\u00e8s larges, les baggys, et plus largement toute cette esth\u00e9tique tr\u00e8s rave.<\/p>\n<figure class=\"wp-block-embed is-type-video is-provider-youtube wp-block-embed-youtube wp-embed-aspect-4-3 wp-has-aspect-ratio\">\n<div class=\"wp-block-embed__wrapper\">\n<div class=\"cookieconsent-optout-statistics cookieconsent-optout-marketing\"><\/div>\n<\/div><figcaption class=\"wp-element-caption\">Interpol \u2013 <em>Iron City<\/em> (2026).<\/figcaption><\/figure>\n<h2 class=\"wp-block-heading has-text-align-center\">\u201c<em>La technologie est partout autour de nous, elle transforme d\u00e9j\u00e0 notre quotidien.<\/em>\u201d Daniel Kessler<\/h2>\n<p class=\"wp-block-paragraph\"><strong>Une partie des membres d\u2019Interpol sont devenus parents au cours de la longue histoire du groupe. Est-ce que le fait d\u2019avoir d\u00e9sormais des enfants change votre mani\u00e8re d\u2019\u00e9crire sur l\u2019avenir ?<\/strong><\/p>\n<p class=\"wp-block-paragraph\">\u00c0 titre personnel, je n\u2019ai pas d\u2019enfants, donc je ne peux pas vraiment parler de mon exp\u00e9rience. Mais pour Paul, \u00e9videmment, cela a chang\u00e9 beaucoup de choses. Il a aujourd\u2019hui deux enfants et je pense que cela a forc\u00e9ment intensifi\u00e9 certaines \u00e9motions, notamment lorsqu\u2019il est loin d\u2019eux. Nous tournons beaucoup, alors chaque fois qu\u2019il quitte sa famille, il faut que cela en vaille vraiment la peine. Je pense que cela rend aussi les concerts encore plus importants pour lui. S\u2019il doit \u00eatre loin de sa famille, il faut que le moment sur sc\u00e8ne soit pleinement v\u00e9cu, qu\u2019il ait vraiment le sentiment d\u2019\u00eatre l\u00e0, dans l\u2019instant. Je trouve qu\u2019il a fait un travail remarquable pour \u00e9voluer avec cette nouvelle r\u00e9alit\u00e9. Je pense aussi que cela peut renforcer l\u2019exigence que l\u2019on a envers ce que l\u2019on cr\u00e9e. Mais, pour \u00eatre honn\u00eate, nous nous sommes toujours mis \u00e9norm\u00e9ment de pression. <\/p>\n<p class=\"wp-block-paragraph\"><strong>Le th\u00e8me de l\u2019intelligence artificielle appara\u00eet en filigrane dans l\u2019album, notamment sur le titre <em>Iron City<\/em>. Pourquoi \u00e9tait-il important pour vous d\u2019int\u00e9grer cette r\u00e9flexion sur la technologie et son impact sur nos vies ?<\/strong><\/p>\n<p class=\"wp-block-paragraph\">\u00c0 vrai dire, cette id\u00e9e vient surtout de Paul : d\u00e8s le d\u00e9part, il voulait parler de l\u2019impact de la technologie sur notre existence. Les paroles sont vraiment son domaine et je ne peux pas pr\u00e9tendre savoir \u00e0 l\u2019avance les sujets qu\u2019il aura envie d\u2019aborder. Je n\u2019aurais peut-\u00eatre pas devin\u00e9 qu\u2019il voudrait parler de politique ou, plus largement, de notre vie contemporaine, mais ce sont des th\u00e8mes qui lui parlent aujourd\u2019hui. Et puis ce sont des questions qui nous concernent tous. La technologie est partout autour de nous, elle transforme d\u00e9j\u00e0 notre quotidien et elle aura forc\u00e9ment un impact sur notre avenir. C\u2019est donc devenu un sujet qui avait sa place dans cet album.<\/p>\n<p class=\"wp-block-paragraph\"><em>This Mirror Weighs a Ton (2026) d\u2019Interpol, disponible.<\/em><\/p>\n<p class=\"wp-block-paragraph\">\n<\/p><\/div>\n<\/p><\/div>\n<div class=\"col-lg-3\">\n<div class=\"suggested-posts padding-top-s\">\n<div class=\"title\">Recommand\u00e9<\/div>\n<div class=\"post-card\">\n\t\t\t\t\t\t\t\t\t\t<a class=\"post-link d-flex\" href=\"https:\/\/numero.com\/culture\/musique\/comment-the-cure-a-marque-la-pop-culture\/\"><\/p>\n<div class=\"container-img \">\n\t\t\t\t\t\t\t\t\t\t\t\t<img loading=\"lazy\" decoding=\"async\" width=\"640\" height=\"804\" src=\"\/\/www.w3.org\/2000\/svg&apos;%20viewBox=&apos;0%200%20640%20804&apos;%3E%3C\/svg%3E\" class=\"img-fluid\" alt=\"Annonc\u00e9 \u00e0 Rock en Seine 2026, le groupe The Cure a marqu\u00e9 l&apos;histoire du rock\" data-lazy-src=\"https:\/\/numero.com\/wp-content\/uploads\/2025\/11\/thumb-the-cure-numero-magazine-768x965.jpg\"><img decoding=\"async\" width=\"640\" height=\"804\" src=\"https:\/\/numero.com\/wp-content\/uploads\/2025\/11\/thumb-the-cure-numero-magazine-768x965.jpg\" class=\"img-fluid\" alt=\"Annonc\u00e9 \u00e0 Rock en Seine 2026, le groupe The Cure a marqu\u00e9 l&apos;histoire du rock\" loading=\"lazy\">\t\t\t\t\t\t\t\t\t\t\t\t<\/p>\n<p class=\"number\">19<\/p>\n<\/p><\/div>\n<div class=\"card-info d-flex\">\n<div>\n<p class=\"cat-title\">Musique<\/p>\n<h3 class=\"post-title\">Comment The Cure a marqu\u00e9 la pop culture, de Tim Burton \u00e0 Olivia Rodrigo<\/h3>\n<\/p><\/div>\n<p class=\"date\">\n\t\t\t\t\t\t\t\t\t\t\t\t\t19 ao\u00fbt 2026\t\t\t\t\t\t\t\t\t\t\t\t<\/p>\n<\/p><\/div>\n<p>\t\t\t\t\t\t\t\t\t\t<\/a>\n\t\t\t\t\t\t\t\t\t<\/div>\n<\/p><\/div>\n<\/p><\/div>\n<\/p><\/div>\n<div class=\"padding-top-s\">\n<div class=\"ad banner desktop\">\n<div class=\"container\">\n<div class=\"row\">\n            <!-- \/21730003857\/numero-ad-unit\/numero-banner-1 --><\/p>\n<div class=\"ad-responsive\">\n<div id=\"div-gpt-ad-1773673267712-0\" class=\"ads-pub\">\n<p>                        googletag.cmd.push(function () {<br \/>\n                            googletag.display(&#8216;div-gpt-ad-1773673267712-0&#8217;);<br \/>\n                        });<\/p><\/div>\n<\/p><\/div>\n<\/p><\/div>\n<\/p><\/div>\n<\/div><\/div>\n<\/p><\/div>\n<\/section>\n<p>        <button class=\"btn-newsletter btn-outline-white my-5\" id=\"open-modal-newsletter\">Inscrivez-vous \u00e0 la newsletter<\/button>\t\t<\/p>\n<section class=\"related-posts post-list padding-top-m padding-bottom-s\">\n<div class=\"container\">\n<h2 class=\"title mx-auto\">\u00c0 lire aussi<\/h2>\n<div class=\"row\">\n<div class=\"col-lg-3\">\n<div class=\"post-card desktop\">\n\t\t\t\t\t\t\t\t\t\t<a class=\"post-link\" href=\"https:\/\/numero.com\/culture\/comment-en-finir-avec-le-snobisme\/\"><\/p>\n<div class=\"container-img\">\n<p>                                                <img decoding=\"async\" src=\"\/\/www.w3.org\/2000\/svg&apos;%20viewBox=&apos;0%200%200%200&apos;%3E%3C\/svg%3E\" alt=\"La chanteuse Addison Rae.\" data-lazy-src=\"https:\/\/numero.com\/wp-content\/uploads\/2026\/01\/addison-rae1.jpg\"><img decoding=\"async\" src=\"https:\/\/numero.com\/wp-content\/uploads\/2026\/01\/addison-rae1.jpg\" alt=\"La chanteuse Addison Rae.\"><\/p>\n<div class=\"number\">02<\/div>\n<\/p><\/div>\n<div class=\"card-info\">\n<div class=\"meta d-flex justify-content-between\">\n<p class=\"cat-title\">Culture<\/p>\n<p class=\"date\">\n\t\t\t\t\t\t\t\t\t\t\t\t\t\t2 sept 2026\t\t\t\t\t\t\t\t\t\t\t\t\t<\/p>\n<\/p><\/div>\n<div class=\"post-title\">3 livres pour en finir avec la tyrannie du bon go\u00fbt<\/div>\n<\/p><\/div>\n<p>\t\t\t\t\t\t\t\t\t\t<\/a>\n\t\t\t\t\t\t\t\t\t<\/div>\n<div class=\"post-card mobile\">\n\t\t\t\t\t\t\t\t\t\t<a class=\"post-link d-flex\" href=\"https:\/\/numero.com\/culture\/comment-en-finir-avec-le-snobisme\/\"><\/p>\n<div class=\"container-img\">\n\t\t\t\t\t\t\t\t\t\t\t\t<img loading=\"lazy\" decoding=\"async\" width=\"640\" height=\"804\" src=\"\/\/www.w3.org\/2000\/svg&apos;%20viewBox=&apos;0%200%20640%20804&apos;%3E%3C\/svg%3E\" class=\"img-fluid\" alt=\"La chanteuse Addison Rae.\" data-lazy-src=\"https:\/\/numero.com\/wp-content\/uploads\/2026\/01\/addison-rae1-768x965.jpg\"><img decoding=\"async\" width=\"640\" height=\"804\" src=\"https:\/\/numero.com\/wp-content\/uploads\/2026\/01\/addison-rae1-768x965.jpg\" class=\"img-fluid\" alt=\"La chanteuse Addison Rae.\" loading=\"lazy\">\t\t\t\t\t\t\t\t\t\t\t\t<\/p>\n<div class=\"number\">02<\/div>\n<\/p><\/div>\n<div class=\"card-info d-flex\">\n<div>\n<p class=\"cat-title\">Culture<\/p>\n<h3 class=\"post-title\">3 livres pour en finir avec la tyrannie du bon go\u00fbt<\/h3>\n<\/p><\/div>\n<p class=\"date\">\n\t\t\t\t\t\t\t\t\t\t\t\t\t2 sept 2026\t\t\t\t\t\t\t\t\t\t\t\t<\/p>\n<\/p><\/div>\n<p>\t\t\t\t\t\t\t\t\t\t<\/a>\n\t\t\t\t\t\t\t\t\t<\/div>\n<\/p><\/div>\n<div class=\"col-lg-3\">\n<div class=\"post-card desktop\">\n\t\t\t\t\t\t\t\t\t\t<a class=\"post-link\" href=\"https:\/\/numero.com\/culture\/musique\/prince-albums-chansons\/\"><\/p>\n<div class=\"container-img\">\n<p>                                                <img decoding=\"async\" src=\"\/\/www.w3.org\/2000\/svg&apos;%20viewBox=&apos;0%200%200%200&apos;%3E%3C\/svg%3E\" alt=\"Prince en concert durant le Purple Rain Tour, le 4 novembre 1984, \u00e0 la Joe Louis Arena \u00e0 Detroit, dans le Michigan. \u00a9 Ross Marino\/Getty Images.\" data-lazy-src=\"https:\/\/numero.com\/wp-content\/uploads\/2016\/04\/prince-stranger-things3.jpg\"><img decoding=\"async\" src=\"https:\/\/numero.com\/wp-content\/uploads\/2016\/04\/prince-stranger-things3.jpg\" alt=\"Prince en concert durant le Purple Rain Tour, le 4 novembre 1984, \u00e0 la Joe Louis Arena \u00e0 Detroit, dans le Michigan. \u00a9 Ross Marino\/Getty Images.\"><\/p>\n<div class=\"number\">02<\/div>\n<\/p><\/div>\n<div class=\"card-info\">\n<div class=\"meta d-flex justify-content-between\">\n<p class=\"cat-title\">Musique<\/p>\n<p class=\"date\">\n\t\t\t\t\t\t\t\t\t\t\t\t\t\t2 sept 2026\t\t\t\t\t\t\t\t\t\t\t\t\t<\/p>\n<\/p><\/div>\n<div class=\"post-title\">Red\u00e9couvert gr\u00e2ce \u00e0 Stranger Things par la Gen Z, Prince ressuscite avec un disque de raret\u00e9s<\/div>\n<\/p><\/div>\n<p>\t\t\t\t\t\t\t\t\t\t<\/a>\n\t\t\t\t\t\t\t\t\t<\/div>\n<div class=\"post-card mobile\">\n\t\t\t\t\t\t\t\t\t\t<a class=\"post-link d-flex\" href=\"https:\/\/numero.com\/culture\/musique\/prince-albums-chansons\/\"><\/p>\n<div class=\"container-img\">\n\t\t\t\t\t\t\t\t\t\t\t\t<img loading=\"lazy\" decoding=\"async\" width=\"640\" height=\"804\" src=\"\/\/www.w3.org\/2000\/svg&apos;%20viewBox=&apos;0%200%20640%20804&apos;%3E%3C\/svg%3E\" class=\"img-fluid\" alt=\"Prince en concert durant le Purple Rain Tour, le 4 novembre 1984, \u00e0 la Joe Louis Arena \u00e0 Detroit, dans le Michigan. \u00a9 Ross Marino\/Getty Images.\" data-lazy-src=\"https:\/\/numero.com\/wp-content\/uploads\/2016\/04\/prince-stranger-things3-768x965.jpg\"><img decoding=\"async\" width=\"640\" height=\"804\" src=\"https:\/\/numero.com\/wp-content\/uploads\/2016\/04\/prince-stranger-things3-768x965.jpg\" class=\"img-fluid\" alt=\"Prince en concert durant le Purple Rain Tour, le 4 novembre 1984, \u00e0 la Joe Louis Arena \u00e0 Detroit, dans le Michigan. \u00a9 Ross Marino\/Getty Images.\" loading=\"lazy\">\t\t\t\t\t\t\t\t\t\t\t\t<\/p>\n<div class=\"number\">02<\/div>\n<\/p><\/div>\n<div class=\"card-info d-flex\">\n<div>\n<p class=\"cat-title\">Musique<\/p>\n<h3 class=\"post-title\">Red\u00e9couvert gr\u00e2ce \u00e0 Stranger Things par la Gen Z, Prince ressuscite avec un disque de raret\u00e9s<\/h3>\n<\/p><\/div>\n<p class=\"date\">\n\t\t\t\t\t\t\t\t\t\t\t\t\t2 sept 2026\t\t\t\t\t\t\t\t\t\t\t\t<\/p>\n<\/p><\/div>\n<p>\t\t\t\t\t\t\t\t\t\t<\/a>\n\t\t\t\t\t\t\t\t\t<\/div>\n<\/p><\/div>\n<div class=\"col-lg-3\">\n<div class=\"post-card desktop\">\n\t\t\t\t\t\t\t\t\t\t<a class=\"post-link\" href=\"https:\/\/numero.com\/culture\/musique\/miley-cyrus-bass-persuades\/\"><\/p>\n<div class=\"container-img\">\n<p>                                                <img decoding=\"async\" src=\"\/\/www.w3.org\/2000\/svg&apos;%20viewBox=&apos;0%200%200%200&apos;%3E%3C\/svg%3E\" alt=\"La chanteuse Miley Cyrus.\" data-lazy-src=\"https:\/\/numero.com\/wp-content\/uploads\/2026\/09\/miley-cyrus2.jpg\"><img decoding=\"async\" src=\"https:\/\/numero.com\/wp-content\/uploads\/2026\/09\/miley-cyrus2.jpg\" alt=\"La chanteuse Miley Cyrus.\"><\/p>\n<div class=\"number\">02<\/div>\n<\/p><\/div>\n<div class=\"card-info\">\n<div class=\"meta d-flex justify-content-between\">\n<p class=\"cat-title\">Musique<\/p>\n<p class=\"date\">\n\t\t\t\t\t\t\t\t\t\t\t\t\t\t2 sept 2026\t\t\t\t\t\t\t\t\t\t\t\t\t<\/p>\n<\/p><\/div>\n<div class=\"post-title\">Miley Cyrus va de nouveau se m\u00e9tamorphoser en rock star sur son nouvel album<\/div>\n<\/p><\/div>\n<p>\t\t\t\t\t\t\t\t\t\t<\/a>\n\t\t\t\t\t\t\t\t\t<\/div>\n<div class=\"post-card mobile\">\n\t\t\t\t\t\t\t\t\t\t<a class=\"post-link d-flex\" href=\"https:\/\/numero.com\/culture\/musique\/miley-cyrus-bass-persuades\/\"><\/p>\n<div class=\"container-img\">\n\t\t\t\t\t\t\t\t\t\t\t\t<img loading=\"lazy\" decoding=\"async\" width=\"640\" height=\"804\" src=\"\/\/www.w3.org\/2000\/svg&apos;%20viewBox=&apos;0%200%20640%20804&apos;%3E%3C\/svg%3E\" class=\"img-fluid\" alt=\"La chanteuse Miley Cyrus.\" data-lazy-src=\"https:\/\/numero.com\/wp-content\/uploads\/2026\/09\/miley-cyrus2-768x965.jpg\"><img decoding=\"async\" width=\"640\" height=\"804\" src=\"https:\/\/numero.com\/wp-content\/uploads\/2026\/09\/miley-cyrus2-768x965.jpg\" class=\"img-fluid\" alt=\"La chanteuse Miley Cyrus.\" loading=\"lazy\">\t\t\t\t\t\t\t\t\t\t\t\t<\/p>\n<div class=\"number\">02<\/div>\n<\/p><\/div>\n<div class=\"card-info d-flex\">\n<div>\n<p class=\"cat-title\">Musique<\/p>\n<h3 class=\"post-title\">Miley Cyrus va de nouveau se m\u00e9tamorphoser en rock star sur son nouvel album<\/h3>\n<\/p><\/div>\n<p class=\"date\">\n\t\t\t\t\t\t\t\t\t\t\t\t\t2 sept 2026\t\t\t\t\t\t\t\t\t\t\t\t<\/p>\n<\/p><\/div>\n<p>\t\t\t\t\t\t\t\t\t\t<\/a>\n\t\t\t\t\t\t\t\t\t<\/div>\n<\/p><\/div>\n<div class=\"col-lg-3\">\n<div class=\"post-card desktop\">\n\t\t\t\t\t\t\t\t\t\t<a class=\"post-link\" href=\"https:\/\/numero.com\/culture\/musique\/celine-dion-retour-concerts-paris\/\"><\/p>\n<div class=\"container-img\">\n<p>                                                <img decoding=\"async\" src=\"\/\/www.w3.org\/2000\/svg&apos;%20viewBox=&apos;0%200%200%200&apos;%3E%3C\/svg%3E\" alt=\"C\u00e9line Dion au Caesars Palace, le 8 octobre 2016 \u00e0 Las Vegas. \u00a9 Denise Truscello\/WireImage.\" data-lazy-src=\"https:\/\/numero.com\/wp-content\/uploads\/2026\/03\/Celine-Dion-22.jpg\"><img decoding=\"async\" src=\"https:\/\/numero.com\/wp-content\/uploads\/2026\/03\/Celine-Dion-22.jpg\" alt=\"C\u00e9line Dion au Caesars Palace, le 8 octobre 2016 \u00e0 Las Vegas. \u00a9 Denise Truscello\/WireImage.\"><\/p>\n<div class=\"number\">01<\/div>\n<\/p><\/div>\n<div class=\"card-info\">\n<div class=\"meta d-flex justify-content-between\">\n<p class=\"cat-title\">Musique<\/p>\n<p class=\"date\">\n\t\t\t\t\t\t\t\t\t\t\t\t\t\t1 sept 2026\t\t\t\t\t\t\t\t\t\t\t\t\t<\/p>\n<\/p><\/div>\n<div class=\"post-title\">Pourquoi le comeback de C\u00e9line Dion nous \u00e9meut autant<\/div>\n<\/p><\/div>\n<p>\t\t\t\t\t\t\t\t\t\t<\/a>\n\t\t\t\t\t\t\t\t\t<\/div>\n<div class=\"post-card mobile\">\n\t\t\t\t\t\t\t\t\t\t<a class=\"post-link d-flex\" href=\"https:\/\/numero.com\/culture\/musique\/celine-dion-retour-concerts-paris\/\"><\/p>\n<div class=\"container-img\">\n\t\t\t\t\t\t\t\t\t\t\t\t<img loading=\"lazy\" decoding=\"async\" width=\"640\" height=\"804\" src=\"\/\/www.w3.org\/2000\/svg&apos;%20viewBox=&apos;0%200%20640%20804&apos;%3E%3C\/svg%3E\" class=\"img-fluid\" alt=\"C\u00e9line Dion au Caesars Palace, le 8 octobre 2016 \u00e0 Las Vegas. \u00a9 Denise Truscello\/WireImage.\" data-lazy-src=\"https:\/\/numero.com\/wp-content\/uploads\/2026\/03\/Celine-Dion-22-768x965.jpg\"><img decoding=\"async\" width=\"640\" height=\"804\" src=\"https:\/\/numero.com\/wp-content\/uploads\/2026\/03\/Celine-Dion-22-768x965.jpg\" class=\"img-fluid\" alt=\"C\u00e9line Dion au Caesars Palace, le 8 octobre 2016 \u00e0 Las Vegas. \u00a9 Denise Truscello\/WireImage.\" loading=\"lazy\">\t\t\t\t\t\t\t\t\t\t\t\t<\/p>\n<div class=\"number\">01<\/div>\n<\/p><\/div>\n<div class=\"card-info d-flex\">\n<div>\n<p class=\"cat-title\">Musique<\/p>\n<h3 class=\"post-title\">Pourquoi le comeback de C\u00e9line Dion nous \u00e9meut autant<\/h3>\n<\/p><\/div>\n<p class=\"date\">\n\t\t\t\t\t\t\t\t\t\t\t\t\t1 sept 2026\t\t\t\t\t\t\t\t\t\t\t\t<\/p>\n<\/p><\/div>\n<p>\t\t\t\t\t\t\t\t\t\t<\/a>\n\t\t\t\t\t\t\t\t\t<\/div>\n<\/p><\/div>\n<\/p><\/div>\n<\/p><\/div>\n<\/section>\n<div class=\"padding-bottom-s\">\n<div class=\"ad banner desktop\">\n<div class=\"container\">\n<div class=\"row\">\n            <!-- \/21730003857\/numero-ad-unit\/numero-banner-1 --><\/p>\n<div class=\"ad-responsive\">\n<div id=\"div-gpt-ad-1773673267712-0\" class=\"ads-pub\">\n<p>                        googletag.cmd.push(function () {<br \/>\n                            googletag.display(&#8216;div-gpt-ad-1773673267712-0&#8217;);<br \/>\n                        });<\/p><\/div>\n<\/p><\/div>\n<\/p><\/div>\n<\/p><\/div>\n<\/div><\/div>\n<\/p><\/div>\n","protected":false},"excerpt":{"rendered":"<p>3 3 googletag.cmd.push(function () { googletag.display(&#8216;div-gpt-ad-1773673590069-0&#8217;); }); Lien copi\u00e9 Musique 3 sept 2026 Les confessions du groupe Interpol, stars charismatiques du rock new-yorkais Depuis la sortie de l\u2019album Turn On the Bright Lights en 2002, Interpol s\u2019est impos\u00e9 comme l\u2019un des groupes embl\u00e9matiques du renouveau rock new-yorkais des ann\u00e9es 2000. Vingt-quatre ans plus tard, le [&hellip;]<\/p>\n","protected":false},"author":1,"featured_media":0,"comment_status":"open","ping_status":"","sticky":false,"template":"","format":"standard","meta":{"footnotes":""},"categories":[1],"tags":[226,258],"class_list":["post-2126655","post","type-post","status-publish","format-standard","hentry","category-uncategorized","tag-crawlmanager","tag-numero-com"],"_links":{"self":[{"href":"https:\/\/analyse.optim.biz\/index.php?rest_route=\/wp\/v2\/posts\/2126655","targetHints":{"allow":["GET"]}}],"collection":[{"href":"https:\/\/analyse.optim.biz\/index.php?rest_route=\/wp\/v2\/posts"}],"about":[{"href":"https:\/\/analyse.optim.biz\/index.php?rest_route=\/wp\/v2\/types\/post"}],"author":[{"embeddable":true,"href":"https:\/\/analyse.optim.biz\/index.php?rest_route=\/wp\/v2\/users\/1"}],"replies":[{"embeddable":true,"href":"https:\/\/analyse.optim.biz\/index.php?rest_route=%2Fwp%2Fv2%2Fcomments&post=2126655"}],"version-history":[{"count":0,"href":"https:\/\/analyse.optim.biz\/index.php?rest_route=\/wp\/v2\/posts\/2126655\/revisions"}],"wp:attachment":[{"href":"https:\/\/analyse.optim.biz\/index.php?rest_route=%2Fwp%2Fv2%2Fmedia&parent=2126655"}],"wp:term":[{"taxonomy":"category","embeddable":true,"href":"https:\/\/analyse.optim.biz\/index.php?rest_route=%2Fwp%2Fv2%2Fcategories&post=2126655"},{"taxonomy":"post_tag","embeddable":true,"href":"https:\/\/analyse.optim.biz\/index.php?rest_route=%2Fwp%2Fv2%2Ftags&post=2126655"}],"curies":[{"name":"wp","href":"https:\/\/api.w.org\/{rel}","templated":true}]}}