{"id":2126569,"date":"2026-09-03T11:47:02","date_gmt":"2026-09-03T08:47:02","guid":{"rendered":"https:\/\/analyse.optim.biz\/?p=2126569"},"modified":"2026-09-03T11:47:02","modified_gmt":"2026-09-03T08:47:02","slug":"pot-incepe-lucrarile-la-podul-solventul-a-fost-semnat-contractul-de-executie","status":"publish","type":"post","link":"https:\/\/analyse.optim.biz\/?p=2126569","title":{"rendered":"Pot \u00eencepe lucr\u0103rile la Podul Solventul! A fost semnat contractul de execu\u021bie"},"content":{"rendered":"<p>[analyse_image type=&#8221;featured&#8221; src=&#8221;https:\/\/www.sursadevest.ro\/wp-content\/uploads\/2025\/07\/pod-solventu.jpg&#8221;]<\/p>\n<p><main id=\"tm-main\"><\/p>\n<div class=\"uk-section-default uk-section\">\n<div class=\"uk-grid-margin uk-container uk-container-xsmall\">\n<div class=\"uk-grid tm-grid-expand uk-child-width-1-1\">\n<div class=\"uk-width-1-1\">\n<h1 class=\"uk-h2 uk-margin uk-text-center\">\n<p>                    Pot \u00eencepe lucr\u0103rile la Podul Solventul! A fost semnat contractul de execu\u021bie        <\/p>\n<\/h1>\n<div class=\"uk-panel uk-margin uk-text-center\"><time datetime=\"2026-09-03T13:47:02+02:00\">3 septembrie, 2026<\/time> | <a href=\"https:\/\/www.sursadevest.ro\/author\/petronela\/\">Sursa de Vest<\/a> | <a href=\"https:\/\/www.sursadevest.ro\/categorie\/stiri\/eveniment\/\" rel=\"tag\">Eveniment<\/a>, <a href=\"https:\/\/www.sursadevest.ro\/categorie\/stiri\/\" rel=\"tag\">\u0218tiri<\/a> | <a href=\"https:\/\/www.sursadevest.ro\/pot-incepe-lucrarile-la-podul-solventul-a-fost-semnat-contractul-de-executie\/#respond\">Niciun comentariu<span class=\"screen-reader-text\"> la Pot \u00eencepe lucr\u0103rile la Podul Solventul! A fost semnat contractul de execu\u021bie<\/span><\/a><\/div>\n<\/div>\n<\/div>\n<\/div>\n<div class=\"uk-container uk-margin-large\">\n<div class=\"uk-grid tm-grid-expand uk-grid-column-large\">\n<div class=\"uk-width-2-3@m\">\n<nav aria-label=\"Breadcrumb\" class=\"uk-margin-small\">\n<ul class=\"uk-breadcrumb uk-margin-remove-bottom\">\n<li><\/li>\n<li><a href=\"https:\/\/www.sursadevest.ro\/categorie\/stiri\/\"><span>\u0218tiri<\/span><\/a><\/li>\n<li><a href=\"https:\/\/www.sursadevest.ro\/categorie\/stiri\/eveniment\/\"><span>Eveniment<\/span><\/a><\/li>\n<\/ul>\n<\/nav>\n<div class=\"uk-margin\"><source type=\"image\/webp\" srcset=\"\/wp-content\/uploads\/yootheme\/cache\/9e\/pod-solventu-9e861950.webp 768w, https:\/\/www.sursadevest.ro\/index.php?yootheme=cache\/bf\/pod-solventu-bf911542.webp&amp;src=wp-content\/uploads\/2025\/07\/pod-solventu.jpg&amp;thumbnail=1024,585,&amp;type=webp,85&amp;hash=366c6844 1024w, \/wp-content\/uploads\/yootheme\/cache\/5a\/pod-solventu-5af1e73b.webp 1338w\" sizes=\"(min-width: 1338px) 1338px\" \/><\/div>\n<div class=\"uk-margin-remove-vertical uk-hidden@m\">\n<div class=\"uk-grid uk-child-width-1-1 uk-child-width-1-2@s uk-grid-small uk-grid-match\">\n<div>\n<div class=\"el-item uk-panel\"><a href=\"https:\/\/retim.ro\/eticheta\" target=\"_blank\"><\/p>\n<div class=\"uk-inline-clip uk-transition-toggle\"><img loading=\"lazy\" decoding=\"async\" class=\"el-image uk-transition-scale-down uk-transition-opaque\" src=\"https:\/\/www.sursadevest.ro\/wp-content\/uploads\/2025\/07\/ReTIM-banner-press-300x300px.gif\" alt width=\"300\" height=\"300\"><\/div>\n<p><\/a><\/p>\n<div class=\"uk-padding-small uk-margin-remove-first-child\">\n<div class=\"el-meta uk-text-meta uk-margin-small-top\">Retim Ecologic Service<\/div>\n<div class=\"uk-margin-small-top\"><a href=\"https:\/\/retim.ro\/eticheta\" target=\"_blank\" class=\"el-link uk-button uk-button-text\">Vezi detalii<\/a><\/div>\n<\/div>\n<\/div>\n<\/div>\n<\/div>\n<\/div>\n<div class=\"uk-panel uk-margin-remove-top uk-margin-medium-bottom\">\n<p class=\"wp-block-paragraph\">Construirea Podului Solventul, care va asigura leg\u0103tura \u00eentre cartierele D\u00e2mbovi\u021ba \u0219i Rona\u021b, a intrat \u00een linie dreapt\u0103. Prim\u0103ria Timi\u0219oara anun\u021b\u0103 semnarea contractului de execu\u021bie a lucr\u0103rilor.<\/p>\n<p class=\"wp-block-paragraph\"><em>\u201eEste al patrulea pod la care \u00eencepem construc\u021bia anul acesta, dup\u0103 podul Muncii, pasajul Polon\u0103 \u0219i podul pietonal \u0219i velo de la Parcul Copiilor. Leg\u0103tura de la Solventul \u2013 pasaj \u0219i pod \u2013 pe care au a\u0219teptat-o genera\u021bii de timi\u0219oreni devine realitate\u201d,<\/em> a spus primarul Dominic Fritz.<\/p>\n<p class=\"wp-block-paragraph\">Podul Solventul, \u00een lungime de 55,5 metri \u0219i cu o l\u0103\u021bime de 35,5 metri, va completa Inelul IV de circula\u021bie, una dintre arterele esen\u021biale pentru fluidizarea traficului \u00een ora\u0219. <\/p>\n<p class=\"wp-block-paragraph\">Va avea linie dubl\u0103 de tramvai, patru benzi auto, piste pentru biciclete \u0219i trotuare generoase. Totodat\u0103, \u00een proiect este prev\u0103zut\u0103 l\u0103rgirea Bulevardului D\u00e2mbovi\u021ba, de la noul pod p\u00e2n\u0103 la intersec\u021bia cu str. Ion Barac, \u0219i introducerea liniei de tramvaie pe acest tronson. <\/p>\n<p class=\"wp-block-paragraph\">De asemenea, sunt incluse reconfigurarea intersec\u021biei cu Bulevardul D\u00e2mbovi\u021ba, conectarea la pistele de biciclet\u0103 de pe malul Beg\u0103i, precum \u0219i montarea iluminatului public cu telegestiune \u0219i realizarea re\u021belelor de utilit\u0103\u021bi. Pentru pietoni \u0219i bicicli\u0219ti vor fi montate dou\u0103 lifturi, dintre care unul va avea \u0219i rol de punct de belvedere.<\/p>\n<p class=\"wp-block-paragraph\">Pentru drumul de leg\u0103tur\u0103 \u00eentre Podul Solventul \u0219i pasajul Solventul, \u00een prezent, este \u00een derulare procedura de expropriere.<\/p>\n<p class=\"wp-block-paragraph\">Contractul a fost semnat cu asocierea FREYROM SA (lider) \u0219i PROCONS GROUP SRL (asociat). Valoarea contractului de execu\u021bie este de 96.076.330 lei (cu TVA), iar constructorul va avea la dispozi\u021bie 24 de luni de la emiterea ordinului de \u00eencepere.<\/p>\n<p class=\"wp-block-paragraph\">Valoarea total\u0103 a investi\u021biei este de 133,5 milioane de lei, dintre care 93 de milioane de lei provin din fonduri europene nerambursabile, prin Programul Regional Vest 2021\u20132027.<\/p>\n<\/div>\n<nav class=\"uk-text-center\">\n<ul class=\"uk-pagination uk-margin-remove-bottom uk-flex-center\">\n<li><a href=\"https:\/\/www.sursadevest.ro\/100-de-milioane-de-euro-au-venit-50-de-milioane-s-au-pierdut-pe-drum-bilantul-investitiilor-prin-pnrr-la-timisoara\/\"> Anterior<\/a><\/li>\n<li><a href=\"https:\/\/www.sursadevest.ro\/noi-restrictii-de-circulatie-la-timisoara-pentru-efectuarea-unor-lucrari\/\">Urm\u0103tor <\/a><\/li>\n<\/ul>\n<\/nav>\n<h3 class=\"uk-h5\">\n<p>                    Distribuie pe re\u021bele de socializare        <\/p>\n<\/h3>\n<div class=\"uk-margin-top uk-margin-remove-bottom\">\n<ul class=\"uk-child-width-auto uk-grid-small uk-flex-inline uk-flex-middle\">\n<li class=\"el-item\">\n<li class=\"el-item\">\n<li class=\"el-item\">\n<li class=\"el-item\"><\/ul>\n<\/div>\n<div class=\"uk-margin\">\n<div id=\"respond\" class=\"comment-respond\">\n<h2 id=\"reply-title\" class=\"el-title uk-h3 uk-heading-bullet\">Las\u0103 un r\u0103spuns <small><a rel=\"nofollow\" id=\"cancel-comment-reply-link\" class=\"uk-link-muted\" href=\"https:\/\/www.sursadevest.ro\/pot-incepe-lucrarile-la-podul-solventul-a-fost-semnat-contractul-de-executie\/#respond\">Anuleaz\u0103 r\u0103spunsul<\/a><\/small><\/h2>\n<p class=\"comment-notes\">Adresa ta de email nu va fi publicat\u0103. C\u00e2mpurile obligatorii sunt marcate cu <span class=\"required\">*<\/span><\/p>\n<div class=\"gglcptch gglcptch_v3\"><\/p>\n<div class=\"gglcptch_error_text\">Perioada de verificare reCAPTCHA a expirat. V\u0103 rug\u0103m s\u0103 re\u00eenc\u0103rca\u021bi pagina.<\/div>\n<\/div>\n<\/div>\n<\/div>\n<hr class=\"uk-margin-large\">\n<h2 class=\"uk-h3 uk-text-left@m uk-text-center\">\n<p>                    Alte articole        <\/p>\n<\/h2>\n<div id=\"template-OEvUe7Lh#0\" class=\"uk-margin\">\n<div class=\"uk-grid uk-child-width-1-1 uk-child-width-1-2@s uk-grid-column-medium uk-grid-match\">\n<div>\n<div class=\"el-item uk-panel uk-margin-remove-first-child\"><a href=\"https:\/\/www.sursadevest.ro\/noi-restrictii-de-circulatie-la-timisoara-pentru-efectuarea-unor-lucrari\/\"><source type=\"image\/webp\" srcset=\"\/wp-content\/uploads\/yootheme\/cache\/f2\/restrictii_trafic-f2fd4525.webp 610w, \/wp-content\/uploads\/yootheme\/cache\/a7\/restrictii_trafic-a77d77bc.webp 768w, \/wp-content\/uploads\/yootheme\/cache\/9e\/restrictii_trafic-9e786a8b.webp 900w\" sizes=\"(min-width: 610px) 610px\" \/><\/a><\/p>\n<div class=\"el-meta uk-h6 uk-text-primary uk-margin-top uk-margin-remove-bottom\"><time datetime=\"2026-09-03T14:29:44+02:00\">3 septembrie, 2026<\/time> | <a href=\"https:\/\/www.sursadevest.ro\/author\/petronela\/\">Sursa de Vest<\/a> | <a href=\"https:\/\/www.sursadevest.ro\/categorie\/stiri\/eveniment\/\" rel=\"tag\">Eveniment<\/a>, <a href=\"https:\/\/www.sursadevest.ro\/categorie\/stiri\/\" rel=\"tag\">\u0218tiri<\/a> | <a href=\"https:\/\/www.sursadevest.ro\/noi-restrictii-de-circulatie-la-timisoara-pentru-efectuarea-unor-lucrari\/#respond\">Niciun comentariu<span class=\"screen-reader-text\"> la Noi restric\u021bii de circula\u021bie, la Timi\u0219oara, pentru efectuarea unor lucr\u0103ri<\/span><\/a><\/div>\n<h3 class=\"el-title uk-h4 uk-link-reset uk-margin-small-top uk-margin-remove-bottom\"><a href=\"https:\/\/www.sursadevest.ro\/noi-restrictii-de-circulatie-la-timisoara-pentru-efectuarea-unor-lucrari\/\">Noi restric\u021bii de circula\u021bie, la Timi\u0219oara, pentru efectuarea unor lucr\u0103ri<\/a><\/h3>\n<div class=\"el-content uk-panel uk-margin-small-top\">\n<p>Prim\u0103ria Timi\u0219oara anun\u021b\u0103 noi restric\u021bii de circula\u021bie \u00een ora\u0219.<\/p>\n<\/div>\n<div class=\"uk-margin-top\"><a href=\"https:\/\/www.sursadevest.ro\/noi-restrictii-de-circulatie-la-timisoara-pentru-efectuarea-unor-lucrari\/\" class=\"el-link uk-button uk-button-text\">Vezi detalii<\/a><\/div>\n<\/div>\n<\/div>\n<div>\n<div class=\"el-item uk-panel uk-margin-remove-first-child\"><a href=\"https:\/\/www.sursadevest.ro\/pot-incepe-lucrarile-la-podul-solventul-a-fost-semnat-contractul-de-executie\/\"><source type=\"image\/webp\" srcset=\"\/wp-content\/uploads\/yootheme\/cache\/7c\/pod-solventu-7c38a4a2.webp 610w, \/wp-content\/uploads\/yootheme\/cache\/9e\/pod-solventu-9e861950.webp 768w, https:\/\/www.sursadevest.ro\/index.php?yootheme=cache\/bf\/pod-solventu-bf911542.webp&amp;src=wp-content\/uploads\/2025\/07\/pod-solventu.jpg&amp;thumbnail=1024,585,&amp;type=webp,85&amp;hash=366c6844 1024w, \/wp-content\/uploads\/yootheme\/cache\/69\/pod-solventu-6958740a.webp 1220w\" sizes=\"(min-width: 610px) 610px\" \/><\/a><\/p>\n<div class=\"el-meta uk-h6 uk-text-primary uk-margin-top uk-margin-remove-bottom\"><time datetime=\"2026-09-03T13:47:02+02:00\">3 septembrie, 2026<\/time> | <a href=\"https:\/\/www.sursadevest.ro\/author\/petronela\/\">Sursa de Vest<\/a> | <a href=\"https:\/\/www.sursadevest.ro\/categorie\/stiri\/eveniment\/\" rel=\"tag\">Eveniment<\/a>, <a href=\"https:\/\/www.sursadevest.ro\/categorie\/stiri\/\" rel=\"tag\">\u0218tiri<\/a> | <a href=\"https:\/\/www.sursadevest.ro\/pot-incepe-lucrarile-la-podul-solventul-a-fost-semnat-contractul-de-executie\/#respond\">Niciun comentariu<span class=\"screen-reader-text\"> la Pot \u00eencepe lucr\u0103rile la Podul Solventul! A fost semnat contractul de execu\u021bie<\/span><\/a><\/div>\n<h3 class=\"el-title uk-h4 uk-link-reset uk-margin-small-top uk-margin-remove-bottom\"><a href=\"https:\/\/www.sursadevest.ro\/pot-incepe-lucrarile-la-podul-solventul-a-fost-semnat-contractul-de-executie\/\">Pot \u00eencepe lucr\u0103rile la Podul Solventul! A fost semnat contractul de execu\u021bie<\/a><\/h3>\n<div class=\"el-content uk-panel uk-margin-small-top\">\n<p>Construirea Podului Solventul, care va asigura leg\u0103tura \u00eentre cartierele D\u00e2mbovi\u021ba \u0219i Rona\u021b, a intrat \u00een linie dreapt\u0103. Prim\u0103ria Timi\u0219oara anun\u021b\u0103 semnarea contractului de execu\u021bie a lucr\u0103rilor. \u201eEste al patrulea pod la care \u00eencepem construc\u021bia anul acesta, dup\u0103 podul Muncii, pasajul Polon\u0103 \u0219i podul pietonal \u0219i velo de la Parcul Copiilor. Leg\u0103tura de la Solventul \u2013 [\u2026]<\/p>\n<\/div>\n<div class=\"uk-margin-top\"><a href=\"https:\/\/www.sursadevest.ro\/pot-incepe-lucrarile-la-podul-solventul-a-fost-semnat-contractul-de-executie\/\" class=\"el-link uk-button uk-button-text\">Vezi detalii<\/a><\/div>\n<\/div>\n<\/div>\n<div>\n<div class=\"el-item uk-panel uk-margin-remove-first-child\"><a href=\"https:\/\/www.sursadevest.ro\/100-de-milioane-de-euro-au-venit-50-de-milioane-s-au-pierdut-pe-drum-bilantul-investitiilor-prin-pnrr-la-timisoara\/\"><img decoding=\"async\" class=\"el-image uk-border-rounded\" src=\"https:\/\/www.sursadevest.ro\/wp-content\/uploads\/2026\/09\/colaj-investitii-pnrr.gif\" alt=\"Modern university campus building with pedestrians near glass doors and surrounding trees (informative collage). In context, describes campus entrance and activity.\" loading=\"lazy\" width=\"610\" height=\"339\"><\/a><\/p>\n<div class=\"el-meta uk-h6 uk-text-primary uk-margin-top uk-margin-remove-bottom\"><time datetime=\"2026-09-03T13:33:58+02:00\">3 septembrie, 2026<\/time> | <a href=\"https:\/\/www.sursadevest.ro\/author\/petronela\/\">Sursa de Vest<\/a> | <a href=\"https:\/\/www.sursadevest.ro\/categorie\/stiri\/administratie\/\" rel=\"tag\">Administra\u021bie<\/a>, <a href=\"https:\/\/www.sursadevest.ro\/categorie\/stiri\/eveniment\/\" rel=\"tag\">Eveniment<\/a>, <a href=\"https:\/\/www.sursadevest.ro\/categorie\/stiri\/\" rel=\"tag\">\u0218tiri<\/a> | <a href=\"https:\/\/www.sursadevest.ro\/100-de-milioane-de-euro-au-venit-50-de-milioane-s-au-pierdut-pe-drum-bilantul-investitiilor-prin-pnrr-la-timisoara\/#respond\">Niciun comentariu<span class=\"screen-reader-text\"> la 100 de milioane de euro au venit, 50 de milioane s-au pierdut pe drum. Bilan\u021bul investi\u021biilor prin PNRR, la Timi\u0219oara<\/span><\/a><\/div>\n<h3 class=\"el-title uk-h4 uk-link-reset uk-margin-small-top uk-margin-remove-bottom\"><a href=\"https:\/\/www.sursadevest.ro\/100-de-milioane-de-euro-au-venit-50-de-milioane-s-au-pierdut-pe-drum-bilantul-investitiilor-prin-pnrr-la-timisoara\/\">100 de milioane de euro au venit, 50 de milioane s-au pierdut pe drum. Bilan\u021bul investi\u021biilor prin PNRR, la Timi\u0219oara<\/a><\/h3>\n<div class=\"el-content uk-panel uk-margin-small-top\">\n<p>Bilan\u021b cu plusuri, dar \u0219i cu pierderi pentru Prim\u0103ria Timi\u0219oara, la finalul proiectelor finan\u021bate prin Planul Na\u021bional de Redresare \u0219i Rezilien\u021b\u0103.<\/p>\n<\/div>\n<div class=\"uk-margin-top\"><a href=\"https:\/\/www.sursadevest.ro\/100-de-milioane-de-euro-au-venit-50-de-milioane-s-au-pierdut-pe-drum-bilantul-investitiilor-prin-pnrr-la-timisoara\/\" class=\"el-link uk-button uk-button-text\">Vezi detalii<\/a><\/div>\n<\/div>\n<\/div>\n<div>\n<div class=\"el-item uk-panel uk-margin-remove-first-child\"><a href=\"https:\/\/www.sursadevest.ro\/baza-sportiva-costica-radulescu-mai-aproape-de-momentul-deschiderii-investitia-a-fost-receptionata\/\"><img decoding=\"async\" class=\"el-image uk-border-rounded\" src=\"https:\/\/www.sursadevest.ro\/wp-content\/uploads\/2026\/09\/costica-radulescu.gif\" alt=\"Soccer field with green turf, white sideline markings, and a tall fence; a modern white building with green doors behind it under a blue sky.\" loading=\"lazy\" width=\"610\" height=\"339\"><\/a><\/p>\n<div class=\"el-meta uk-h6 uk-text-primary uk-margin-top uk-margin-remove-bottom\"><time datetime=\"2026-09-03T13:09:53+02:00\">3 septembrie, 2026<\/time> | <a href=\"https:\/\/www.sursadevest.ro\/author\/petronela\/\">Sursa de Vest<\/a> | <a href=\"https:\/\/www.sursadevest.ro\/categorie\/stiri\/eveniment\/\" rel=\"tag\">Eveniment<\/a>, <a href=\"https:\/\/www.sursadevest.ro\/categorie\/stiri\/\" rel=\"tag\">\u0218tiri<\/a> | <a href=\"https:\/\/www.sursadevest.ro\/baza-sportiva-costica-radulescu-mai-aproape-de-momentul-deschiderii-investitia-a-fost-receptionata\/#respond\">Niciun comentariu<span class=\"screen-reader-text\"> la Baza sportiv\u0103 \u201eCostic\u0103 R\u0103dulescu\u201d, mai aproape de momentul deschiderii! Investi\u021bia a fost recep\u021bionat\u0103<\/span><\/a><\/div>\n<h3 class=\"el-title uk-h4 uk-link-reset uk-margin-small-top uk-margin-remove-bottom\"><a href=\"https:\/\/www.sursadevest.ro\/baza-sportiva-costica-radulescu-mai-aproape-de-momentul-deschiderii-investitia-a-fost-receptionata\/\">Baza sportiv\u0103 \u201eCostic\u0103 R\u0103dulescu\u201d, mai aproape de momentul deschiderii! Investi\u021bia a fost recep\u021bionat\u0103<\/a><\/h3>\n<div class=\"el-content uk-panel uk-margin-small-top\">\n<p>Primele meciuri ar putea fi jucate pe baza sportiv\u0103 \u201eCostic\u0103 R\u0103dulescu\u201d \u00een cur\u00e2nd. Prim\u0103ria Timi\u0219oara anun\u021b\u0103 finalizarea recep\u021biei complexului sportiv.<\/p>\n<\/div>\n<div class=\"uk-margin-top\"><a href=\"https:\/\/www.sursadevest.ro\/baza-sportiva-costica-radulescu-mai-aproape-de-momentul-deschiderii-investitia-a-fost-receptionata\/\" class=\"el-link uk-button uk-button-text\">Vezi detalii<\/a><\/div>\n<\/div>\n<\/div>\n<div>\n<div class=\"el-item uk-panel uk-margin-remove-first-child\"><a href=\"https:\/\/www.sursadevest.ro\/teroare-in-zori-de-zi-trei-indivizi-au-nenorocit-in-bataie-patru-tineri-una-dintre-victime-este-in-stare-grava\/\"><source type=\"image\/webp\" srcset=\"\/wp-content\/uploads\/yootheme\/cache\/67\/politia-673fb909.webp 610w, \/wp-content\/uploads\/yootheme\/cache\/6e\/politia-6e73c595.webp 768w, \/wp-content\/uploads\/yootheme\/cache\/29\/politia-298cdce0.webp 1024w, \/wp-content\/uploads\/yootheme\/cache\/5a\/politia-5aeec1fe.webp 1220w\" sizes=\"(min-width: 610px) 610px\" \/><\/a><\/p>\n<div class=\"el-meta uk-h6 uk-text-primary uk-margin-top uk-margin-remove-bottom\"><time datetime=\"2026-09-03T12:16:02+02:00\">3 septembrie, 2026<\/time> | <a href=\"https:\/\/www.sursadevest.ro\/author\/petronela\/\">Sursa de Vest<\/a> | <a href=\"https:\/\/www.sursadevest.ro\/categorie\/stiri\/eveniment\/\" rel=\"tag\">Eveniment<\/a>, <a href=\"https:\/\/www.sursadevest.ro\/categorie\/stiri\/\" rel=\"tag\">\u0218tiri<\/a> | <a href=\"https:\/\/www.sursadevest.ro\/teroare-in-zori-de-zi-trei-indivizi-au-nenorocit-in-bataie-patru-tineri-una-dintre-victime-este-in-stare-grava\/#respond\">Niciun comentariu<span class=\"screen-reader-text\"> la Teroare, \u00een zori de zi! Trei indivizi au nenorocit \u00een b\u0103taie patru tineri! Una dintre victime este \u00een stare grav\u0103<\/span><\/a><\/div>\n<h3 class=\"el-title uk-h4 uk-link-reset uk-margin-small-top uk-margin-remove-bottom\"><a href=\"https:\/\/www.sursadevest.ro\/teroare-in-zori-de-zi-trei-indivizi-au-nenorocit-in-bataie-patru-tineri-una-dintre-victime-este-in-stare-grava\/\">Teroare, \u00een zori de zi! Trei indivizi au nenorocit \u00een b\u0103taie patru tineri! Una dintre victime este \u00een stare grav\u0103<\/a><\/h3>\n<div class=\"el-content uk-panel uk-margin-small-top\">\n<p>Violen\u021b\u0103 extrem\u0103, \u00een plin\u0103 strad\u0103, unde trei tineri i-au b\u0103tut cu bestialitate pe al\u021bi patru, \u00een urma unui conflict spontan. Una dintre victime este \u00een stare grav\u0103, la spital.<\/p>\n<\/div>\n<div class=\"uk-margin-top\"><a href=\"https:\/\/www.sursadevest.ro\/teroare-in-zori-de-zi-trei-indivizi-au-nenorocit-in-bataie-patru-tineri-una-dintre-victime-este-in-stare-grava\/\" class=\"el-link uk-button uk-button-text\">Vezi detalii<\/a><\/div>\n<\/div>\n<\/div>\n<div>\n<div class=\"el-item uk-panel uk-margin-remove-first-child\"><a href=\"https:\/\/www.sursadevest.ro\/foto-doua-crese-noi-construite-la-timisoara-isi-deschid-luni-portile-cum-arata-cele-doua-cladiri\/\"><source type=\"image\/webp\" srcset=\"\/wp-content\/uploads\/yootheme\/cache\/ee\/Cresa-sf-ana-1-ee3f8028.webp 610w, \/wp-content\/uploads\/yootheme\/cache\/22\/Cresa-sf-ana-1-22bd9e60.webp 768w, \/wp-content\/uploads\/yootheme\/cache\/9c\/Cresa-sf-ana-1-9c1d1522.webp 900w\" sizes=\"(min-width: 610px) 610px\" \/><\/a><\/p>\n<div class=\"el-meta uk-h6 uk-text-primary uk-margin-top uk-margin-remove-bottom\"><time datetime=\"2026-09-03T12:01:03+02:00\">3 septembrie, 2026<\/time> | <a href=\"https:\/\/www.sursadevest.ro\/author\/petronela\/\">Sursa de Vest<\/a> | <a href=\"https:\/\/www.sursadevest.ro\/categorie\/stiri\/educatie\/\" rel=\"tag\">Educa\u021bie<\/a>, <a href=\"https:\/\/www.sursadevest.ro\/categorie\/stiri\/eveniment\/\" rel=\"tag\">Eveniment<\/a>, <a href=\"https:\/\/www.sursadevest.ro\/categorie\/stiri\/\" rel=\"tag\">\u0218tiri<\/a> | <a href=\"https:\/\/www.sursadevest.ro\/foto-doua-crese-noi-construite-la-timisoara-isi-deschid-luni-portile-cum-arata-cele-doua-cladiri\/#respond\">Niciun comentariu<span class=\"screen-reader-text\"> la FOTO: Dou\u0103 cre\u0219e noi, construite la Timi\u0219oara, \u00ee\u0219i deschid luni por\u021bile! Cum arat\u0103 cele dou\u0103 cl\u0103diri?<\/span><\/a><\/div>\n<h3 class=\"el-title uk-h4 uk-link-reset uk-margin-small-top uk-margin-remove-bottom\"><a href=\"https:\/\/www.sursadevest.ro\/foto-doua-crese-noi-construite-la-timisoara-isi-deschid-luni-portile-cum-arata-cele-doua-cladiri\/\">FOTO: Dou\u0103 cre\u0219e noi, construite la Timi\u0219oara, \u00ee\u0219i deschid luni por\u021bile! Cum arat\u0103 cele dou\u0103 cl\u0103diri?<\/a><\/h3>\n<div class=\"el-content uk-panel uk-margin-small-top\">\n<p>Re\u021beaua de \u00eenv\u0103\u021b\u0103m\u00e2nt antepre\u0219colar din Timi\u0219oara s-a extins. Cele dou\u0103 cre\u0219e noi, din cartierele Bogd\u0103ne\u0219tilor \u0219i Bucovinei, \u00ee\u0219i primesc, de luni, primii copila\u0219i.<\/p>\n<\/div>\n<div class=\"uk-margin-top\"><a href=\"https:\/\/www.sursadevest.ro\/foto-doua-crese-noi-construite-la-timisoara-isi-deschid-luni-portile-cum-arata-cele-doua-cladiri\/\" class=\"el-link uk-button uk-button-text\">Vezi detalii<\/a><\/div>\n<\/div>\n<\/div>\n<div>\n<div class=\"el-item uk-panel uk-margin-remove-first-child\"><a href=\"https:\/\/www.sursadevest.ro\/interventie-contracronometru-pentru-salvarea-unui-om-care-s-a-prabusit-pe-trotuar-la-timisoara\/\"><source type=\"image\/webp\" srcset=\"\/wp-content\/uploads\/yootheme\/cache\/4d\/ambulanta-4dae0d32.webp 604w\" sizes=\"(min-width: 604px) 604px\" \/><\/a><\/p>\n<div class=\"el-meta uk-h6 uk-text-primary uk-margin-top uk-margin-remove-bottom\"><time datetime=\"2026-09-03T10:50:05+02:00\">3 septembrie, 2026<\/time> | <a href=\"https:\/\/www.sursadevest.ro\/author\/petronela\/\">Sursa de Vest<\/a> | <a href=\"https:\/\/www.sursadevest.ro\/categorie\/stiri\/eveniment\/\" rel=\"tag\">Eveniment<\/a>, <a href=\"https:\/\/www.sursadevest.ro\/categorie\/stiri\/\" rel=\"tag\">\u0218tiri<\/a> | <a href=\"https:\/\/www.sursadevest.ro\/interventie-contracronometru-pentru-salvarea-unui-om-care-s-a-prabusit-pe-trotuar-la-timisoara\/#respond\">Niciun comentariu<span class=\"screen-reader-text\"> la Interven\u021bie contracronometru pentru salvarea unui om care s-a pr\u0103bu\u0219it pe trotuar, la Timi\u0219oara<\/span><\/a><\/div>\n<h3 class=\"el-title uk-h4 uk-link-reset uk-margin-small-top uk-margin-remove-bottom\"><a href=\"https:\/\/www.sursadevest.ro\/interventie-contracronometru-pentru-salvarea-unui-om-care-s-a-prabusit-pe-trotuar-la-timisoara\/\">Interven\u021bie contracronometru pentru salvarea unui om care s-a pr\u0103bu\u0219it pe trotuar, la Timi\u0219oara<\/a><\/h3>\n<div class=\"el-content uk-panel uk-margin-small-top\">\n<p>Echipaje de ajutor au intervenit de urgen\u021b\u0103, \u00een aceast\u0103 diminea\u021b\u0103, la Timi\u0219oara, dup\u0103 ce un b\u0103rbat s-a pr\u0103bu\u0219it brusc la p\u0103m\u00e2nt.<\/p>\n<\/div>\n<div class=\"uk-margin-top\"><a href=\"https:\/\/www.sursadevest.ro\/interventie-contracronometru-pentru-salvarea-unui-om-care-s-a-prabusit-pe-trotuar-la-timisoara\/\" class=\"el-link uk-button uk-button-text\">Vezi detalii<\/a><\/div>\n<\/div>\n<\/div>\n<div>\n<div class=\"el-item uk-panel uk-margin-remove-first-child\"><a href=\"https:\/\/www.sursadevest.ro\/haita-de-bezmetici-tradatori-atac-dur-al-lui-sorin-grindeanu-la-adresa-usr-fritz-nu-este-romania\/\"><source type=\"image\/webp\" srcset=\"\/wp-content\/uploads\/yootheme\/cache\/4d\/sorin-grindeanu-4d6b8caf.webp 610w, \/wp-content\/uploads\/yootheme\/cache\/5e\/sorin-grindeanu-5e97665a.webp 768w, \/wp-content\/uploads\/yootheme\/cache\/60\/sorin-grindeanu-605ee0da.webp 900w\" sizes=\"(min-width: 610px) 610px\" \/><\/a><\/p>\n<div class=\"el-meta uk-h6 uk-text-primary uk-margin-top uk-margin-remove-bottom\"><time datetime=\"2026-09-03T10:44:38+02:00\">3 septembrie, 2026<\/time> | <a href=\"https:\/\/www.sursadevest.ro\/author\/petronela\/\">Sursa de Vest<\/a> | <a href=\"https:\/\/www.sursadevest.ro\/categorie\/stiri\/eveniment\/\" rel=\"tag\">Eveniment<\/a>, <a href=\"https:\/\/www.sursadevest.ro\/categorie\/stiri\/politica\/\" rel=\"tag\">Politic\u0103<\/a>, <a href=\"https:\/\/www.sursadevest.ro\/categorie\/stiri\/\" rel=\"tag\">\u0218tiri<\/a> | <a href=\"https:\/\/www.sursadevest.ro\/haita-de-bezmetici-tradatori-atac-dur-al-lui-sorin-grindeanu-la-adresa-usr-fritz-nu-este-romania\/#respond\">Niciun comentariu<span class=\"screen-reader-text\"> la Hait\u0103 de bezmetici tr\u0103d\u0103tori! Atac dur al lui Sorin Grindeanu la adresa USR: \u201eFritz nu este Rom\u00e2nia!\u201d<\/span><\/a><\/div>\n<h3 class=\"el-title uk-h4 uk-link-reset uk-margin-small-top uk-margin-remove-bottom\"><a href=\"https:\/\/www.sursadevest.ro\/haita-de-bezmetici-tradatori-atac-dur-al-lui-sorin-grindeanu-la-adresa-usr-fritz-nu-este-romania\/\">Hait\u0103 de bezmetici tr\u0103d\u0103tori! Atac dur al lui Sorin Grindeanu la adresa USR: \u201eFritz nu este Rom\u00e2nia!\u201d<\/a><\/h3>\n<div class=\"el-content uk-panel uk-margin-small-top\">\n<p>Sorin Grindeanu lanseaz\u0103 un atac extrem de dur la adresa USR, pe care \u00eel acuz\u0103 c\u0103 ar fi \u00eencercat s\u0103 pun\u0103 sub semnul \u00eentreb\u0103rii respectarea statului de drept \u00een Rom\u00e2nia la nivelul Parlamentului European, pentru a-l ap\u0103ra pe Dominic Fritz.<\/p>\n<\/div>\n<div class=\"uk-margin-top\"><a href=\"https:\/\/www.sursadevest.ro\/haita-de-bezmetici-tradatori-atac-dur-al-lui-sorin-grindeanu-la-adresa-usr-fritz-nu-este-romania\/\" class=\"el-link uk-button uk-button-text\">Vezi detalii<\/a><\/div>\n<\/div>\n<\/div>\n<div>\n<div class=\"el-item uk-panel uk-margin-remove-first-child\"><a href=\"https:\/\/www.sursadevest.ro\/suporterii-politehnicii-timisoara-se-intorc-acolo-unde-au-scris-istorie-eveniment-inedit-pe-locul-fostei-peluze-sud\/\"><img decoding=\"async\" class=\"el-image uk-border-rounded\" src=\"https:\/\/www.sursadevest.ro\/wp-content\/uploads\/2026\/09\/peluza-sud.gif\" alt=\"Night-game crowd of football supporters in a stadium, waving banners and flags, with a long banner spanning the front row.\" loading=\"lazy\" width=\"610\" height=\"339\"><\/a><\/p>\n<div class=\"el-meta uk-h6 uk-text-primary uk-margin-top uk-margin-remove-bottom\"><time datetime=\"2026-09-03T10:36:26+02:00\">3 septembrie, 2026<\/time> | <a href=\"https:\/\/www.sursadevest.ro\/author\/petronela\/\">Sursa de Vest<\/a> | <a href=\"https:\/\/www.sursadevest.ro\/categorie\/stiri\/eveniment\/\" rel=\"tag\">Eveniment<\/a>, <a href=\"https:\/\/www.sursadevest.ro\/categorie\/stiri\/social\/\" rel=\"tag\">Social<\/a>, <a href=\"https:\/\/www.sursadevest.ro\/categorie\/stiri\/sport\/\" rel=\"tag\">Sport<\/a>, <a href=\"https:\/\/www.sursadevest.ro\/categorie\/stiri\/\" rel=\"tag\">\u0218tiri<\/a> | <a href=\"https:\/\/www.sursadevest.ro\/suporterii-politehnicii-timisoara-se-intorc-acolo-unde-au-scris-istorie-eveniment-inedit-pe-locul-fostei-peluze-sud\/#respond\">Niciun comentariu<span class=\"screen-reader-text\"> la Suporterii Politehnicii Timi\u0219oara se \u00eentorc acolo unde au scris istorie! Eveniment inedit, pe locul fostei Peluze Sud<\/span><\/a><\/div>\n<h3 class=\"el-title uk-h4 uk-link-reset uk-margin-small-top uk-margin-remove-bottom\"><a href=\"https:\/\/www.sursadevest.ro\/suporterii-politehnicii-timisoara-se-intorc-acolo-unde-au-scris-istorie-eveniment-inedit-pe-locul-fostei-peluze-sud\/\">Suporterii Politehnicii Timi\u0219oara se \u00eentorc acolo unde au scris istorie! Eveniment inedit, pe locul fostei Peluze Sud<\/a><\/h3>\n<div class=\"el-content uk-panel uk-margin-small-top\">\n<p>Locul \u00een care, timp de genera\u021bii, suporterii Politehnicii Timi\u0219oara au c\u00e2ntat \u0219i \u0219i-au sus\u021binut echipa va deveni, pentru o sear\u0103, cinematograf \u00een aer liber.<\/p>\n<\/div>\n<div class=\"uk-margin-top\"><a href=\"https:\/\/www.sursadevest.ro\/suporterii-politehnicii-timisoara-se-intorc-acolo-unde-au-scris-istorie-eveniment-inedit-pe-locul-fostei-peluze-sud\/\" class=\"el-link uk-button uk-button-text\">Vezi detalii<\/a><\/div>\n<\/div>\n<\/div>\n<div>\n<div class=\"el-item uk-panel uk-margin-remove-first-child\"><a href=\"https:\/\/www.sursadevest.ro\/transportul-cu-vaporasele-pe-bega-suspendat-temporar-pentru-desfasurarea-unui-concurs\/\"><source type=\"image\/webp\" srcset=\"\/wp-content\/uploads\/yootheme\/cache\/3d\/vaporase-3d736510.webp 610w, \/wp-content\/uploads\/yootheme\/cache\/c0\/vaporase-c066a01c.webp 768w, \/wp-content\/uploads\/yootheme\/cache\/85\/vaporase-854ea5ff.webp 917w\" sizes=\"(min-width: 610px) 610px\" \/><\/a><\/p>\n<div class=\"el-meta uk-h6 uk-text-primary uk-margin-top uk-margin-remove-bottom\"><time datetime=\"2026-09-03T10:16:23+02:00\">3 septembrie, 2026<\/time> | <a href=\"https:\/\/www.sursadevest.ro\/author\/petronela\/\">Sursa de Vest<\/a> | <a href=\"https:\/\/www.sursadevest.ro\/categorie\/stiri\/eveniment\/\" rel=\"tag\">Eveniment<\/a>, <a href=\"https:\/\/www.sursadevest.ro\/categorie\/stiri\/\" rel=\"tag\">\u0218tiri<\/a> | <a href=\"https:\/\/www.sursadevest.ro\/transportul-cu-vaporasele-pe-bega-suspendat-temporar-pentru-desfasurarea-unui-concurs\/#respond\">Niciun comentariu<span class=\"screen-reader-text\"> la Transportul cu vapora\u0219ele pe Bega, suspendat temporar, pentru desf\u0103\u0219urarea unui concurs<\/span><\/a><\/div>\n<h3 class=\"el-title uk-h4 uk-link-reset uk-margin-small-top uk-margin-remove-bottom\"><a href=\"https:\/\/www.sursadevest.ro\/transportul-cu-vaporasele-pe-bega-suspendat-temporar-pentru-desfasurarea-unui-concurs\/\">Transportul cu vapora\u0219ele pe Bega, suspendat temporar, pentru desf\u0103\u0219urarea unui concurs<\/a><\/h3>\n<div class=\"el-content uk-panel uk-margin-small-top\">\n<p>Reprezentan\u021bii Societ\u0103\u021bii de Transport Public Timi\u0219oara anun\u021b\u0103 suspendarea temporar\u0103 a circula\u021biei cu vapora\u0219ele pe Bega.<\/p>\n<\/div>\n<div class=\"uk-margin-top\"><a href=\"https:\/\/www.sursadevest.ro\/transportul-cu-vaporasele-pe-bega-suspendat-temporar-pentru-desfasurarea-unui-concurs\/\" class=\"el-link uk-button uk-button-text\">Vezi detalii<\/a><\/div>\n<\/div>\n<\/div>\n<div>\n<div class=\"el-item uk-panel uk-margin-remove-first-child\"><a href=\"https:\/\/www.sursadevest.ro\/atentie-timisoreni-isu-timis-anunta-un-exercitiu-de-alarmare-publica\/\"><source type=\"image\/webp\" srcset=\"\/wp-content\/uploads\/yootheme\/cache\/5d\/sirene-alarmare-5dc8d8ed.webp 610w, \/wp-content\/uploads\/yootheme\/cache\/07\/sirene-alarmare-07cbb29e.webp 741w\" sizes=\"(min-width: 610px) 610px\" \/><\/a><\/p>\n<div class=\"el-meta uk-h6 uk-text-primary uk-margin-top uk-margin-remove-bottom\"><time datetime=\"2026-09-03T09:33:32+02:00\">3 septembrie, 2026<\/time> | <a href=\"https:\/\/www.sursadevest.ro\/author\/petronela\/\">Sursa de Vest<\/a> | <a href=\"https:\/\/www.sursadevest.ro\/categorie\/stiri\/eveniment\/\" rel=\"tag\">Eveniment<\/a>, <a href=\"https:\/\/www.sursadevest.ro\/categorie\/stiri\/\" rel=\"tag\">\u0218tiri<\/a> | <a href=\"https:\/\/www.sursadevest.ro\/atentie-timisoreni-isu-timis-anunta-un-exercitiu-de-alarmare-publica\/#respond\">Niciun comentariu<span class=\"screen-reader-text\"> la Aten\u021bie, timi\u0219oreni! ISU Timi\u0219 anun\u021b\u0103 un exerci\u021biu de alarmare public\u0103<\/span><\/a><\/div>\n<h3 class=\"el-title uk-h4 uk-link-reset uk-margin-small-top uk-margin-remove-bottom\"><a href=\"https:\/\/www.sursadevest.ro\/atentie-timisoreni-isu-timis-anunta-un-exercitiu-de-alarmare-publica\/\">Aten\u021bie, timi\u0219oreni! ISU Timi\u0219 anun\u021b\u0103 un exerci\u021biu de alarmare public\u0103<\/a><\/h3>\n<div class=\"el-content uk-panel uk-margin-small-top\">\n<p>O siren\u0103 de alarmare public\u0103 va r\u0103suna ast\u0103zi, la Timi\u0219oara.<\/p>\n<\/div>\n<div class=\"uk-margin-top\"><a href=\"https:\/\/www.sursadevest.ro\/atentie-timisoreni-isu-timis-anunta-un-exercitiu-de-alarmare-publica\/\" class=\"el-link uk-button uk-button-text\">Vezi detalii<\/a><\/div>\n<\/div>\n<\/div>\n<div>\n<div class=\"el-item uk-panel uk-margin-remove-first-child\"><a href=\"https:\/\/www.sursadevest.ro\/cciat-deschide-noi-punti-de-afaceri-intre-timis-si-turcia\/\"><source type=\"image\/webp\" srcset=\"\/wp-content\/uploads\/yootheme\/cache\/33\/cciat-craft-33625053.webp 610w, \/wp-content\/uploads\/yootheme\/cache\/c4\/cciat-craft-c4c99cfa.webp 800w\" sizes=\"(min-width: 610px) 610px\" \/><\/a><\/p>\n<div class=\"el-meta uk-h6 uk-text-primary uk-margin-top uk-margin-remove-bottom\"><time datetime=\"2026-09-03T08:39:21+02:00\">3 septembrie, 2026<\/time> | <a href=\"https:\/\/www.sursadevest.ro\/author\/petronela\/\">Sursa de Vest<\/a> | <a href=\"https:\/\/www.sursadevest.ro\/categorie\/stiri\/economic\/\" rel=\"tag\">Economic<\/a>, <a href=\"https:\/\/www.sursadevest.ro\/categorie\/stiri\/eveniment\/\" rel=\"tag\">Eveniment<\/a>, <a href=\"https:\/\/www.sursadevest.ro\/categorie\/stiri\/\" rel=\"tag\">\u0218tiri<\/a> | <a href=\"https:\/\/www.sursadevest.ro\/cciat-deschide-noi-punti-de-afaceri-intre-timis-si-turcia\/#respond\">Niciun comentariu<span class=\"screen-reader-text\"> la CCIAT deschide noi pun\u021bi de afaceri \u00eentre Timi\u0219 \u0219i Turcia!<\/span><\/a><\/div>\n<h3 class=\"el-title uk-h4 uk-link-reset uk-margin-small-top uk-margin-remove-bottom\"><a href=\"https:\/\/www.sursadevest.ro\/cciat-deschide-noi-punti-de-afaceri-intre-timis-si-turcia\/\">CCIAT deschide noi pun\u021bi de afaceri \u00eentre Timi\u0219 \u0219i Turcia!<\/a><\/h3>\n<div class=\"el-content uk-panel uk-margin-small-top\">\n<p>Camera de Comer\u021b, Industrie \u0219i Agricultur\u0103 Timi\u0219 \u0219i Asocia\u021bia Oamenilor de Afaceri Turci \u2013 TIAD organizeaz\u0103 un Forum de Afaceri Rom\u00e2nia-Turcia Online, dedicat dezvolt\u0103rii rela\u021biilor economice dintre cele dou\u0103 comunit\u0103\u021bi de afaceri.<\/p>\n<\/div>\n<div class=\"uk-margin-top\"><a href=\"https:\/\/www.sursadevest.ro\/cciat-deschide-noi-punti-de-afaceri-intre-timis-si-turcia\/\" class=\"el-link uk-button uk-button-text\">Vezi detalii<\/a><\/div>\n<\/div>\n<\/div>\n<div>\n<div class=\"el-item uk-panel uk-margin-remove-first-child\"><a href=\"https:\/\/www.sursadevest.ro\/maine-incepe-ruga-comunei-giarmata-se-anunta-muzica-dans-si-voie-buna-in-prima-seara-urca-pe-scena-legendara-trupa-phoenix\/\"><img decoding=\"async\" class=\"el-image uk-border-rounded\" src=\"https:\/\/www.sursadevest.ro\/wp-content\/uploads\/2026\/09\/pheonix-ruga-giarmata.gif\" alt=\"Blue concert poster featuring a band with &apos;PHOENIX&apos; text, pink bat logo above, and event details in Romanian: &apos;VINERI 4.09 21:00-22:00&apos; (live show).\" loading=\"lazy\" width=\"610\" height=\"339\"><\/a><\/p>\n<div class=\"el-meta uk-h6 uk-text-primary uk-margin-top uk-margin-remove-bottom\"><time datetime=\"2026-09-03T08:23:04+02:00\">3 septembrie, 2026<\/time> | <a href=\"https:\/\/www.sursadevest.ro\/author\/petronela\/\">Sursa de Vest<\/a> | <a href=\"https:\/\/www.sursadevest.ro\/categorie\/stiri\/eveniment\/\" rel=\"tag\">Eveniment<\/a>, <a href=\"https:\/\/www.sursadevest.ro\/categorie\/stiri\/\" rel=\"tag\">\u0218tiri<\/a> | <a href=\"https:\/\/www.sursadevest.ro\/maine-incepe-ruga-comunei-giarmata-se-anunta-muzica-dans-si-voie-buna-in-prima-seara-urca-pe-scena-legendara-trupa-phoenix\/#respond\">Niciun comentariu<span class=\"screen-reader-text\"> la M\u00e2ine \u00eencepe Ruga Comunei Giarmata! Se anun\u021b\u0103 muzic\u0103, dans \u0219i voie bun\u0103! \u00cen prima sear\u0103 urc\u0103 pe scen\u0103 legendara trup\u0103 Phoenix<\/span><\/a><\/div>\n<h3 class=\"el-title uk-h4 uk-link-reset uk-margin-small-top uk-margin-remove-bottom\"><a href=\"https:\/\/www.sursadevest.ro\/maine-incepe-ruga-comunei-giarmata-se-anunta-muzica-dans-si-voie-buna-in-prima-seara-urca-pe-scena-legendara-trupa-phoenix\/\">M\u00e2ine \u00eencepe Ruga Comunei Giarmata! Se anun\u021b\u0103 muzic\u0103, dans \u0219i voie bun\u0103! \u00cen prima sear\u0103 urc\u0103 pe scen\u0103 legendara trup\u0103 Phoenix<\/a><\/h3>\n<div class=\"el-content uk-panel uk-margin-small-top\">\n<p>Trei zile de muzic\u0103, dans \u0219i distrac\u021bie \u00eei a\u0219teapt\u0103 pe localnici, dar \u0219i pe cei care vor s\u0103 petreac\u0103 un weekend pe cinste, la Ruga din Giarmata.<\/p>\n<\/div>\n<div class=\"uk-margin-top\"><a href=\"https:\/\/www.sursadevest.ro\/maine-incepe-ruga-comunei-giarmata-se-anunta-muzica-dans-si-voie-buna-in-prima-seara-urca-pe-scena-legendara-trupa-phoenix\/\" class=\"el-link uk-button uk-button-text\">Vezi detalii<\/a><\/div>\n<\/div>\n<\/div>\n<div>\n<div class=\"el-item uk-panel uk-margin-remove-first-child\"><a href=\"https:\/\/www.sursadevest.ro\/sfarsit-tragic-un-barbat-a-murit-strivit-dupa-ce-un-tractor-s-a-rasturnat-peste-el\/\"><source type=\"image\/webp\" srcset=\"\/wp-content\/uploads\/yootheme\/cache\/f2\/accid_tractor_1-f2c51506.webp 610w, \/wp-content\/uploads\/yootheme\/cache\/f1\/accid_tractor_1-f16058c6.webp 768w, \/wp-content\/uploads\/yootheme\/cache\/e5\/accid_tractor_1-e5d90dc6.webp 900w\" sizes=\"(min-width: 610px) 610px\" \/><\/a><\/p>\n<div class=\"el-meta uk-h6 uk-text-primary uk-margin-top uk-margin-remove-bottom\"><time datetime=\"2026-09-02T18:07:14+02:00\">2 septembrie, 2026<\/time> | <a href=\"https:\/\/www.sursadevest.ro\/author\/petronela\/\">Sursa de Vest<\/a> | <a href=\"https:\/\/www.sursadevest.ro\/categorie\/stiri\/eveniment\/\" rel=\"tag\">Eveniment<\/a>, <a href=\"https:\/\/www.sursadevest.ro\/categorie\/stiri\/\" rel=\"tag\">\u0218tiri<\/a> | <a href=\"https:\/\/www.sursadevest.ro\/sfarsit-tragic-un-barbat-a-murit-strivit-dupa-ce-un-tractor-s-a-rasturnat-peste-el\/#respond\">Niciun comentariu<span class=\"screen-reader-text\"> la Sf\u00e2r\u0219it tragic! Un b\u0103rbat a murit strivit, dup\u0103 ce un tractor s-a r\u0103sturnat peste el<\/span><\/a><\/div>\n<h3 class=\"el-title uk-h4 uk-link-reset uk-margin-small-top uk-margin-remove-bottom\"><a href=\"https:\/\/www.sursadevest.ro\/sfarsit-tragic-un-barbat-a-murit-strivit-dupa-ce-un-tractor-s-a-rasturnat-peste-el\/\">Sf\u00e2r\u0219it tragic! Un b\u0103rbat a murit strivit, dup\u0103 ce un tractor s-a r\u0103sturnat peste el<\/a><\/h3>\n<div class=\"el-content uk-panel uk-margin-small-top\">\n<p>S-a dat alarma, \u00een urm\u0103 cu pu\u021bin timp, c\u00e2nd echipajelor de interven\u021bie li s-a cerut ajutorul pentru salvarea unei persoane.<\/p>\n<\/div>\n<div class=\"uk-margin-top\"><a href=\"https:\/\/www.sursadevest.ro\/sfarsit-tragic-un-barbat-a-murit-strivit-dupa-ce-un-tractor-s-a-rasturnat-peste-el\/\" class=\"el-link uk-button uk-button-text\">Vezi detalii<\/a><\/div>\n<\/div>\n<\/div>\n<div>\n<div class=\"el-item uk-panel uk-margin-remove-first-child\"><a href=\"https:\/\/www.sursadevest.ro\/scandal-de-un-milion-de-lei-intre-primaria-timisoara-si-cjt-o-greseala-din-pix-transformata-de-simonis-in-disputa-politica\/\"><source type=\"image\/webp\" srcset=\"\/wp-content\/uploads\/yootheme\/cache\/56\/arena-eroii-revolutiei-56e83a79.webp 610w, \/wp-content\/uploads\/yootheme\/cache\/48\/arena-eroii-revolutiei-48d79273.webp 768w, \/wp-content\/uploads\/yootheme\/cache\/eb\/arena-eroii-revolutiei-eb991e33.webp 900w\" sizes=\"(min-width: 610px) 610px\" \/><\/a><\/p>\n<div class=\"el-meta uk-h6 uk-text-primary uk-margin-top uk-margin-remove-bottom\"><time datetime=\"2026-09-02T15:22:42+02:00\">2 septembrie, 2026<\/time> | <a href=\"https:\/\/www.sursadevest.ro\/author\/petronela\/\">Sursa de Vest<\/a> | <a href=\"https:\/\/www.sursadevest.ro\/categorie\/stiri\/administratie\/\" rel=\"tag\">Administra\u021bie<\/a>, <a href=\"https:\/\/www.sursadevest.ro\/categorie\/stiri\/eveniment\/\" rel=\"tag\">Eveniment<\/a>, <a href=\"https:\/\/www.sursadevest.ro\/categorie\/stiri\/\" rel=\"tag\">\u0218tiri<\/a> | <a href=\"https:\/\/www.sursadevest.ro\/scandal-de-un-milion-de-lei-intre-primaria-timisoara-si-cjt-o-greseala-din-pix-transformata-de-simonis-in-disputa-politica\/#respond\">Niciun comentariu<span class=\"screen-reader-text\"> la Scandal de un milion de lei \u00eentre Prim\u0103ria Timi\u0219oara \u0219i CJT! O gre\u0219eal\u0103 \u201edin pix\u201d, transformat\u0103 de Simonis \u00een disput\u0103 politic\u0103<\/span><\/a><\/div>\n<h3 class=\"el-title uk-h4 uk-link-reset uk-margin-small-top uk-margin-remove-bottom\"><a href=\"https:\/\/www.sursadevest.ro\/scandal-de-un-milion-de-lei-intre-primaria-timisoara-si-cjt-o-greseala-din-pix-transformata-de-simonis-in-disputa-politica\/\">Scandal de un milion de lei \u00eentre Prim\u0103ria Timi\u0219oara \u0219i CJT! O gre\u0219eal\u0103 \u201edin pix\u201d, transformat\u0103 de Simonis \u00een disput\u0103 politic\u0103<\/a><\/h3>\n<div class=\"el-content uk-panel uk-margin-small-top\">\n<p>Un nou scandal a izbucnit \u00eentre Consiliul Jude\u021bean Timi\u0219 \u0219i Prim\u0103ria Timi\u0219oara, de aceast\u0103 dat\u0103 pe banii pentru stadionul Eroii Timi\u0219oarei.<\/p>\n<\/div>\n<div class=\"uk-margin-top\"><a href=\"https:\/\/www.sursadevest.ro\/scandal-de-un-milion-de-lei-intre-primaria-timisoara-si-cjt-o-greseala-din-pix-transformata-de-simonis-in-disputa-politica\/\" class=\"el-link uk-button uk-button-text\">Vezi detalii<\/a><\/div>\n<\/div>\n<\/div>\n<div>\n<div class=\"el-item uk-panel uk-margin-remove-first-child\"><a href=\"https:\/\/www.sursadevest.ro\/batalie-pe-contractul-de-peste-20-de-milioane-de-lei-pentru-extinderea-scolii-gimnaziale-7-noua-ofertanti-s-au-inscris-la-licitatie\/\"><source type=\"image\/webp\" srcset=\"\/wp-content\/uploads\/yootheme\/cache\/83\/scoala-gimnaziala-7-834c6ce2.webp 610w, \/wp-content\/uploads\/yootheme\/cache\/83\/scoala-gimnaziala-7-83c06a11.webp 852w\" sizes=\"(min-width: 610px) 610px\" \/><\/a><\/p>\n<div class=\"el-meta uk-h6 uk-text-primary uk-margin-top uk-margin-remove-bottom\"><time datetime=\"2026-09-02T14:28:53+02:00\">2 septembrie, 2026<\/time> | <a href=\"https:\/\/www.sursadevest.ro\/author\/petronela\/\">Sursa de Vest<\/a> | <a href=\"https:\/\/www.sursadevest.ro\/categorie\/stiri\/eveniment\/\" rel=\"tag\">Eveniment<\/a>, <a href=\"https:\/\/www.sursadevest.ro\/categorie\/stiri\/\" rel=\"tag\">\u0218tiri<\/a> | <a href=\"https:\/\/www.sursadevest.ro\/batalie-pe-contractul-de-peste-20-de-milioane-de-lei-pentru-extinderea-scolii-gimnaziale-7-noua-ofertanti-s-au-inscris-la-licitatie\/#respond\">Niciun comentariu<span class=\"screen-reader-text\"> la B\u0103t\u0103lie pe contractul de peste 20 de milioane de lei, pentru extinderea \u0218colii Gimnaziale 7! Nou\u0103 ofertan\u021bi s-au \u00eenscris la licita\u021bie<\/span><\/a><\/div>\n<h3 class=\"el-title uk-h4 uk-link-reset uk-margin-small-top uk-margin-remove-bottom\"><a href=\"https:\/\/www.sursadevest.ro\/batalie-pe-contractul-de-peste-20-de-milioane-de-lei-pentru-extinderea-scolii-gimnaziale-7-noua-ofertanti-s-au-inscris-la-licitatie\/\">B\u0103t\u0103lie pe contractul de peste 20 de milioane de lei, pentru extinderea \u0218colii Gimnaziale 7! Nou\u0103 ofertan\u021bi s-au \u00eenscris la licita\u021bie<\/a><\/h3>\n<div class=\"el-content uk-panel uk-margin-small-top\">\n<p>Termenul limit\u0103 p\u00e2n\u0103 la care puteau fi depuse oferte pentru extinderea \u0218colii Gimnaziale nr. 7 \u201eSf\u00e2nta Maria\u201d din cartierul Lipovei s-a \u00eencheiat. Nou\u0103 firme \u0219i asocieri s-au \u00eenscris la licita\u021bie.<\/p>\n<\/div>\n<div class=\"uk-margin-top\"><a href=\"https:\/\/www.sursadevest.ro\/batalie-pe-contractul-de-peste-20-de-milioane-de-lei-pentru-extinderea-scolii-gimnaziale-7-noua-ofertanti-s-au-inscris-la-licitatie\/\" class=\"el-link uk-button uk-button-text\">Vezi detalii<\/a><\/div>\n<\/div>\n<\/div>\n<div>\n<div class=\"el-item uk-panel uk-margin-remove-first-child\"><a href=\"https:\/\/www.sursadevest.ro\/video-scandal-urias-intr-un-oras-din-timis-mai-multi-indivzi-inarmati-cu-bate-au-nenorocit-in-bataie-alti-barbati-de-la-ce-a-pornit-totul\/\"><source type=\"image\/webp\" srcset=\"\/wp-content\/uploads\/yootheme\/cache\/fd\/bataie-sannicolau-mare-fd5e6327.webp 610w, \/wp-content\/uploads\/yootheme\/cache\/f3\/bataie-sannicolau-mare-f3df80dc.webp 768w, \/wp-content\/uploads\/yootheme\/cache\/79\/bataie-sannicolau-mare-79663521.webp 932w\" sizes=\"(min-width: 610px) 610px\" \/><\/a><\/p>\n<div class=\"el-meta uk-h6 uk-text-primary uk-margin-top uk-margin-remove-bottom\"><time datetime=\"2026-09-02T12:53:35+02:00\">2 septembrie, 2026<\/time> | <a href=\"https:\/\/www.sursadevest.ro\/author\/petronela\/\">Sursa de Vest<\/a> | <a href=\"https:\/\/www.sursadevest.ro\/categorie\/stiri\/eveniment\/\" rel=\"tag\">Eveniment<\/a>, <a href=\"https:\/\/www.sursadevest.ro\/categorie\/stiri\/\" rel=\"tag\">\u0218tiri<\/a> | <a href=\"https:\/\/www.sursadevest.ro\/video-scandal-urias-intr-un-oras-din-timis-mai-multi-indivzi-inarmati-cu-bate-au-nenorocit-in-bataie-alti-barbati-de-la-ce-a-pornit-totul\/#respond\">Niciun comentariu<span class=\"screen-reader-text\"> la VIDEO: Scandal uria\u0219, \u00eentr-un ora\u0219 din Timi\u0219! Mai mul\u021bi indivzi, \u00eenarma\u021bi cu b\u00e2te, au nenorocit \u00een b\u0103taie al\u021bi b\u0103rba\u021bi. De la ce a pornit totul?<\/span><\/a><\/div>\n<h3 class=\"el-title uk-h4 uk-link-reset uk-margin-small-top uk-margin-remove-bottom\"><a href=\"https:\/\/www.sursadevest.ro\/video-scandal-urias-intr-un-oras-din-timis-mai-multi-indivzi-inarmati-cu-bate-au-nenorocit-in-bataie-alti-barbati-de-la-ce-a-pornit-totul\/\">VIDEO: Scandal uria\u0219, \u00eentr-un ora\u0219 din Timi\u0219! Mai mul\u021bi indivzi, \u00eenarma\u021bi cu b\u00e2te, au nenorocit \u00een b\u0103taie al\u021bi b\u0103rba\u021bi. De la ce a pornit totul?<\/a><\/h3>\n<div class=\"el-content uk-panel uk-margin-small-top\">\n<p>Mai multe persoane au fost ridicate de poli\u0163i\u015fti \u015fi duse la audieri, dup\u0103 ce au fost implicate \u00eentr-un scandal de propor\u0163ii.<\/p>\n<\/div>\n<div class=\"uk-margin-top\"><a href=\"https:\/\/www.sursadevest.ro\/video-scandal-urias-intr-un-oras-din-timis-mai-multi-indivzi-inarmati-cu-bate-au-nenorocit-in-bataie-alti-barbati-de-la-ce-a-pornit-totul\/\" class=\"el-link uk-button uk-button-text\">Vezi detalii<\/a><\/div>\n<\/div>\n<\/div>\n<div>\n<div class=\"el-item uk-panel uk-margin-remove-first-child\"><a href=\"https:\/\/www.sursadevest.ro\/un-copil-si-cainele-sau-salvati-dintr-o-casa-in-flacari-incendiu-urias-in-aceasta-dimineata\/\"><source type=\"image\/webp\" srcset=\"\/wp-content\/uploads\/yootheme\/cache\/48\/pompieri-489381b7.webp 610w, \/wp-content\/uploads\/yootheme\/cache\/05\/pompieri-05135621.webp 768w, \/wp-content\/uploads\/yootheme\/cache\/ff\/pompieri-fff1f289.webp 900w\" sizes=\"(min-width: 610px) 610px\" \/><\/a><\/p>\n<div class=\"el-meta uk-h6 uk-text-primary uk-margin-top uk-margin-remove-bottom\"><time datetime=\"2026-09-02T12:42:40+02:00\">2 septembrie, 2026<\/time> | <a href=\"https:\/\/www.sursadevest.ro\/author\/petronela\/\">Sursa de Vest<\/a> | <a href=\"https:\/\/www.sursadevest.ro\/categorie\/stiri\/eveniment\/\" rel=\"tag\">Eveniment<\/a>, <a href=\"https:\/\/www.sursadevest.ro\/categorie\/stiri\/\" rel=\"tag\">\u0218tiri<\/a> | <a href=\"https:\/\/www.sursadevest.ro\/un-copil-si-cainele-sau-salvati-dintr-o-casa-in-flacari-incendiu-urias-in-aceasta-dimineata\/#respond\">Niciun comentariu<span class=\"screen-reader-text\"> la Un copil \u0219i c\u00e2inele s\u0103u, salva\u021bi dintr-o cas\u0103 \u00een fl\u0103c\u0103ri! Incendiu uria\u0219, \u00een aceast\u0103 diminea\u021b\u0103<\/span><\/a><\/div>\n<h3 class=\"el-title uk-h4 uk-link-reset uk-margin-small-top uk-margin-remove-bottom\"><a href=\"https:\/\/www.sursadevest.ro\/un-copil-si-cainele-sau-salvati-dintr-o-casa-in-flacari-incendiu-urias-in-aceasta-dimineata\/\">Un copil \u0219i c\u00e2inele s\u0103u, salva\u021bi dintr-o cas\u0103 \u00een fl\u0103c\u0103ri! Incendiu uria\u0219, \u00een aceast\u0103 diminea\u021b\u0103<\/a><\/h3>\n<div class=\"el-content uk-panel uk-margin-small-top\">\n<p>Momente dramatice, \u00een aceast\u0103 diminea\u021b\u0103, c\u00e2nd pomierii au fost solicita\u021bi s\u0103 sting\u0103 un incendiu violent care se manifesta pe c\u00e2teva sute de metri p\u0103tra\u021bi.<\/p>\n<\/div>\n<div class=\"uk-margin-top\"><a href=\"https:\/\/www.sursadevest.ro\/un-copil-si-cainele-sau-salvati-dintr-o-casa-in-flacari-incendiu-urias-in-aceasta-dimineata\/\" class=\"el-link uk-button uk-button-text\">Vezi detalii<\/a><\/div>\n<\/div>\n<\/div>\n<\/div>\n<\/div>\n<\/div>\n<div class=\"uk-width-1-3@m\">\n<h2 class=\"uk-h4\">\n<p>                    Alte articole        <\/p>\n<\/h2>\n<div class=\"uk-margin\">\n<div class=\"uk-grid uk-child-width-1-1 uk-child-width-1-2@s uk-child-width-1-1@m uk-grid-small uk-grid-divider uk-grid-match\">\n<div>\n<div class=\"el-item uk-panel\">\n<div class=\"uk-grid-column-small\">\n<div class=\"uk-width-auto\"><a href=\"https:\/\/www.sursadevest.ro\/noi-restrictii-de-circulatie-la-timisoara-pentru-efectuarea-unor-lucrari\/\"><source type=\"image\/webp\" srcset=\"\/wp-content\/uploads\/yootheme\/cache\/68\/restrictii_trafic-68d0a1ab.webp 150w\" sizes=\"(min-width: 75px) 75px\" \/><\/a><\/div>\n<div class=\"uk-width-expand uk-margin-remove-first-child\">\n<div class=\"el-meta uk-h6 uk-text-primary uk-margin-top uk-margin-remove-bottom\">3 septembrie, 2026<\/div>\n<h3 class=\"el-title uk-h5 uk-link-reset uk-margin-remove-top uk-margin-remove-bottom\"><a href=\"https:\/\/www.sursadevest.ro\/noi-restrictii-de-circulatie-la-timisoara-pentru-efectuarea-unor-lucrari\/\">Noi restric\u021bii de circula\u021bie, la Timi\u0219oara, pentru efectuarea unor lucr\u0103ri<\/a><\/h3>\n<div class=\"uk-margin-small-top\"><a href=\"https:\/\/www.sursadevest.ro\/noi-restrictii-de-circulatie-la-timisoara-pentru-efectuarea-unor-lucrari\/\" class=\"el-link uk-button uk-button-text\">Vezi detalii<\/a><\/div>\n<\/div>\n<\/div>\n<\/div>\n<\/div>\n<div>\n<div class=\"el-item uk-panel\">\n<div class=\"uk-grid-column-small\">\n<div class=\"uk-width-auto\"><a href=\"https:\/\/www.sursadevest.ro\/pot-incepe-lucrarile-la-podul-solventul-a-fost-semnat-contractul-de-executie\/\"><source type=\"image\/webp\" srcset=\"\/wp-content\/uploads\/yootheme\/cache\/b5\/pod-solventu-b5eb5d10.webp 150w\" sizes=\"(min-width: 75px) 75px\" \/><\/a><\/div>\n<div class=\"uk-width-expand uk-margin-remove-first-child\">\n<div class=\"el-meta uk-h6 uk-text-primary uk-margin-top uk-margin-remove-bottom\">3 septembrie, 2026<\/div>\n<h3 class=\"el-title uk-h5 uk-link-reset uk-margin-remove-top uk-margin-remove-bottom\"><a href=\"https:\/\/www.sursadevest.ro\/pot-incepe-lucrarile-la-podul-solventul-a-fost-semnat-contractul-de-executie\/\">Pot \u00eencepe lucr\u0103rile la Podul Solventul! A fost semnat contractul de execu\u021bie<\/a><\/h3>\n<div class=\"uk-margin-small-top\"><a href=\"https:\/\/www.sursadevest.ro\/pot-incepe-lucrarile-la-podul-solventul-a-fost-semnat-contractul-de-executie\/\" class=\"el-link uk-button uk-button-text\">Vezi detalii<\/a><\/div>\n<\/div>\n<\/div>\n<\/div>\n<\/div>\n<div>\n<div class=\"el-item uk-panel\">\n<div class=\"uk-grid-column-small\">\n<div class=\"uk-width-auto\"><a href=\"https:\/\/www.sursadevest.ro\/100-de-milioane-de-euro-au-venit-50-de-milioane-s-au-pierdut-pe-drum-bilantul-investitiilor-prin-pnrr-la-timisoara\/\"><img decoding=\"async\" class=\"el-image\" src=\"https:\/\/www.sursadevest.ro\/wp-content\/uploads\/2026\/09\/colaj-investitii-pnrr.gif\" alt=\"Modern university campus building with pedestrians near glass doors and surrounding trees (informative collage). In context, describes campus entrance and activity.\" loading=\"lazy\" width=\"75\" height=\"75\"><\/a><\/div>\n<div class=\"uk-width-expand uk-margin-remove-first-child\">\n<div class=\"el-meta uk-h6 uk-text-primary uk-margin-top uk-margin-remove-bottom\">3 septembrie, 2026<\/div>\n<h3 class=\"el-title uk-h5 uk-link-reset uk-margin-remove-top uk-margin-remove-bottom\"><a href=\"https:\/\/www.sursadevest.ro\/100-de-milioane-de-euro-au-venit-50-de-milioane-s-au-pierdut-pe-drum-bilantul-investitiilor-prin-pnrr-la-timisoara\/\">100 de milioane de euro au venit, 50 de milioane s-au pierdut pe drum. Bilan\u021bul investi\u021biilor prin PNRR, la Timi\u0219oara<\/a><\/h3>\n<div class=\"uk-margin-small-top\"><a href=\"https:\/\/www.sursadevest.ro\/100-de-milioane-de-euro-au-venit-50-de-milioane-s-au-pierdut-pe-drum-bilantul-investitiilor-prin-pnrr-la-timisoara\/\" class=\"el-link uk-button uk-button-text\">Vezi detalii<\/a><\/div>\n<\/div>\n<\/div>\n<\/div>\n<\/div>\n<div>\n<div class=\"el-item uk-panel\">\n<div class=\"uk-grid-column-small\">\n<div class=\"uk-width-auto\"><a href=\"https:\/\/www.sursadevest.ro\/baza-sportiva-costica-radulescu-mai-aproape-de-momentul-deschiderii-investitia-a-fost-receptionata\/\"><img decoding=\"async\" class=\"el-image\" src=\"https:\/\/www.sursadevest.ro\/wp-content\/uploads\/2026\/09\/costica-radulescu.gif\" alt=\"Soccer field with green turf, white sideline markings, and a tall fence; a modern white building with green doors behind it under a blue sky.\" loading=\"lazy\" width=\"75\" height=\"75\"><\/a><\/div>\n<div class=\"uk-width-expand uk-margin-remove-first-child\">\n<div class=\"el-meta uk-h6 uk-text-primary uk-margin-top uk-margin-remove-bottom\">3 septembrie, 2026<\/div>\n<h3 class=\"el-title uk-h5 uk-link-reset uk-margin-remove-top uk-margin-remove-bottom\"><a href=\"https:\/\/www.sursadevest.ro\/baza-sportiva-costica-radulescu-mai-aproape-de-momentul-deschiderii-investitia-a-fost-receptionata\/\">Baza sportiv\u0103 \u201eCostic\u0103 R\u0103dulescu\u201d, mai aproape de momentul deschiderii! Investi\u021bia a fost recep\u021bionat\u0103<\/a><\/h3>\n<div class=\"uk-margin-small-top\"><a href=\"https:\/\/www.sursadevest.ro\/baza-sportiva-costica-radulescu-mai-aproape-de-momentul-deschiderii-investitia-a-fost-receptionata\/\" class=\"el-link uk-button uk-button-text\">Vezi detalii<\/a><\/div>\n<\/div>\n<\/div>\n<\/div>\n<\/div>\n<\/div>\n<\/div>\n<div class=\"uk-margin-remove-vertical\">\n<div class=\"uk-grid uk-child-width-1-1 uk-grid-small uk-grid-divider uk-grid-match\">\n<div>\n<div class=\"el-item uk-panel\"><a href=\"https:\/\/retim.ro\/eticheta\" target=\"_blank\"><\/p>\n<div class=\"uk-inline-clip uk-transition-toggle\"><img loading=\"lazy\" decoding=\"async\" class=\"el-image uk-transition-scale-down uk-transition-opaque\" src=\"https:\/\/www.sursadevest.ro\/wp-content\/uploads\/2025\/07\/ReTIM-banner-press-300x300px.gif\" alt width=\"300\" height=\"300\"><\/div>\n<p><\/a><\/p>\n<div class=\"uk-padding-small uk-margin-remove-first-child\">\n<div class=\"el-meta uk-text-meta uk-margin-small-top\">Retim Ecologic Service<\/div>\n<div class=\"uk-margin-small-top\"><a href=\"https:\/\/retim.ro\/eticheta\" target=\"_blank\" class=\"el-link uk-button uk-button-text\">Vezi detalii<\/a><\/div>\n<\/div>\n<\/div>\n<\/div>\n<div>\n<div class=\"el-item uk-panel\"><a href=\"https:\/\/rmnimagisticas.ro\/\" target=\"_blank\"><\/p>\n<div class=\"uk-inline-clip uk-transition-toggle\"><source type=\"image\/webp\" srcset=\"\/wp-content\/uploads\/yootheme\/cache\/86\/RMN-Imagistica-86a88a5a.webp 450w\" sizes=\"(min-width: 450px) 450px\" \/><\/div>\n<p><\/a><\/p>\n<div class=\"uk-padding-small uk-margin-remove-first-child\">\n<div class=\"el-meta uk-text-meta uk-margin-small-top\">RMN ImagisticAS<\/div>\n<div class=\"uk-margin-small-top\"><a href=\"https:\/\/rmnimagisticas.ro\/\" target=\"_blank\" class=\"el-link uk-button uk-button-text\">Vezi detalii<\/a><\/div>\n<\/div>\n<\/div>\n<\/div>\n<div>\n<div class=\"el-item uk-panel\"><a href=\"https:\/\/ro.san-marco.com\/\" target=\"_blank\"><\/p>\n<div class=\"uk-inline-clip uk-transition-toggle\"><source type=\"image\/webp\" srcset=\"\/wp-content\/uploads\/yootheme\/cache\/df\/sanmarco-df655601.webp 450w\" sizes=\"(min-width: 450px) 450px\" \/><\/div>\n<p><\/a><\/p>\n<div class=\"uk-padding-small uk-margin-remove-first-child\">\n<div class=\"el-meta uk-text-meta uk-margin-small-top\">San Marco<\/div>\n<div class=\"uk-margin-small-top\"><a href=\"https:\/\/ro.san-marco.com\/\" target=\"_blank\" class=\"el-link uk-button uk-button-text\">Vezi detalii<\/a><\/div>\n<\/div>\n<\/div>\n<\/div>\n<div>\n<div class=\"el-item uk-panel\"><a href=\"https:\/\/afiom.ro\/doneaza\" target=\"_blank\"><\/p>\n<div class=\"uk-inline-clip uk-transition-toggle\"><img loading=\"lazy\" decoding=\"async\" class=\"el-image uk-transition-scale-down uk-transition-opaque\" src=\"https:\/\/www.sursadevest.ro\/wp-content\/uploads\/2024\/12\/AfiOM_Sites_350x350_Mamici.gif\" alt width=\"350\" height=\"350\"><\/div>\n<p><\/a><\/p>\n<div class=\"uk-padding-small uk-margin-remove-first-child\">\n<div class=\"el-meta uk-text-meta uk-margin-small-top\">A fi om!<\/div>\n<div class=\"uk-margin-small-top\"><a href=\"https:\/\/afiom.ro\/doneaza\" target=\"_blank\" class=\"el-link uk-button uk-button-text\">Vezi detalii<\/a><\/div>\n<\/div>\n<\/div>\n<\/div>\n<div>\n<div class=\"el-item uk-panel\"><a href=\"https:\/\/afiom.ro\/doneaza\" target=\"_blank\"><\/p>\n<div class=\"uk-inline-clip uk-transition-toggle\"><img loading=\"lazy\" decoding=\"async\" class=\"el-image uk-transition-scale-down uk-transition-opaque\" src=\"https:\/\/www.sursadevest.ro\/wp-content\/uploads\/2024\/12\/AfiOM_Sites_350x350_Sport.gif\" alt width=\"350\" height=\"350\"><\/div>\n<p><\/a><\/p>\n<div class=\"uk-padding-small uk-margin-remove-first-child\">\n<div class=\"el-meta uk-text-meta uk-margin-small-top\">A fi om!<\/div>\n<div class=\"uk-margin-small-top\"><a href=\"https:\/\/afiom.ro\/doneaza\" target=\"_blank\" class=\"el-link uk-button uk-button-text\">Vezi detalii<\/a><\/div>\n<\/div>\n<\/div>\n<\/div>\n<div>\n<div class=\"el-item uk-panel uk-margin-remove-first-child\">\n<div class=\"el-meta uk-text-meta uk-margin-small-top\">For\u021ba Dreptei<\/div>\n<\/div>\n<\/div>\n<div>\n<div class=\"el-item uk-panel\"><a href=\"https:\/\/www.igard.ro\" target=\"_blank\"><\/p>\n<div class=\"uk-inline-clip uk-transition-toggle\"><source type=\"image\/webp\" srcset=\"\/wp-content\/uploads\/yootheme\/cache\/8c\/iGard-0124-02-8cb83681.webp 768w, \/wp-content\/uploads\/yootheme\/cache\/89\/iGard-0124-02-894b8f7b.webp 1080w\" sizes=\"(min-width: 1080px) 1080px\" \/><\/div>\n<p><\/a><\/p>\n<div class=\"uk-padding-small uk-margin-remove-first-child\">\n<div class=\"el-meta uk-text-meta uk-margin-small-top\">iGard panouri de gard \u2013 www.igard.ro<\/div>\n<div class=\"uk-margin-small-top\"><a href=\"https:\/\/www.igard.ro\" target=\"_blank\" class=\"el-link uk-button uk-button-text\">Vezi detalii<\/a><\/div>\n<\/div>\n<\/div>\n<\/div>\n<div>\n<div class=\"el-item uk-panel\">\n<div class=\"uk-inline-clip uk-transition-toggle\"><source type=\"image\/webp\" srcset=\"\/wp-content\/uploads\/yootheme\/cache\/f2\/atc-small-f2c6a401.webp 600w\" sizes=\"(min-width: 600px) 600px\" \/><\/div>\n<div class=\"uk-padding-small uk-margin-remove-first-child\">\n<div class=\"el-meta uk-text-meta uk-margin-small-top\">ATC BAUDESIGN<\/div>\n<\/div>\n<\/div>\n<\/div>\n<\/div>\n<\/div>\n<\/div>\n<\/div>\n<\/div>\n<\/div>\n<p><\/main><\/p>\n<p>[analyse_source url=&#8221;https:\/\/www.sursadevest.ro\/pot-incepe-lucrarile-la-podul-solventul-a-fost-semnat-contractul-de-executie\/&#8221;]<\/p>\n","protected":false},"excerpt":{"rendered":"<p>[analyse_image type=&#8221;featured&#8221; src=&#8221;https:\/\/www.sursadevest.ro\/wp-content\/uploads\/2025\/07\/pod-solventu.jpg&#8221;] Pot \u00eencepe lucr\u0103rile la Podul Solventul! A fost semnat contractul de execu\u021bie 3 septembrie, 2026 | Sursa de Vest | Eveniment, \u0218tiri | Niciun comentariu la Pot \u00eencepe lucr\u0103rile la Podul Solventul! A fost semnat contractul de execu\u021bie \u0218tiri Eveniment Retim Ecologic Service Vezi detalii Construirea Podului Solventul, care va asigura leg\u0103tura [&hellip;]<\/p>\n","protected":false},"author":1,"featured_media":0,"comment_status":"open","ping_status":"","sticky":false,"template":"","format":"standard","meta":{"footnotes":""},"categories":[89],"tags":[226,200],"class_list":["post-2126569","post","type-post","status-publish","format-standard","hentry","category-romania","tag-crawlmanager","tag-sursadevest-ro"],"_links":{"self":[{"href":"https:\/\/analyse.optim.biz\/index.php?rest_route=\/wp\/v2\/posts\/2126569","targetHints":{"allow":["GET"]}}],"collection":[{"href":"https:\/\/analyse.optim.biz\/index.php?rest_route=\/wp\/v2\/posts"}],"about":[{"href":"https:\/\/analyse.optim.biz\/index.php?rest_route=\/wp\/v2\/types\/post"}],"author":[{"embeddable":true,"href":"https:\/\/analyse.optim.biz\/index.php?rest_route=\/wp\/v2\/users\/1"}],"replies":[{"embeddable":true,"href":"https:\/\/analyse.optim.biz\/index.php?rest_route=%2Fwp%2Fv2%2Fcomments&post=2126569"}],"version-history":[{"count":0,"href":"https:\/\/analyse.optim.biz\/index.php?rest_route=\/wp\/v2\/posts\/2126569\/revisions"}],"wp:attachment":[{"href":"https:\/\/analyse.optim.biz\/index.php?rest_route=%2Fwp%2Fv2%2Fmedia&parent=2126569"}],"wp:term":[{"taxonomy":"category","embeddable":true,"href":"https:\/\/analyse.optim.biz\/index.php?rest_route=%2Fwp%2Fv2%2Fcategories&post=2126569"},{"taxonomy":"post_tag","embeddable":true,"href":"https:\/\/analyse.optim.biz\/index.php?rest_route=%2Fwp%2Fv2%2Ftags&post=2126569"}],"curies":[{"name":"wp","href":"https:\/\/api.w.org\/{rel}","templated":true}]}}