{"id":2126548,"date":"2026-09-03T10:12:31","date_gmt":"2026-09-03T07:12:31","guid":{"rendered":"https:\/\/analyse.optim.biz\/?p=2126548"},"modified":"2026-09-03T10:12:31","modified_gmt":"2026-09-03T07:12:31","slug":"cresele-din-cartierele-bogdanestilor-si-bucovinei-gata-pentru-noul-an-scolar","status":"publish","type":"post","link":"https:\/\/analyse.optim.biz\/?p=2126548","title":{"rendered":"Cre\u0219ele din cartierele Bogd\u0103ne\u0219tilor \u0219i Bucovinei, gata pentru noul an \u0219colar"},"content":{"rendered":"<p>[analyse_image type=&#8221;featured&#8221; src=&#8221;https:\/\/gazetadinvest.ro\/wp-content\/uploads\/2026\/09\/cresa-noua.jpg&#8221;]<\/p>\n<div class=\"td-post-content tagdiv-type\">\n<div class=\"td-post-featured-image\"><a href=\"https:\/\/gazetadinvest.ro\/wp-content\/uploads\/2026\/09\/cresa-noua.jpg\" data-caption><img loading=\"lazy\" decoding=\"async\" width=\"696\" height=\"464\" class=\"entry-thumb td-modal-image\" src=\"https:\/\/gazetadinvest.ro\/wp-content\/uploads\/2026\/09\/cresa-noua-696x464.jpg\" alt title=\"cresa noua\"><\/a><\/div>\n<p><strong>Prim\u0103ria Municipiului Timi\u0219oara deschide dou\u0103 cre\u0219e noi \u00een cartierele Bogd\u0103ne\u0219tilor \u0219i Bucovinei, extinz\u00e2nd re\u021beaua public\u0103 de \u00eenv\u0103\u021b\u0103m\u00e2nt antepre\u0219colar cu peste 140 de locuri. Investi\u021bia r\u0103spunde uneia dintre cele mai mari nevoi ale familiilor tinere din ora\u0219: accesul la servicii de educa\u021bie timpurie moderne, de calitate \u0219i aproape de cas\u0103.<\/strong><\/p>\n<p>\u201e<em>De luni, avem primii copii care merg la cre\u0219e nou construite dup\u0103 Revolu\u021bie la Timi\u0219oara. \u00cen ultimii ani, am amenajat c\u00e2teva zeci de noi locuri pentru cre\u0219e \u00een spa\u021bii educa\u021bionale care erau \u00eenchise sau nefolosite la gr\u0103dini\u021be \u0219i \u0219coli. Tocmai pentru a reduce din nevoia uria\u0219\u0103 pentru locuri \u00een cre\u0219ele publice. E un semnal c\u0103 Timi\u0219oara e un ora\u0219 \u00een care familiile tinere aleg s\u0103 se stabileasc\u0103. \u0218i e de datoria administra\u021biei s\u0103 le ofere condi\u021bii c\u00e2t mai bune. Continu\u0103m cu \u00eenc\u0103 2 cre\u0219e unde am reluat procedurile de licita\u021bie pentru constructori<\/em>\u201d, spune primarul Dominic Fritz.<\/p>\n<p>\u00cen noul an \u0219colar, la <em><strong>cre\u0219a de pe strada \u00cenv\u0103\u021b\u0103torului nr. 2<\/strong><\/em>, arondat\u0103 Gr\u0103dini\u021bei cu Program Prelungit nr. 36, vor participa la activit\u0103\u021bile zilnice 88 de copii, \u00eemp\u0103r\u021bi\u021bi \u00een patru grupe. Cl\u0103direa este construit\u0103 pe un singur nivel \u0219i este \u00eemp\u0103r\u021bit\u0103 \u00een trei zone: o zon\u0103 dedicat\u0103 activit\u0103\u021bilor copiilor, inclusiv dormitoare \u0219i spa\u021bii de joac\u0103, o zon\u0103 prev\u0103zut\u0103 cu buc\u0103t\u0103rie complet echipat\u0103, sp\u0103l\u0103torie, usc\u0103torie \u0219i c\u0103lc\u0103torie, precum \u0219i un spa\u021biu administrativ.<\/p>\n<p><em><strong>La cre\u0219a din zona Bogd\u0103ne\u0219tilor<\/strong><\/em>, arondat\u0103 Gr\u0103dini\u021bei cu Program Prelungit nr. 33, sunt \u00eenscri\u0219i 56 de copii, \u00eemp\u0103r\u021bi\u021bi, de asemenea, \u00een patru grupe. Cl\u0103direa, cu o suprafa\u021b\u0103 de peste 1.100 mp, este dispus\u0103 pe dou\u0103 niveluri. La parter sunt amenajate patru s\u0103li pentru copii, patru dormitoare, b\u0103i, cabinetul medical \u0219i un spa\u021biu multifunc\u021bional. La etaj se afl\u0103 birourile, buc\u0103t\u0103ria, sp\u0103l\u0103toria \u0219i un spa\u021biu pentru activit\u0103\u021bi \u0219i socializare.<\/p>\n<p>\u00cen paralel, Prim\u0103ria Timi\u0219oara continu\u0103 demersurile pentru construirea de noi cre\u0219e \u0219i \u00een alte cartiere din ora\u0219. Recent, municipalitatea a lansat licita\u021bia pentru desemnarea firmelor care vor executa lucr\u0103rile la cre\u0219ele din cartierele Ciarda Ro\u0219ie \u0219i Lipovei.<\/p>\n<\/div>\n<div class=\"td-post-content tagdiv-type\">\n<div class=\"td-post-featured-image\"><a href=\"https:\/\/gazetadinvest.ro\/wp-content\/uploads\/2026\/09\/cresa-noua.jpg\" data-caption><img loading=\"lazy\" decoding=\"async\" width=\"696\" height=\"464\" class=\"entry-thumb td-modal-image\" src=\"https:\/\/gazetadinvest.ro\/wp-content\/uploads\/2026\/09\/cresa-noua-696x464.jpg\" alt title=\"cresa noua\"><\/a><\/div>\n<p><strong>Prim\u0103ria Municipiului Timi\u0219oara deschide dou\u0103 cre\u0219e noi \u00een cartierele Bogd\u0103ne\u0219tilor \u0219i Bucovinei, extinz\u00e2nd re\u021beaua public\u0103 de \u00eenv\u0103\u021b\u0103m\u00e2nt antepre\u0219colar cu peste 140 de locuri. Investi\u021bia r\u0103spunde uneia dintre cele mai mari nevoi ale familiilor tinere din ora\u0219: accesul la servicii de educa\u021bie timpurie moderne, de calitate \u0219i aproape de cas\u0103.<\/strong><\/p>\n<p>\u201e<em>De luni, avem primii copii care merg la cre\u0219e nou construite dup\u0103 Revolu\u021bie la Timi\u0219oara. \u00cen ultimii ani, am amenajat c\u00e2teva zeci de noi locuri pentru cre\u0219e \u00een spa\u021bii educa\u021bionale care erau \u00eenchise sau nefolosite la gr\u0103dini\u021be \u0219i \u0219coli. Tocmai pentru a reduce din nevoia uria\u0219\u0103 pentru locuri \u00een cre\u0219ele publice. E un semnal c\u0103 Timi\u0219oara e un ora\u0219 \u00een care familiile tinere aleg s\u0103 se stabileasc\u0103. \u0218i e de datoria administra\u021biei s\u0103 le ofere condi\u021bii c\u00e2t mai bune. Continu\u0103m cu \u00eenc\u0103 2 cre\u0219e unde am reluat procedurile de licita\u021bie pentru constructori<\/em>\u201d, spune primarul Dominic Fritz.<\/p>\n<p>\u00cen noul an \u0219colar, la <em><strong>cre\u0219a de pe strada \u00cenv\u0103\u021b\u0103torului nr. 2<\/strong><\/em>, arondat\u0103 Gr\u0103dini\u021bei cu Program Prelungit nr. 36, vor participa la activit\u0103\u021bile zilnice 88 de copii, \u00eemp\u0103r\u021bi\u021bi \u00een patru grupe. Cl\u0103direa este construit\u0103 pe un singur nivel \u0219i este \u00eemp\u0103r\u021bit\u0103 \u00een trei zone: o zon\u0103 dedicat\u0103 activit\u0103\u021bilor copiilor, inclusiv dormitoare \u0219i spa\u021bii de joac\u0103, o zon\u0103 prev\u0103zut\u0103 cu buc\u0103t\u0103rie complet echipat\u0103, sp\u0103l\u0103torie, usc\u0103torie \u0219i c\u0103lc\u0103torie, precum \u0219i un spa\u021biu administrativ.<\/p>\n<p><em><strong>La cre\u0219a din zona Bogd\u0103ne\u0219tilor<\/strong><\/em>, arondat\u0103 Gr\u0103dini\u021bei cu Program Prelungit nr. 33, sunt \u00eenscri\u0219i 56 de copii, \u00eemp\u0103r\u021bi\u021bi, de asemenea, \u00een patru grupe. Cl\u0103direa, cu o suprafa\u021b\u0103 de peste 1.100 mp, este dispus\u0103 pe dou\u0103 niveluri. La parter sunt amenajate patru s\u0103li pentru copii, patru dormitoare, b\u0103i, cabinetul medical \u0219i un spa\u021biu multifunc\u021bional. La etaj se afl\u0103 birourile, buc\u0103t\u0103ria, sp\u0103l\u0103toria \u0219i un spa\u021biu pentru activit\u0103\u021bi \u0219i socializare.<\/p>\n<p>\u00cen paralel, Prim\u0103ria Timi\u0219oara continu\u0103 demersurile pentru construirea de noi cre\u0219e \u0219i \u00een alte cartiere din ora\u0219. Recent, municipalitatea a lansat licita\u021bia pentru desemnarea firmelor care vor executa lucr\u0103rile la cre\u0219ele din cartierele Ciarda Ro\u0219ie \u0219i Lipovei.<\/p>\n<\/div>\n<p>[analyse_source url=&#8221;https:\/\/gazetadinvest.ro\/cresele-din-cartierele-bogdanestilor-si-bucovinei-gata-pentru-noul-an-scolar\/&#8221;]<\/p>\n","protected":false},"excerpt":{"rendered":"<p>[analyse_image type=&#8221;featured&#8221; src=&#8221;https:\/\/gazetadinvest.ro\/wp-content\/uploads\/2026\/09\/cresa-noua.jpg&#8221;] Prim\u0103ria Municipiului Timi\u0219oara deschide dou\u0103 cre\u0219e noi \u00een cartierele Bogd\u0103ne\u0219tilor \u0219i Bucovinei, extinz\u00e2nd re\u021beaua public\u0103 de \u00eenv\u0103\u021b\u0103m\u00e2nt antepre\u0219colar cu peste 140 de locuri. Investi\u021bia r\u0103spunde uneia dintre cele mai mari nevoi ale familiilor tinere din ora\u0219: accesul la servicii de educa\u021bie timpurie moderne, de calitate \u0219i aproape de cas\u0103. \u201eDe luni, avem [&hellip;]<\/p>\n","protected":false},"author":1,"featured_media":0,"comment_status":"open","ping_status":"","sticky":false,"template":"","format":"standard","meta":{"footnotes":""},"categories":[89],"tags":[226,203],"class_list":["post-2126548","post","type-post","status-publish","format-standard","hentry","category-romania","tag-crawlmanager","tag-gazetadinvest-ro"],"_links":{"self":[{"href":"https:\/\/analyse.optim.biz\/index.php?rest_route=\/wp\/v2\/posts\/2126548","targetHints":{"allow":["GET"]}}],"collection":[{"href":"https:\/\/analyse.optim.biz\/index.php?rest_route=\/wp\/v2\/posts"}],"about":[{"href":"https:\/\/analyse.optim.biz\/index.php?rest_route=\/wp\/v2\/types\/post"}],"author":[{"embeddable":true,"href":"https:\/\/analyse.optim.biz\/index.php?rest_route=\/wp\/v2\/users\/1"}],"replies":[{"embeddable":true,"href":"https:\/\/analyse.optim.biz\/index.php?rest_route=%2Fwp%2Fv2%2Fcomments&post=2126548"}],"version-history":[{"count":0,"href":"https:\/\/analyse.optim.biz\/index.php?rest_route=\/wp\/v2\/posts\/2126548\/revisions"}],"wp:attachment":[{"href":"https:\/\/analyse.optim.biz\/index.php?rest_route=%2Fwp%2Fv2%2Fmedia&parent=2126548"}],"wp:term":[{"taxonomy":"category","embeddable":true,"href":"https:\/\/analyse.optim.biz\/index.php?rest_route=%2Fwp%2Fv2%2Fcategories&post=2126548"},{"taxonomy":"post_tag","embeddable":true,"href":"https:\/\/analyse.optim.biz\/index.php?rest_route=%2Fwp%2Fv2%2Ftags&post=2126548"}],"curies":[{"name":"wp","href":"https:\/\/api.w.org\/{rel}","templated":true}]}}