{"id":2126542,"date":"2026-09-03T13:05:06","date_gmt":"2026-09-03T10:05:06","guid":{"rendered":"https:\/\/analyse.optim.biz\/?p=2126542"},"modified":"2026-09-03T13:05:06","modified_gmt":"2026-09-03T10:05:06","slug":"alin-popoviciu-primul-sector-al-pistei-de-biciclete-timisoara-dumbravita-giarmata-intra-in-linie-dreapta","status":"publish","type":"post","link":"https:\/\/analyse.optim.biz\/?p=2126542","title":{"rendered":"Alin Popoviciu: Primul sector al pistei de biciclete Timi\u0219oara \u2013 Dumbr\u0103vi\u021ba \u2013 Giarmata intr\u0103 \u00een linie dreapt\u0103"},"content":{"rendered":"<p>[analyse_image type=&#8221;featured&#8221; src=&#8221;https:\/\/orasul-timisoara.ro\/wp-content\/uploads\/2026\/09\/propunere-pista-tm-dumbravita.jpg&#8221;]<\/p>\n<article id=\"post-40692\" class=\"td-post-template-7 post-40692 post type-post status-publish format-standard has-post-thumbnail category-administratie category-featured category-investitii-in-timisoara category-stiri-timisoara tag-alin-popoviciu tag-biciclete tag-consiliul-judetean-timis-2 tag-dumbravita-2 tag-giarmata tag-infrastructura-2 tag-investitii-2 tag-mobilitate tag-padurea-verde tag-pista-de-biciclete-2 tag-stiri-timisoara-2 tag-timis-2 tag-timisoara-2 tag-transport-alternativ td-container-wrap\">\n<div class=\"td-full-screen-header-image-wrap\">\n<div class=\"td-container td-post-header\">\n<div class=\"td-crumb-container\">\n<div class=\"entry-crumbs\"><span><a title=\"Vede\u021bi toate articolele \u00een Administra\u021bie local\u0103\" class=\"entry-crumb\" href=\"https:\/\/orasul-timisoara.ro\/local-category\/administratie\/\">Administra\u021bie local\u0103<\/a><\/span><span class=\"td-bred-no-url-last\">Alin Popoviciu: Primul sector al pistei de biciclete Timi\u0219oara \u2013 Dumbr\u0103vi\u021ba \u2013&#8230;<\/span><\/div>\n<\/div>\n<div class=\"td-post-header-holder\">\n<div class=\"td-parallax-header\">\n<header class=\"td-post-title\">\n<ul class=\"td-category\">\n<li class=\"entry-category\"><a href=\"https:\/\/orasul-timisoara.ro\/local-category\/administratie\/\">Administra\u021bie local\u0103<\/a><\/li>\n<li class=\"entry-category\"><a href=\"https:\/\/orasul-timisoara.ro\/local-category\/investitii-in-timisoara\/\">Investitii in Timisoara<\/a><\/li>\n<li class=\"entry-category\"><a href=\"https:\/\/orasul-timisoara.ro\/local-category\/stiri-timisoara\/\">\u0218tiri Locale<\/a><\/li>\n<\/ul>\n<h1 class=\"entry-title\">Alin Popoviciu: Primul sector al pistei de biciclete Timi\u0219oara \u2013 Dumbr\u0103vi\u021ba \u2013 Giarmata intr\u0103 \u00een linie dreapt\u0103<\/h1>\n<div class=\"td-module-meta-info\">\n<div class=\"td-post-author-name\">\n<div class=\"td-author-by\">De c\u0103tre<\/div>\n<p><a href=\"https:\/\/orasul-timisoara.ro\/author\/timisoara\/\">redactia<\/a><\/p>\n<div class=\"td-author-line\"> &#8211; <\/div>\n<\/div>\n<p><span class=\"td-post-date\"><time class=\"entry-date updated td-module-date\" datetime=\"2026-09-03T16:05:06+03:00\">03\/09\/2026<\/time><\/span><\/div>\n<\/header>\n<\/div>\n<\/div>\n<\/div>\n<div id=\"td-full-screen-header-image\" class=\"td-image-gradient-style7\"><img decoding=\"async\" class=\"td-backstretch\" src=\"https:\/\/orasul-timisoara.ro\/wp-content\/uploads\/2026\/09\/propunere-pista-tm-dumbravita.jpg\"><\/div>\n<\/div>\n<div class=\"td-container\">\n<div class=\"td-pb-row\">\n<div class=\"td-pb-span8 td-main-content\" role=\"main\">\n<div class=\"td-ss-main-content\">\n<div class=\"td-post-sharing-top\">\n<div class=\"td-post-sharing-classic\"><iframe title=\"topFacebookLike\" frameborder src=\"https:\/\/www.facebook.com\/plugins\/like.php?href=https:\/\/orasul-timisoara.ro\/local-40692\/&amp;layout=button_count&amp;show_faces=false&amp;width=105&amp;action=like&amp;colorscheme=light&amp;height=21\"><\/iframe><\/div>\n<div id=\"td_social_sharing_article_top\" class=\"td-post-sharing td-ps-bg td-ps-notext td-post-sharing-style1 \">\n<div class=\"td-post-sharing-visible\"><a class=\"td-social-sharing-button td-social-sharing-button-js td-social-network td-social-facebook\" href=\"https:\/\/www.facebook.com\/sharer.php?u=https%3A%2F%2Forasul-timisoara.ro%2Flocal-40692%2F\" title=\"Facebook\"><\/p>\n<div class=\"td-social-but-text\">Facebook<\/div>\n<p><\/a><a class=\"td-social-sharing-button td-social-sharing-button-js td-social-network td-social-twitter\" href=\"https:\/\/twitter.com\/intent\/tweet?text=Alin+Popoviciu%3A+Primul+sector+al+pistei+de+biciclete+Timi%C8%99oara+%E2%80%93+Dumbr%C4%83vi%C8%9Ba+%E2%80%93+Giarmata+intr%C4%83+%C3%AEn+linie+dreapt%C4%83&amp;url=https%3A%2F%2Forasul-timisoara.ro%2Flocal-40692%2F&amp;via=orasultm\" title=\"Twitter\"><\/p>\n<div class=\"td-social-but-text\">Twitter<\/div>\n<p><\/a><a class=\"td-social-sharing-button td-social-sharing-button-js td-social-network td-social-whatsapp\" href=\"https:\/\/api.whatsapp.com\/send?text=Alin+Popoviciu%3A+Primul+sector+al+pistei+de+biciclete+Timi%C8%99oara+%E2%80%93+Dumbr%C4%83vi%C8%9Ba+%E2%80%93+Giarmata+intr%C4%83+%C3%AEn+linie+dreapt%C4%83%20%0A%0A%20https:\/\/orasul-timisoara.ro\/local-40692\/\" title=\"WhatsApp\"><\/p>\n<div class=\"td-social-but-text\">WhatsApp<\/div>\n<p><\/a><a class=\"td-social-sharing-button td-social-sharing-button-js td-social-network td-social-linkedin\" href=\"https:\/\/www.linkedin.com\/shareArticle?mini=true&amp;url=https:\/\/orasul-timisoara.ro\/local-40692\/&amp;title=Alin+Popoviciu%3A+Primul+sector+al+pistei+de+biciclete+Timi%C8%99oara+%E2%80%93+Dumbr%C4%83vi%C8%9Ba+%E2%80%93+Giarmata+intr%C4%83+%C3%AEn+linie+dreapt%C4%83\" title=\"Linkedin\"><\/p>\n<div class=\"td-social-but-text\">Linkedin<\/div>\n<p><\/a><a class=\"td-social-sharing-button td-social-sharing-button-js td-social-network td-social-reddit\" href=\"https:\/\/reddit.com\/submit?url=https:\/\/orasul-timisoara.ro\/local-40692\/&amp;title=Alin+Popoviciu%3A+Primul+sector+al+pistei+de+biciclete+Timi%C8%99oara+%E2%80%93+Dumbr%C4%83vi%C8%9Ba+%E2%80%93+Giarmata+intr%C4%83+%C3%AEn+linie+dreapt%C4%83\" title=\"ReddIt\"><\/p>\n<div class=\"td-social-but-text\">ReddIt<\/div>\n<p><\/a><a class=\"td-social-sharing-button td-social-sharing-button-js td-social-network td-social-mail\" href=\"mailto:?subject=Alin%20Popoviciu:%20Primul%20sector%20al%20pistei%20de%20biciclete%20Timi%C8%99oara%20%E2%80%93%20Dumbr%C4%83vi%C8%9Ba%20%E2%80%93%20Giarmata%20intr%C4%83%20%C3%AEn%20linie%20dreapt%C4%83&amp;body=https:\/\/orasul-timisoara.ro\/local-40692\/\" title=\"Email\"><\/p>\n<div class=\"td-social-but-text\">Email<\/div>\n<p><\/a><a class=\"td-social-sharing-button td-social-sharing-button-js td-social-network td-social-print\" href=\"https:\/\/orasul-timisoara.ro\/local-40692\/\" title=\"Imprimare\"><\/p>\n<div class=\"td-social-but-text\">Imprimare<\/div>\n<p><\/a><\/div>\n<\/div>\n<\/div>\n<div class=\"td-post-content tagdiv-type\">\n<p class=\"wp-block-paragraph\">Consiliul Jude\u021bean Timi\u0219 a aprobat Studiul de Fezabilitate pentru primul sector al pistei de biciclete care va lega Timi\u0219oara de Dumbr\u0103vi\u021ba \u0219i Giarmata. Investi\u021bia prevede amenajarea a 3,1 kilometri de pist\u0103 \u00een zona str\u0103zii Migdalului din Dumbr\u0103vi\u021ba, la marginea P\u0103durii Verzi, iar valoarea estimat\u0103 este de 6,66 milioane de lei, cu TVA.<\/p>\n<h2 class=\"wp-block-heading\">Primul pas concret pentru pista de biciclete<\/h2>\n<p class=\"wp-block-paragraph\">Proiectul unei piste de biciclete \u00eentre Timi\u0219oara, Dumbr\u0103vi\u021ba \u0219i Giarmata este discutat de mai mult timp, iar acum intr\u0103 \u00eentr-o nou\u0103 etap\u0103.<\/p>\n<p class=\"wp-block-paragraph\">Alin Popoviciu, vicepre\u0219edintele Consiliului Jude\u021bean Timi\u0219, anun\u021b\u0103 c\u0103 administra\u021bia jude\u021bean\u0103 a aprobat, \u00een 26 august, Studiul de Fezabilitate pentru primul sector al viitoarei piste.<\/p>\n<p class=\"wp-block-paragraph\">\u201eO pist\u0103 de biciclete \u00eentre Timi\u0219oara, Dumbr\u0103vi\u021ba \u0219i Giarmata este un proiect despre care s-a vorbit de ceva timp. Acum facem un pas concret \u00eenainte\u201d, a transmis Alin Popoviciu.<\/p>\n<h2 class=\"wp-block-heading\">3,1 kilometri de pist\u0103 separat\u0103 de traficul auto<\/h2>\n<p class=\"wp-block-paragraph\">Primul sector al investi\u021biei va avea o lungime de 3,1 kilometri \u0219i va fi amenajat \u00een zona str\u0103zii Migdalului din Dumbr\u0103vi\u021ba, la marginea P\u0103durii Verzi.<\/p>\n<p class=\"wp-block-paragraph\">Potrivit reprezentantului CJ Timi\u0219, pista va fi separat\u0103 de drumul destinat autovehiculelor, astfel \u00eenc\u00e2t bicicli\u0219tii s\u0103 beneficieze de o leg\u0103tur\u0103 mai sigur\u0103.<\/p>\n<p class=\"wp-block-paragraph\">Valoarea estimat\u0103 a investi\u021biei este de 6,66 milioane de lei, TVA inclus.<\/p>\n<p class=\"wp-block-paragraph\">\u201eVorbim despre 3,1 kilometri de pist\u0103, iar investi\u021bia este estimat\u0103 la 6,66 milioane de lei, cu TVA. Traseul va fi separat de drumul destinat ma\u0219inilor \u0219i va asigura o leg\u0103tur\u0103 sigur\u0103 pentru bicicli\u0219ti\u201d, spune Alin Popoviciu.<\/p>\n<h2 class=\"wp-block-heading\">Urmeaz\u0103 procedura pentru execu\u021bia lucr\u0103rilor<\/h2>\n<p class=\"wp-block-paragraph\">Dup\u0103 aprobarea Studiului de Fezabilitate, urm\u0103toarea etap\u0103 este preg\u0103tirea procedurii pentru execu\u021bia lucr\u0103rilor.<\/p>\n<p class=\"wp-block-paragraph\">Administra\u021bia jude\u021bean\u0103 spune c\u0103 \u00ee\u0219i dore\u0219te ca proiectul s\u0103 avanseze c\u00e2t mai rapid c\u0103tre etapa de interven\u021bie \u00een teren.<\/p>\n<p class=\"wp-block-paragraph\">\u201eAvem Studiul de Fezabilitate aprobat, iar urm\u0103torul pas este preg\u0103tirea procedurii pentru execu\u021bie. Vrem s\u0103 trecem c\u00e2t mai repede de la proiect la lucr\u0103rile din teren\u201d, a declarat vicepre\u0219edintele CJ Timi\u0219.<\/p>\n<p class=\"wp-block-paragraph\">Noua infrastructur\u0103 pentru biciclete este g\u00e2ndit\u0103 s\u0103 asigure o leg\u0103tur\u0103 \u00eentre Dumbr\u0103vi\u021ba, Timi\u0219oara \u0219i Giarmata, \u00eentr-o zon\u0103 care a cunoscut o dezvoltare important\u0103 \u00een ultimii ani.<\/p>\n<p class=\"wp-block-paragraph\">\u201eEste un proiect important pentru Dumbr\u0103vi\u021ba \u0219i pentru leg\u0103tura cu Timi\u0219oara \u0219i Giarmata, mai ales \u00eentr-o zon\u0103 care s-a dezvoltat foarte mult \u00een ultimii ani\u201d, a mai transmis Alin Popoviciu.<\/p>\n<p class=\"wp-block-paragraph\">\u201ePentru un Timi\u0219 care merit\u0103!\u201d, \u00eencheie vicepre\u0219edintele Consiliului Jude\u021bean Timi\u0219.<\/p>\n<\/div>\n<footer>\n<div class=\"td-post-source-tags\">\n<ul class=\"td-tags td-post-small-box clearfix\">\n<li><span>ETICHETE<\/span><\/li>\n<li><a href=\"https:\/\/orasul-timisoara.ro\/local-tag\/alin-popoviciu\/\">Alin Popoviciu<\/a><\/li>\n<li><a href=\"https:\/\/orasul-timisoara.ro\/local-tag\/biciclete\/\">biciclete<\/a><\/li>\n<li><a href=\"https:\/\/orasul-timisoara.ro\/local-tag\/consiliul-judetean-timis-2\/\">Consiliul Jude\u021bean Timi\u0219<\/a><\/li>\n<li><a href=\"https:\/\/orasul-timisoara.ro\/local-tag\/dumbravita-2\/\">Dumbr\u0103vi\u021ba<\/a><\/li>\n<li><a href=\"https:\/\/orasul-timisoara.ro\/local-tag\/giarmata\/\">giarmata<\/a><\/li>\n<li><a href=\"https:\/\/orasul-timisoara.ro\/local-tag\/infrastructura-2\/\">infrastructur\u0103<\/a><\/li>\n<li><a href=\"https:\/\/orasul-timisoara.ro\/local-tag\/investitii-2\/\">investi\u021bii<\/a><\/li>\n<li><a href=\"https:\/\/orasul-timisoara.ro\/local-tag\/mobilitate\/\">mobilitate<\/a><\/li>\n<li><a href=\"https:\/\/orasul-timisoara.ro\/local-tag\/padurea-verde\/\">p\u0103durea verde<\/a><\/li>\n<li><a href=\"https:\/\/orasul-timisoara.ro\/local-tag\/pista-de-biciclete-2\/\">pist\u0103 de biciclete<\/a><\/li>\n<li><a href=\"https:\/\/orasul-timisoara.ro\/local-tag\/stiri-timisoara-2\/\">\u0219tiri Timi\u0219oara<\/a><\/li>\n<li><a href=\"https:\/\/orasul-timisoara.ro\/local-tag\/timis-2\/\">timi\u0219<\/a><\/li>\n<li><a href=\"https:\/\/orasul-timisoara.ro\/local-tag\/timisoara-2\/\">timi\u0219oara<\/a><\/li>\n<li><a href=\"https:\/\/orasul-timisoara.ro\/local-tag\/transport-alternativ\/\">transport alternativ<\/a><\/li>\n<\/ul>\n<\/div>\n<div class=\"td-post-sharing-bottom\">\n<div class=\"td-post-sharing-classic\"><iframe title=\"bottomFacebookLike\" frameborder src=\"https:\/\/www.facebook.com\/plugins\/like.php?href=https:\/\/orasul-timisoara.ro\/local-40692\/&amp;layout=button_count&amp;show_faces=false&amp;width=105&amp;action=like&amp;colorscheme=light&amp;height=21\"><\/iframe><\/div>\n<div id=\"td_social_sharing_article_bottom\" class=\"td-post-sharing td-ps-bg td-ps-notext td-post-sharing-style1 \">\n<div class=\"td-post-sharing-visible\"><a class=\"td-social-sharing-button td-social-sharing-button-js td-social-network td-social-facebook\" href=\"https:\/\/www.facebook.com\/sharer.php?u=https%3A%2F%2Forasul-timisoara.ro%2Flocal-40692%2F\" title=\"Facebook\"><\/p>\n<div class=\"td-social-but-text\">Facebook<\/div>\n<p><\/a><a class=\"td-social-sharing-button td-social-sharing-button-js td-social-network td-social-twitter\" href=\"https:\/\/twitter.com\/intent\/tweet?text=Alin+Popoviciu%3A+Primul+sector+al+pistei+de+biciclete+Timi%C8%99oara+%E2%80%93+Dumbr%C4%83vi%C8%9Ba+%E2%80%93+Giarmata+intr%C4%83+%C3%AEn+linie+dreapt%C4%83&amp;url=https%3A%2F%2Forasul-timisoara.ro%2Flocal-40692%2F&amp;via=orasultm\" title=\"Twitter\"><\/p>\n<div class=\"td-social-but-text\">Twitter<\/div>\n<p><\/a><a class=\"td-social-sharing-button td-social-sharing-button-js td-social-network td-social-whatsapp\" href=\"https:\/\/api.whatsapp.com\/send?text=Alin+Popoviciu%3A+Primul+sector+al+pistei+de+biciclete+Timi%C8%99oara+%E2%80%93+Dumbr%C4%83vi%C8%9Ba+%E2%80%93+Giarmata+intr%C4%83+%C3%AEn+linie+dreapt%C4%83%20%0A%0A%20https:\/\/orasul-timisoara.ro\/local-40692\/\" title=\"WhatsApp\"><\/p>\n<div class=\"td-social-but-text\">WhatsApp<\/div>\n<p><\/a><a class=\"td-social-sharing-button td-social-sharing-button-js td-social-network td-social-linkedin\" href=\"https:\/\/www.linkedin.com\/shareArticle?mini=true&amp;url=https:\/\/orasul-timisoara.ro\/local-40692\/&amp;title=Alin+Popoviciu%3A+Primul+sector+al+pistei+de+biciclete+Timi%C8%99oara+%E2%80%93+Dumbr%C4%83vi%C8%9Ba+%E2%80%93+Giarmata+intr%C4%83+%C3%AEn+linie+dreapt%C4%83\" title=\"Linkedin\"><\/p>\n<div class=\"td-social-but-text\">Linkedin<\/div>\n<p><\/a><a class=\"td-social-sharing-button td-social-sharing-button-js td-social-network td-social-reddit\" href=\"https:\/\/reddit.com\/submit?url=https:\/\/orasul-timisoara.ro\/local-40692\/&amp;title=Alin+Popoviciu%3A+Primul+sector+al+pistei+de+biciclete+Timi%C8%99oara+%E2%80%93+Dumbr%C4%83vi%C8%9Ba+%E2%80%93+Giarmata+intr%C4%83+%C3%AEn+linie+dreapt%C4%83\" title=\"ReddIt\"><\/p>\n<div class=\"td-social-but-text\">ReddIt<\/div>\n<p><\/a><a class=\"td-social-sharing-button td-social-sharing-button-js td-social-network td-social-mail\" href=\"mailto:?subject=Alin%20Popoviciu:%20Primul%20sector%20al%20pistei%20de%20biciclete%20Timi%C8%99oara%20%E2%80%93%20Dumbr%C4%83vi%C8%9Ba%20%E2%80%93%20Giarmata%20intr%C4%83%20%C3%AEn%20linie%20dreapt%C4%83&amp;body=https:\/\/orasul-timisoara.ro\/local-40692\/\" title=\"Email\"><\/p>\n<div class=\"td-social-but-text\">Email<\/div>\n<p><\/a><a class=\"td-social-sharing-button td-social-sharing-button-js td-social-network td-social-print\" href=\"https:\/\/orasul-timisoara.ro\/local-40692\/\" title=\"Imprimare\"><\/p>\n<div class=\"td-social-but-text\">Imprimare<\/div>\n<p><\/a><\/div>\n<\/div>\n<\/div>\n<div class=\"td-block-row td-post-next-prev\">\n<div class=\"td-block-span6 td-post-prev-post\">\n<div class=\"td-post-next-prev-content\"><span>Articolul precedent<\/span><a href=\"https:\/\/orasul-timisoara.ro\/local-40685\/\">Dominic Fritz a semnat contractul pentru construirea Podului Solventul, primul pod ce va fi construit \u00een Timi\u0219oara dup\u0103 89. C\u00e2nd \u00eencepe construc\u021bia?<\/a><\/div>\n<\/div>\n<div class=\"td-block-span6 td-post-next-post\">\n<div class=\"td-post-next-prev-content\"><span>Articolul urm\u0103tor<\/span><a href=\"https:\/\/orasul-timisoara.ro\/local-40687\/\">Dominic Fritz: \u201eCentrul din Kuncz func\u021bioneaz\u0103 peste capacitate. Copiii vin \u00een fiecare zi\u201d<\/a><\/div>\n<\/div>\n<\/div>\n<div class=\"td-author-name vcard author\"><span class=\"fn\"><a href=\"https:\/\/orasul-timisoara.ro\/author\/timisoara\/\">redactia<\/a><\/span><\/div>\n<p><span class=\"td-page-meta\"><\/span><span class=\"td-page-meta\"><span class=\"td-page-meta\"><\/span><\/span><span class=\"td-page-meta\"><\/span><\/footer>\n<div class=\"td_block_wrap td_block_related_posts tdi_3 td_with_ajax_pagination td-pb-border-top td_block_template_8\" data-td-block-uid=\"tdi_3\">\n<h4 class=\"td-related-title td-block-title\"><a id=\"tdi_4\" class=\"td-related-left td-cur-simple-item\" data-td_filter_value data-td_block_id=\"tdi_3\" href=\"https:\/\/orasul-timisoara.ro\/local-40692\/\">ARTICOLE SIMILARE<\/a><a id=\"tdi_5\" class=\"td-related-right\" data-td_filter_value=\"td_related_more_from_author\" data-td_block_id=\"tdi_3\" href=\"https:\/\/orasul-timisoara.ro\/local-40692\/\">DE LA ACELA\u0218I AUTOR<\/a><\/h4>\n<div id=\"tdi_3\" class=\"td_block_inner\">\n<div class=\"td-related-row\">\n<div class=\"td-related-span4\">\n<div class=\"td_module_related_posts td-animation-stack td_mod_related_posts\">\n<div class=\"td-module-image\">\n<div class=\"td-module-thumb\"><a href=\"https:\/\/orasul-timisoara.ro\/local-40667\/\" rel=\"bookmark\" class=\"td-image-wrap \" title=\"CJ Timi\u0219 mai pune 1,02 milioane de lei pentru stadionul \u201eEroii Timi\u0219oarei\u201d. Alfred Simonis: \u201ePrimeaz\u0103 interesul ora\u0219ului\u201d\"><img loading=\"lazy\" decoding=\"async\" class=\"entry-thumb\" src=\"https:\/\/orasul-timisoara.ro\/wp-content\/uploads\/2026\/09\/simonis-eroii-timisoarei-stadion-436x300.jpg\" alt title=\"CJ Timi\u0219 mai pune 1,02 milioane de lei pentru stadionul \u201eEroii Timi\u0219oarei\u201d. Alfred Simonis: \u201ePrimeaz\u0103 interesul ora\u0219ului\u201d\" width=\"218\" height=\"150\"><\/a><\/div>\n<\/div>\n<div class=\"item-details\">\n<h3 class=\"entry-title td-module-title\"><a href=\"https:\/\/orasul-timisoara.ro\/local-40667\/\" rel=\"bookmark\" title=\"CJ Timi\u0219 mai pune 1,02 milioane de lei pentru stadionul \u201eEroii Timi\u0219oarei\u201d. Alfred Simonis: \u201ePrimeaz\u0103 interesul ora\u0219ului\u201d\">CJ Timi\u0219 mai pune 1,02 milioane de lei pentru stadionul \u201eEroii Timi\u0219oarei\u201d. Alfred Simonis: \u201ePrimeaz\u0103 interesul ora\u0219ului\u201d<\/a><\/h3>\n<\/div>\n<\/div>\n<\/div>\n<div class=\"td-related-span4\">\n<div class=\"td_module_related_posts td-animation-stack td_mod_related_posts\">\n<div class=\"td-module-image\">\n<div class=\"td-module-thumb\"><a href=\"https:\/\/orasul-timisoara.ro\/local-40579\/\" rel=\"bookmark\" class=\"td-image-wrap \" title=\"Pi\u0219chia \u2013 Ma\u0219loc \u2013 Lipova: lucr\u0103rile la drumul jude\u021bean au ajuns la 60%. Alfred Simonis: \u201eVom termina mult mai repede\u201d\"><img loading=\"lazy\" decoding=\"async\" class=\"entry-thumb\" src=\"https:\/\/orasul-timisoara.ro\/wp-content\/uploads\/2025\/11\/DJ691-timis-3-436x300.jpg\" alt title=\"Pi\u0219chia \u2013 Ma\u0219loc \u2013 Lipova: lucr\u0103rile la drumul jude\u021bean au ajuns la 60%. Alfred Simonis: \u201eVom termina mult mai repede\u201d\" width=\"218\" height=\"150\"><\/a><\/div>\n<\/div>\n<div class=\"item-details\">\n<h3 class=\"entry-title td-module-title\"><a href=\"https:\/\/orasul-timisoara.ro\/local-40579\/\" rel=\"bookmark\" title=\"Pi\u0219chia \u2013 Ma\u0219loc \u2013 Lipova: lucr\u0103rile la drumul jude\u021bean au ajuns la 60%. Alfred Simonis: \u201eVom termina mult mai repede\u201d\">Pi\u0219chia \u2013 Ma\u0219loc \u2013 Lipova: lucr\u0103rile la drumul jude\u021bean au ajuns la 60%. Alfred Simonis: \u201eVom termina mult mai repede\u201d<\/a><\/h3>\n<\/div>\n<\/div>\n<\/div>\n<div class=\"td-related-span4\">\n<div class=\"td_module_related_posts td-animation-stack td_mod_related_posts\">\n<div class=\"td-module-image\">\n<div class=\"td-module-thumb\"><a href=\"https:\/\/orasul-timisoara.ro\/local-40551\/\" rel=\"bookmark\" class=\"td-image-wrap \" title=\"Gusturile Banatului ajung la BIAS 2026. Timi\u0219ul \u00ee\u0219i promoveaz\u0103 gastronomia la Bucure\u0219ti\"><img loading=\"lazy\" decoding=\"async\" class=\"entry-thumb\" src=\"https:\/\/orasul-timisoara.ro\/wp-content\/uploads\/2026\/08\/visit-timis-la-bias-2026-436x300.jpg\" alt title=\"Gusturile Banatului ajung la BIAS 2026. Timi\u0219ul \u00ee\u0219i promoveaz\u0103 gastronomia la Bucure\u0219ti\" width=\"218\" height=\"150\"><\/a><\/div>\n<\/div>\n<div class=\"item-details\">\n<h3 class=\"entry-title td-module-title\"><a href=\"https:\/\/orasul-timisoara.ro\/local-40551\/\" rel=\"bookmark\" title=\"Gusturile Banatului ajung la BIAS 2026. Timi\u0219ul \u00ee\u0219i promoveaz\u0103 gastronomia la Bucure\u0219ti\">Gusturile Banatului ajung la BIAS 2026. Timi\u0219ul \u00ee\u0219i promoveaz\u0103 gastronomia la Bucure\u0219ti<\/a><\/h3>\n<\/div>\n<\/div>\n<\/div>\n<\/div>\n<\/div>\n<\/div>\n<div class=\"comments\" id=\"comments\">\n<div id=\"respond\" class=\"comment-respond\">\n<h3 id=\"reply-title\" class=\"comment-reply-title\">L\u0102SA\u021aI UN MESAJ<\/h3>\n<div class=\"comment-form-input-wrap td-form-comment\">\n<div class=\"td-warning-comment\">V\u0103 rug\u0103m s\u0103 introduce\u021bi comentariul dvs.!<\/div>\n<\/div>\n<div class=\"comment-form-input-wrap td-form-author\">\n<div class=\"td-warning-author\">Introduce\u021bi aici numele dvs.<\/div>\n<\/div>\n<div class=\"comment-form-input-wrap td-form-email\">\n<div class=\"td-warning-email-error\">A\u021bi introdus o adres\u0103 de e-mail incorect\u0103!<\/div>\n<div class=\"td-warning-email\">V\u0103 rug\u0103m s\u0103 introduce\u021bi adresa dvs. de e-mail aici<\/div>\n<\/div>\n<\/div>\n<p class=\"akismet_comment_form_privacy_notice\">Acest site folose\u0219te Akismet pentru a reduce spamul. <a href=\"https:\/\/akismet.com\/privacy\/\" target=\"_blank\" rel=\"nofollow noopener\">Afl\u0103 cum sunt procesate datele comentariilor tale<\/a>.<\/p>\n<\/div>\n<\/div>\n<\/div>\n<div class=\"td-pb-span4 td-main-sidebar\" role=\"complementary\">\n<div class=\"td-ss-main-sidebar\">\n<aside id=\"block-4\" class=\"td_block_template_8 widget block-4 widget_block widget_media_image\">\n<figure class=\"wp-block-image size-full\"><img loading=\"lazy\" decoding=\"async\" width=\"336\" height=\"280\" src=\"https:\/\/orasul-timisoara.ro\/wp-content\/uploads\/2024\/11\/ReTIM-Abonamentul-Verde-Google-Ads-336x280px.gif\" alt class=\"wp-image-29257\"><\/figure>\n<\/aside>\n<div class=\"td_block_wrap td_block_social_counter td_block_widget tdi_6 td-social-style5 td-social-boxed td-pb-border-top td_block_template_8\">\n<div class=\"td-block-title-wrap\">\n<h4 class=\"td-block-title\"><span>Urm\u0103re\u0219te-ne pe Social Media<\/span><\/h4>\n<\/div>\n<div class=\"td-social-list\">\n<div class=\"td_social_type td-pb-margin-side td_social_facebook\">\n<div class=\"td-social-box\"><span class=\"td_social_info td_social_info_counter\">344,595<\/span><span class=\"td_social_info td_social_info_name\">Fani<\/span><span class=\"td_social_button\"><a href=\"https:\/\/www.facebook.com\/247timisoara\" target=\"_blank\" rel=\"nofollow\">\u00cemi place<\/a><\/span><\/div>\n<\/div>\n<div class=\"td_social_type td-pb-margin-side td_social_instagram\">\n<div class=\"td-social-box\"><span class=\"td_social_info td_social_info_counter\">4,416<\/span><span class=\"td_social_info td_social_info_name\">Cititori<\/span><span class=\"td_social_button\"><a href=\"https:\/\/instagram.com\/orasultimisoararo\/\" target=\"_blank\" rel=\"nofollow\">Conecta\u021bi-v\u0103<\/a><\/span><\/div>\n<\/div>\n<div class=\"td_social_type td-pb-margin-side td_social_rss\">\n<div class=\"td-social-box\"><span class=\"td_social_info td_social_info_counter\">12,506<\/span><span class=\"td_social_info td_social_info_name\">Cititori<\/span><span class=\"td_social_button\"><a href=\"https:\/\/orasul-timisoara.ro\/feed\/\" target=\"_blank\" rel=\"nofollow\">Conecta\u021bi-v\u0103<\/a><\/span><\/div>\n<\/div>\n<div class=\"td_social_type td-pb-margin-side td_social_tiktok\">\n<div class=\"td-social-box\"><span class=\"td_social_info td_social_info_counter\">1,500<\/span><span class=\"td_social_info td_social_info_name\">Cititori<\/span><span class=\"td_social_button\"><a href=\"https:\/\/www.tiktok.com\/@orasultimisoara\" target=\"_blank\" rel=\"nofollow\">Conecta\u021bi-v\u0103<\/a><\/span><\/div>\n<\/div>\n<div class=\"td_social_type td-pb-margin-side td_social_twitter\">\n<div class=\"td-social-box\"><span class=\"td_social_info td_social_info_counter\">1,595<\/span><span class=\"td_social_info td_social_info_name\">Cititori<\/span><span class=\"td_social_button\"><a href=\"https:\/\/twitter.com\/orasultm\" target=\"_blank\" rel=\"nofollow\">Conecta\u021bi-v\u0103<\/a><\/span><\/div>\n<\/div>\n<div class=\"td_social_type td-pb-margin-side td_social_youtube\">\n<div class=\"td-social-box\"><span class=\"td_social_info td_social_info_counter\">3,506<\/span><span class=\"td_social_info td_social_info_name\">Abona\u021bi<\/span><span class=\"td_social_button\"><a href=\"https:\/\/www.youtube.com\/channel\/UCQNsQvs2XCSIm1Z-AHRturw?sub_confirmation=1\" target=\"_blank\" rel=\"nofollow\">Abona\u021bi-v\u0103<\/a><\/span><\/div>\n<\/div>\n<\/div>\n<\/div>\n<aside id=\"text-7\" class=\"td_block_template_8 widget text-7 widget_text\">\n<h4 class=\"td-block-title\"><span>C\u0103ut\u0103ri populare pe OTM<\/span><\/h4>\n<div class=\"textwidget\"><a href=\"https:\/\/orasul-timisoara.ro\/?s=timisoara\"><span>Timisoara<\/span><\/a><a href=\"https:\/\/orasul-timisoara.ro\/?s=calin+dobra\"><span>Calin Dobra<\/span><\/a><a href=\"https:\/\/orasul-timisoara.ro\/?s=primaria+timisoara\"><span>Primaria Timisoara<\/span><\/a><a href=\"https:\/\/orasul-timisoara.ro\/?s=dominic+fritz\"><span>Dominic Fritz<\/span><\/a><a href=\"https:\/\/orasul-timisoara.ro\/?s=nicolae+robu\"><span>Nicolae Robu<\/span><\/a><a href=\"https:\/\/orasul-timisoara.ro\/?s=consiliul+local+timisoara\">Consiliul Local Timisoara<\/a><a href=\"https:\/\/orasul-timisoara.ro\/?s=consiliul+judetean+timis\"><span>Consiliul Judetean Timis<\/span><\/a><a href=\"https:\/\/orasul-timisoara.ro\/?s=cjt\"><span>CJT<\/span><\/a><a href=\"https:\/\/orasul-timisoara.ro\/?s=Alfred+Simonis\"><span>Alfred Simonis<\/span><\/a><a href=\"https:\/\/orasul-timisoara.ro\/?s=PNL\"><span>PNL<\/span><\/a><a href=\"https:\/\/orasul-timisoara.ro\/?s=coronavirus\"><span>coronavirus<\/span><\/a><a href=\"https:\/\/orasul-timisoara.ro\/?s=teatru+timisoara\">teatru Timisoara<\/a><a href=\"https:\/\/orasul-timisoara.ro\/?s=restaurante\"><span>restaurante Timisoara<\/span><\/a><a href=\"https:\/\/orasul-timisoara.ro\/?s=diskoteka\"><span>Diskoteka<\/span><\/a><a href=\"https:\/\/orasul-timisoara.ro\/?s=iulius+town\"><span>Iulius Town<\/span><\/a><a href=\"https:\/\/orasul-timisoara.ro\/?s=iulius+mall\"><span>Iulius Mall<\/span><\/a><a href=\"https:\/\/orasul-timisoara.ro\/?s=stpt\"><span>STPT<\/span><\/a><a href=\"https:\/\/orasul-timisoara.ro\/?s=alin+nica\"><span>Alin Nica<\/span><\/a><a href=\"https:\/\/orasul-timisoara.ro\/?s=psd\"><span>PSD<\/span><\/a><a href=\"https:\/\/orasul-timisoara.ro\/?s=aeroport\"><span>Aeroportul International Timisoara<\/span><\/a><a href=\"https:\/\/orasul-timisoara.ro\/?s=babes\"><span>Spitalul Victor Babes Timisoara<\/span><\/a><a href=\"https:\/\/orasul-timisoara.ro\/?s=poli\"><span>Poli Timi\u0219oara<\/span><\/a><a href=\"https:\/\/orasul-timisoara.ro\/?s=carantina\"><span>carantina<\/span><\/a><a href=\"https:\/\/orasul-timisoara.ro\/?s=aquatim\"><span>Aquatim<\/span><\/a><a href=\"https:\/\/orasul-timisoara.ro\/local-category\/stiri-timisoara\/\"><span>Stiri Timisoara<\/span><\/a><a href=\"https:\/\/orasul-timisoara.ro\/local-category\/investitii-in-timisoara\/\"><span>Investi\u021bii in Timi\u0219oara<\/span><\/a><a href=\"https:\/\/orasul-timisoara.ro\/local-9463\/\"><span>shaorma<\/span><\/a><a href=\"https:\/\/orasul-timisoara.ro\/?s=trafic\"><span>trafic rutier<\/span><\/a><a href=\"https:\/\/orasul-timisoara.ro\/?s=politia\"><span>politia locala timisoara<\/span><\/a><a href=\"https:\/\/orasul-timisoara.ro\/?s=roxana\"><span>Roxana Iliescu<\/span><\/a><a href=\"https:\/\/orasul-timisoara.ro\/?s=colterm\"><span>Colterm<\/span><\/a><a href=\"https:\/\/orasul-timisoara.ro\/?s=latcau\"><span>Ruben La\u021bc\u0103u<\/span><\/a><a href=\"https:\/\/orasul-timisoara.ro\/?s=timis\"><span>\u0218tiri din Timi\u0219<\/span><\/a><a href=\"https:\/\/orasul-timisoara.ro\/?s=spital\"><span>Spitale din Timi\u0219oara<\/span><\/a><a href=\"https:\/\/orasul-timisoara.ro\/?s=tabara\"><span>Cosmin Tab\u0103r\u0103<\/span><\/a><\/div>\n<\/aside>\n<aside id=\"rss-2\" class=\"td_block_template_8 widget rss-2 widget_rss\">\n<h4 class=\"td-block-title\"><span><a class=\"rsswidget rss-widget-feed\" href=\"https:\/\/fashionfridays.ro\/feed\"><img decoding=\"async\" class=\"rss-widget-icon\" width=\"14\" height=\"14\" src=\"https:\/\/orasul-timisoara.ro\/wp-includes\/images\/rss.png\" alt=\"Flux RSS: Fashion Fridays\" loading=\"lazy\"><\/a><a class=\"rsswidget rss-widget-title\" href=\"https:\/\/fashionfridays.ro\/\">Fashion Fridays<\/a><\/span><\/h4>\n<ul>\n<li><a class=\"rsswidget\" href=\"https:\/\/fashionfridays.ro\/romania-devine-a-29-a-piata-vogue-o-noua-era-pentru-industria-locala-de-moda\/\">Rom\u00e2nia devine a 29-a pia\u021b\u0103 Vogue: o nou\u0103 er\u0103 pentru industria local\u0103 de mod\u0103<\/a>\n<div class=\"rssSummary\">Revista Vogue \u00ee\u0219i extinde prezen\u021ba global\u0103 \u0219i va fi lansat\u0103 oficial \u00een Rom\u00e2nia \u00een prim\u0103vara anului 2027, marc\u00e2nd intrarea pe cea de-a 29-a pia\u021b\u0103 interna\u021bional\u0103. Proiectul este realizat \u00een parteneriat cu AEMME Publishing, o companie media recent \u00eenfiin\u021bat\u0103, care va publica edi\u021bia local\u0103 sub licen\u021b\u0103. Noua edi\u021bie, Vogue Rom\u00e2nia, \u00ee\u0219i propune s\u0103 combine autoritatea global\u0103 [\u2026]<\/div>\n<\/li>\n<\/ul>\n<\/aside>\n<aside id=\"rss-4\" class=\"td_block_template_8 widget rss-4 widget_rss\">\n<h4 class=\"td-block-title\"><span><a class=\"rsswidget rss-widget-feed\" href=\"https:\/\/emasini.ro\/feed\"><img decoding=\"async\" class=\"rss-widget-icon\" width=\"14\" height=\"14\" src=\"https:\/\/orasul-timisoara.ro\/wp-includes\/images\/rss.png\" alt=\"Flux RSS: eMasini\" loading=\"lazy\"><\/a><a class=\"rsswidget rss-widget-title\" href=\"https:\/\/emasini.ro\/\">eMasini<\/a><\/span><\/h4>\n<ul>\n<li><a class=\"rsswidget\" href=\"https:\/\/emasini.ro\/adio-bordurilor-pline-de-ecrane-mercedes-benz-readuce-butoanele-in-noile-masini-produse\/\">Adio bordurilor pline de ecrane? Mercedes-Benz readuce butoanele \u00een noile ma\u0219ini produse<\/a>\n<div class=\"rssSummary\">Mercedes-Benz \u00ee\u0219i schimb\u0103 direc\u021bia \u00een ceea ce prive\u0219te designul interioarelor \u0219i va readuce comenzile fizice pentru anumite func\u021bii importante. Constructorul german nu renun\u021b\u0103 la ecranele mari \u0219i la tehnologiile digitale, dar recunoa\u0219te c\u0103 a mers prea departe prin eliminarea unor butoane \u0219i comenzi tactile. Ola K\u00e4llenius, pre\u0219edintele Consiliului de Administra\u021bie al Mercedes-Benz Group \u0219i CEO [\u2026]<\/div>\n<\/li>\n<\/ul>\n<\/aside>\n<\/div>\n<\/div>\n<\/div>\n<\/div>\n<\/article>\n<div class=\"td-post-content tagdiv-type\">\n<p class=\"wp-block-paragraph\">Consiliul Jude\u021bean Timi\u0219 a aprobat Studiul de Fezabilitate pentru primul sector al pistei de biciclete care va lega Timi\u0219oara de Dumbr\u0103vi\u021ba \u0219i Giarmata. Investi\u021bia prevede amenajarea a 3,1 kilometri de pist\u0103 \u00een zona str\u0103zii Migdalului din Dumbr\u0103vi\u021ba, la marginea P\u0103durii Verzi, iar valoarea estimat\u0103 este de 6,66 milioane de lei, cu TVA.<\/p>\n<h2 class=\"wp-block-heading\">Primul pas concret pentru pista de biciclete<\/h2>\n<p class=\"wp-block-paragraph\">Proiectul unei piste de biciclete \u00eentre Timi\u0219oara, Dumbr\u0103vi\u021ba \u0219i Giarmata este discutat de mai mult timp, iar acum intr\u0103 \u00eentr-o nou\u0103 etap\u0103.<\/p>\n<p class=\"wp-block-paragraph\">Alin Popoviciu, vicepre\u0219edintele Consiliului Jude\u021bean Timi\u0219, anun\u021b\u0103 c\u0103 administra\u021bia jude\u021bean\u0103 a aprobat, \u00een 26 august, Studiul de Fezabilitate pentru primul sector al viitoarei piste.<\/p>\n<p class=\"wp-block-paragraph\">\u201eO pist\u0103 de biciclete \u00eentre Timi\u0219oara, Dumbr\u0103vi\u021ba \u0219i Giarmata este un proiect despre care s-a vorbit de ceva timp. Acum facem un pas concret \u00eenainte\u201d, a transmis Alin Popoviciu.<\/p>\n<h2 class=\"wp-block-heading\">3,1 kilometri de pist\u0103 separat\u0103 de traficul auto<\/h2>\n<p class=\"wp-block-paragraph\">Primul sector al investi\u021biei va avea o lungime de 3,1 kilometri \u0219i va fi amenajat \u00een zona str\u0103zii Migdalului din Dumbr\u0103vi\u021ba, la marginea P\u0103durii Verzi.<\/p>\n<p class=\"wp-block-paragraph\">Potrivit reprezentantului CJ Timi\u0219, pista va fi separat\u0103 de drumul destinat autovehiculelor, astfel \u00eenc\u00e2t bicicli\u0219tii s\u0103 beneficieze de o leg\u0103tur\u0103 mai sigur\u0103.<\/p>\n<p class=\"wp-block-paragraph\">Valoarea estimat\u0103 a investi\u021biei este de 6,66 milioane de lei, TVA inclus.<\/p>\n<p class=\"wp-block-paragraph\">\u201eVorbim despre 3,1 kilometri de pist\u0103, iar investi\u021bia este estimat\u0103 la 6,66 milioane de lei, cu TVA. Traseul va fi separat de drumul destinat ma\u0219inilor \u0219i va asigura o leg\u0103tur\u0103 sigur\u0103 pentru bicicli\u0219ti\u201d, spune Alin Popoviciu.<\/p>\n<h2 class=\"wp-block-heading\">Urmeaz\u0103 procedura pentru execu\u021bia lucr\u0103rilor<\/h2>\n<p class=\"wp-block-paragraph\">Dup\u0103 aprobarea Studiului de Fezabilitate, urm\u0103toarea etap\u0103 este preg\u0103tirea procedurii pentru execu\u021bia lucr\u0103rilor.<\/p>\n<p class=\"wp-block-paragraph\">Administra\u021bia jude\u021bean\u0103 spune c\u0103 \u00ee\u0219i dore\u0219te ca proiectul s\u0103 avanseze c\u00e2t mai rapid c\u0103tre etapa de interven\u021bie \u00een teren.<\/p>\n<p class=\"wp-block-paragraph\">\u201eAvem Studiul de Fezabilitate aprobat, iar urm\u0103torul pas este preg\u0103tirea procedurii pentru execu\u021bie. Vrem s\u0103 trecem c\u00e2t mai repede de la proiect la lucr\u0103rile din teren\u201d, a declarat vicepre\u0219edintele CJ Timi\u0219.<\/p>\n<p class=\"wp-block-paragraph\">Noua infrastructur\u0103 pentru biciclete este g\u00e2ndit\u0103 s\u0103 asigure o leg\u0103tur\u0103 \u00eentre Dumbr\u0103vi\u021ba, Timi\u0219oara \u0219i Giarmata, \u00eentr-o zon\u0103 care a cunoscut o dezvoltare important\u0103 \u00een ultimii ani.<\/p>\n<p class=\"wp-block-paragraph\">\u201eEste un proiect important pentru Dumbr\u0103vi\u021ba \u0219i pentru leg\u0103tura cu Timi\u0219oara \u0219i Giarmata, mai ales \u00eentr-o zon\u0103 care s-a dezvoltat foarte mult \u00een ultimii ani\u201d, a mai transmis Alin Popoviciu.<\/p>\n<p class=\"wp-block-paragraph\">\u201ePentru un Timi\u0219 care merit\u0103!\u201d, \u00eencheie vicepre\u0219edintele Consiliului Jude\u021bean Timi\u0219.<\/p>\n<\/div>\n<p>[analyse_source url=&#8221;https:\/\/orasul-timisoara.ro\/local-40692\/&#8221;]<\/p>\n","protected":false},"excerpt":{"rendered":"<p>[analyse_image type=&#8221;featured&#8221; src=&#8221;https:\/\/orasul-timisoara.ro\/wp-content\/uploads\/2026\/09\/propunere-pista-tm-dumbravita.jpg&#8221;] Administra\u021bie local\u0103Alin Popoviciu: Primul sector al pistei de biciclete Timi\u0219oara \u2013 Dumbr\u0103vi\u021ba \u2013&#8230; Administra\u021bie local\u0103 Investitii in Timisoara \u0218tiri Locale Alin Popoviciu: Primul sector al pistei de biciclete Timi\u0219oara \u2013 Dumbr\u0103vi\u021ba \u2013 Giarmata intr\u0103 \u00een linie dreapt\u0103 De c\u0103tre redactia &#8211; 03\/09\/2026 Facebook Twitter WhatsApp Linkedin ReddIt Email Imprimare Consiliul Jude\u021bean Timi\u0219 [&hellip;]<\/p>\n","protected":false},"author":1,"featured_media":0,"comment_status":"open","ping_status":"","sticky":false,"template":"","format":"standard","meta":{"footnotes":""},"categories":[89],"tags":[226,189],"class_list":["post-2126542","post","type-post","status-publish","format-standard","hentry","category-romania","tag-crawlmanager","tag-orasul-timisoara-ro"],"_links":{"self":[{"href":"https:\/\/analyse.optim.biz\/index.php?rest_route=\/wp\/v2\/posts\/2126542","targetHints":{"allow":["GET"]}}],"collection":[{"href":"https:\/\/analyse.optim.biz\/index.php?rest_route=\/wp\/v2\/posts"}],"about":[{"href":"https:\/\/analyse.optim.biz\/index.php?rest_route=\/wp\/v2\/types\/post"}],"author":[{"embeddable":true,"href":"https:\/\/analyse.optim.biz\/index.php?rest_route=\/wp\/v2\/users\/1"}],"replies":[{"embeddable":true,"href":"https:\/\/analyse.optim.biz\/index.php?rest_route=%2Fwp%2Fv2%2Fcomments&post=2126542"}],"version-history":[{"count":0,"href":"https:\/\/analyse.optim.biz\/index.php?rest_route=\/wp\/v2\/posts\/2126542\/revisions"}],"wp:attachment":[{"href":"https:\/\/analyse.optim.biz\/index.php?rest_route=%2Fwp%2Fv2%2Fmedia&parent=2126542"}],"wp:term":[{"taxonomy":"category","embeddable":true,"href":"https:\/\/analyse.optim.biz\/index.php?rest_route=%2Fwp%2Fv2%2Fcategories&post=2126542"},{"taxonomy":"post_tag","embeddable":true,"href":"https:\/\/analyse.optim.biz\/index.php?rest_route=%2Fwp%2Fv2%2Ftags&post=2126542"}],"curies":[{"name":"wp","href":"https:\/\/api.w.org\/{rel}","templated":true}]}}