{"id":2126540,"date":"2026-09-02T11:12:59","date_gmt":"2026-09-02T08:12:59","guid":{"rendered":"https:\/\/analyse.optim.biz\/?p=2126540"},"modified":"2026-09-02T11:12:59","modified_gmt":"2026-09-02T08:12:59","slug":"cele-15-linii-de-transport-scolar-revin-odata-cu-inceperea-cursurilor-in-noul-an","status":"publish","type":"post","link":"https:\/\/analyse.optim.biz\/?p=2126540","title":{"rendered":"Cele 15 linii de transport \u0219colar revin odat\u0103 cu \u00eenceperea cursurilor \u00een noul an"},"content":{"rendered":"<p>[analyse_image type=&#8221;featured&#8221; src=&#8221;https:\/\/gazetadinvest.ro\/wp-content\/uploads\/2025\/12\/transport-scolar.jpg&#8221;]<\/p>\n<div class=\"td-post-content tagdiv-type\">\n<div class=\"td-post-featured-image\"><a href=\"https:\/\/gazetadinvest.ro\/wp-content\/uploads\/2025\/12\/transport-scolar.jpg\" data-caption><img loading=\"lazy\" decoding=\"async\" width=\"526\" height=\"701\" class=\"entry-thumb td-modal-image\" src=\"https:\/\/gazetadinvest.ro\/wp-content\/uploads\/2025\/12\/transport-scolar.jpg\" alt title=\"transport scolar\"><\/a><\/div>\n<p><strong>Municipalitatea, prin Societatea de Transport Public, men\u021bine \u0219i \u00een noul an \u0219colar cele 15 trasee dedicate transportului elevilor.<\/strong><\/p>\n<p>\u00cencep\u00e2nd cu 7 septembrie, \u00een contextul lucr\u0103rilor din Pia\u021ba Traian, linia \u0219colar\u0103 S12 va circula pe un traseu deviat, at\u00e2t la dus, c\u00e2t \u0219i la \u00eentors. Sta\u021bia \u201ePia\u021ba Traian\u201d este suspendat\u0103 temporar, iar autobuzele vor circula pe strada Iepurelui \u0219i strada I.H. Pestalozzi. Sunt introduse \u0219i dou\u0103 sta\u021bii noi pe acest traseu deviat \u2013 \u201eIepurelui\u201d \u0219i\u00a0 \u201eRadio Timi\u0219oara\u201d.<\/p>\n<p>Traseul liniei S12 va fi reanalizat \u00een func\u021bie de evolu\u021bia lucr\u0103rilor din Pia\u021ba Traian, iar eventualele modific\u0103ri vor fi comunicate din timp.<\/p>\n<p>Celelalte linii \u0219colare vor circula pe acelea\u0219i trasee ca \u00een anul \u0219colar trecut.<\/p>\n<p>Prin liniile speciale \u201eS\u201d, operate de STPT \u0219i adaptate programului \u0219colar, elevii au o variant\u0103 sigur\u0103 \u0219i accesibil\u0103 pentru drumul spre \u0219coal\u0103. \u00cen acela\u0219i timp, transportul \u0219colar vine \u00een sprijinul p\u0103rin\u021bilor \u0219i \u00eei \u00eencurajeaz\u0103 pe cei mici s\u0103 se obi\u0219nuiasc\u0103 de timpuriu cu transportul public.<\/p>\n<p>Lista complet\u0103 a sta\u021biilor \u0219i orarul de func\u021bionare pot fi accesate pe site-ul STPT, la sec\u021biunea \u201eLinii transport \u0219colar\u201d: <a href=\"https:\/\/stpt.ro\/orare-de-circulatie\/\"><strong>https:\/\/stpt.ro\/orare-de-circulatie\/<\/strong><\/a><strong>\u00a0<\/strong><\/p>\n<\/div>\n<div class=\"td-post-content tagdiv-type\">\n<div class=\"td-post-featured-image\"><a href=\"https:\/\/gazetadinvest.ro\/wp-content\/uploads\/2025\/12\/transport-scolar.jpg\" data-caption><img loading=\"lazy\" decoding=\"async\" width=\"526\" height=\"701\" class=\"entry-thumb td-modal-image\" src=\"https:\/\/gazetadinvest.ro\/wp-content\/uploads\/2025\/12\/transport-scolar.jpg\" alt title=\"transport scolar\"><\/a><\/div>\n<p><strong>Municipalitatea, prin Societatea de Transport Public, men\u021bine \u0219i \u00een noul an \u0219colar cele 15 trasee dedicate transportului elevilor.<\/strong><\/p>\n<p>\u00cencep\u00e2nd cu 7 septembrie, \u00een contextul lucr\u0103rilor din Pia\u021ba Traian, linia \u0219colar\u0103 S12 va circula pe un traseu deviat, at\u00e2t la dus, c\u00e2t \u0219i la \u00eentors. Sta\u021bia \u201ePia\u021ba Traian\u201d este suspendat\u0103 temporar, iar autobuzele vor circula pe strada Iepurelui \u0219i strada I.H. Pestalozzi. Sunt introduse \u0219i dou\u0103 sta\u021bii noi pe acest traseu deviat \u2013 \u201eIepurelui\u201d \u0219i\u00a0 \u201eRadio Timi\u0219oara\u201d.<\/p>\n<p>Traseul liniei S12 va fi reanalizat \u00een func\u021bie de evolu\u021bia lucr\u0103rilor din Pia\u021ba Traian, iar eventualele modific\u0103ri vor fi comunicate din timp.<\/p>\n<p>Celelalte linii \u0219colare vor circula pe acelea\u0219i trasee ca \u00een anul \u0219colar trecut.<\/p>\n<p>Prin liniile speciale \u201eS\u201d, operate de STPT \u0219i adaptate programului \u0219colar, elevii au o variant\u0103 sigur\u0103 \u0219i accesibil\u0103 pentru drumul spre \u0219coal\u0103. \u00cen acela\u0219i timp, transportul \u0219colar vine \u00een sprijinul p\u0103rin\u021bilor \u0219i \u00eei \u00eencurajeaz\u0103 pe cei mici s\u0103 se obi\u0219nuiasc\u0103 de timpuriu cu transportul public.<\/p>\n<p>Lista complet\u0103 a sta\u021biilor \u0219i orarul de func\u021bionare pot fi accesate pe site-ul STPT, la sec\u021biunea \u201eLinii transport \u0219colar\u201d: <a href=\"https:\/\/stpt.ro\/orare-de-circulatie\/\"><strong>https:\/\/stpt.ro\/orare-de-circulatie\/<\/strong><\/a><strong>\u00a0<\/strong><\/p>\n<\/div>\n<p>[analyse_source url=&#8221;https:\/\/gazetadinvest.ro\/cele-15-linii-de-transport-scolar-revin-odata-cu-inceperea-cursurilor-in-noul-an\/&#8221;]<\/p>\n","protected":false},"excerpt":{"rendered":"<p>[analyse_image type=&#8221;featured&#8221; src=&#8221;https:\/\/gazetadinvest.ro\/wp-content\/uploads\/2025\/12\/transport-scolar.jpg&#8221;] Municipalitatea, prin Societatea de Transport Public, men\u021bine \u0219i \u00een noul an \u0219colar cele 15 trasee dedicate transportului elevilor. \u00cencep\u00e2nd cu 7 septembrie, \u00een contextul lucr\u0103rilor din Pia\u021ba Traian, linia \u0219colar\u0103 S12 va circula pe un traseu deviat, at\u00e2t la dus, c\u00e2t \u0219i la \u00eentors. Sta\u021bia \u201ePia\u021ba Traian\u201d este suspendat\u0103 temporar, iar autobuzele [&hellip;]<\/p>\n","protected":false},"author":1,"featured_media":0,"comment_status":"open","ping_status":"","sticky":false,"template":"","format":"standard","meta":{"footnotes":""},"categories":[89],"tags":[226,203],"class_list":["post-2126540","post","type-post","status-publish","format-standard","hentry","category-romania","tag-crawlmanager","tag-gazetadinvest-ro"],"_links":{"self":[{"href":"https:\/\/analyse.optim.biz\/index.php?rest_route=\/wp\/v2\/posts\/2126540","targetHints":{"allow":["GET"]}}],"collection":[{"href":"https:\/\/analyse.optim.biz\/index.php?rest_route=\/wp\/v2\/posts"}],"about":[{"href":"https:\/\/analyse.optim.biz\/index.php?rest_route=\/wp\/v2\/types\/post"}],"author":[{"embeddable":true,"href":"https:\/\/analyse.optim.biz\/index.php?rest_route=\/wp\/v2\/users\/1"}],"replies":[{"embeddable":true,"href":"https:\/\/analyse.optim.biz\/index.php?rest_route=%2Fwp%2Fv2%2Fcomments&post=2126540"}],"version-history":[{"count":0,"href":"https:\/\/analyse.optim.biz\/index.php?rest_route=\/wp\/v2\/posts\/2126540\/revisions"}],"wp:attachment":[{"href":"https:\/\/analyse.optim.biz\/index.php?rest_route=%2Fwp%2Fv2%2Fmedia&parent=2126540"}],"wp:term":[{"taxonomy":"category","embeddable":true,"href":"https:\/\/analyse.optim.biz\/index.php?rest_route=%2Fwp%2Fv2%2Fcategories&post=2126540"},{"taxonomy":"post_tag","embeddable":true,"href":"https:\/\/analyse.optim.biz\/index.php?rest_route=%2Fwp%2Fv2%2Ftags&post=2126540"}],"curies":[{"name":"wp","href":"https:\/\/api.w.org\/{rel}","templated":true}]}}