{"id":2126526,"date":"2026-09-02T10:40:24","date_gmt":"2026-09-02T07:40:24","guid":{"rendered":"https:\/\/analyse.optim.biz\/?p=2126526"},"modified":"2026-09-02T10:40:24","modified_gmt":"2026-09-02T07:40:24","slug":"cj-timis-suplimenteaza-fondurile-pentru-stadionul-lego-alfred-simonis-dincolo-de-dispute-politice-primeaza-interesul-orasului","status":"publish","type":"post","link":"https:\/\/analyse.optim.biz\/?p=2126526","title":{"rendered":"CJ Timi\u0219 suplimenteaz\u0103 fondurile pentru stadionul \u201eLEGO\u201d. Alfred Simonis: \u201eDincolo de dispute politice, primeaz\u0103 interesul ora\u0219ului\u201d"},"content":{"rendered":"<p>[analyse_image type=&#8221;featured&#8221; src=&#8221;https:\/\/gazetadinvest.ro\/wp-content\/uploads\/2026\/09\/simonis-cjt.jpg&#8221;]<\/p>\n<div class=\"td-post-content tagdiv-type\">\n<div class=\"td-post-featured-image\"><a href=\"https:\/\/gazetadinvest.ro\/wp-content\/uploads\/2026\/09\/simonis-cjt.jpg\" data-caption><img loading=\"lazy\" decoding=\"async\" width=\"696\" height=\"464\" class=\"entry-thumb td-modal-image\" src=\"https:\/\/gazetadinvest.ro\/wp-content\/uploads\/2026\/09\/simonis-cjt-696x464.jpg\" alt title=\"simonis cjt\"><\/a><\/div>\n<p><strong>Consiliul Jude\u021bean Timi\u0219 va aloca peste un milion de lei \u00een plus pentru finalizarea lucr\u0103rilor la arena de pe Calea Buzia\u0219ului. Anun\u021bul a fost f\u0103cut de pre\u0219edintele CJT, Alfred Simonis, care a taxat subtil pozi\u021bia USR din ultimele zile, subliniat \u00eens\u0103 c\u0103 deblocarea proiectului este o prioritate pentru sportul timi\u0219orean.<\/strong><\/p>\n<p>Parteneriatul dintre Consiliul Jude\u021bean \u0219i Prim\u0103ria Timi\u0219oara pentru construirea stadionului \u201eEroii Timi\u0219oarei\u201d prime\u0219te o nou\u0103 infuzie de capital. Mar\u021bi, plenul CJT se va \u00eentruni \u00eentr-o \u0219edin\u021b\u0103 extraordinar\u0103 pentru a aproba o suplimentare bugetar\u0103 de 1.020.000 de lei, sum\u0103 solicitat\u0103 oficial de municipalitate.<\/p>\n<p>Fondurile vin \u00een completarea celor 20 de milioane de lei alocate ini\u021bial de administra\u021bia jude\u021bean\u0103 pentru acest obiectiv de investi\u021bii.<\/p>\n<p><strong>Ironii politice pe axa CJT \u2013 Prim\u0103rie<\/strong><\/p>\n<p>Pre\u0219edintele CJ Timi\u0219, Alfred Simonis, nu a ratat ocazia de a sanc\u021biona o anumit\u0103 neconcordan\u021b\u0103 \u00een discursul public al partenerilor de coali\u021bie local\u0103. Potrivit acestuia, cererea de suplimentare venit\u0103 de la Prim\u0103rie a sosit la doar 24 de ore dup\u0103 ce lideri ai USR sus\u021bineau public c\u0103 Timi\u0219oara nu ar avea nevoie de noul stadion \u201eDan P\u0103ltini\u0219anu\u201d.<\/p>\n<p>\u201e<em>La doar o zi dup\u0103 ce reprezentan\u021bii USR ne explicau c\u0103 Timi\u0219oara nu are nevoie de stadionul Dan P\u0103ltini\u0219anu, Prim\u0103ria Timi\u0219oara ne-a solicitat suplimentarea celor 20 de milioane de lei prev\u0103zu\u021bi \u00een parteneriatul pe care l-am f\u0103cut pentru finalizarea construc\u021biei stadionului Eroii Timi\u0219oarei. Vom convoca o \u0219edin\u021b\u0103 a Consiliului Jude\u021bean, care va avea loc mar\u021bi, pentru suplimentarea sumei ini\u021biale cu \u00eenc\u0103 1.020.000 de lei pentru c\u0103 dincolo de disputele politice, primeaz\u0103 interesul ora\u0219ului\u201d<\/em>, a declarat Alfred Simonis.<\/p>\n<p>\u0218eful administra\u021biei jude\u021bene a explicat c\u0103 decizia de a se implica financiar a avut la baz\u0103 dorin\u021ba de a debloca un proiect care \u201estagna de prea mult timp\u201d, ad\u0103ug\u00e2nd c\u0103 at\u00e2t comunitatea local\u0103, c\u00e2t \u0219i echipa fanion a ora\u0219ului, Poli, au nevoie urgent\u0103 de infrastructur\u0103 sportiv\u0103 modern\u0103.<\/p>\n<p>Pe \u0219antierul arenei din Calea Buzia\u0219ului ritmul lucr\u0103rilor s-a intensificat \u00een ultima perioad\u0103. \u00cen acest moment, constructorii preg\u0103tesc terenul pentru montarea gazonului \u0219i a scaunelor din tribune, desf\u0103\u0219ur\u00e2ndu-se totodat\u0103 \u0219i finisajele interioare \u0219i exterioare.<\/p>\n<p>Cel mai probabil, echipa se poate muta pe noua aren\u0103 doar \u00een prim\u0103vara anului viitor.<\/p>\n<\/div>\n<div class=\"td-post-content tagdiv-type\">\n<div class=\"td-post-featured-image\"><a href=\"https:\/\/gazetadinvest.ro\/wp-content\/uploads\/2026\/09\/simonis-cjt.jpg\" data-caption><img loading=\"lazy\" decoding=\"async\" width=\"696\" height=\"464\" class=\"entry-thumb td-modal-image\" src=\"https:\/\/gazetadinvest.ro\/wp-content\/uploads\/2026\/09\/simonis-cjt-696x464.jpg\" alt title=\"simonis cjt\"><\/a><\/div>\n<p><strong>Consiliul Jude\u021bean Timi\u0219 va aloca peste un milion de lei \u00een plus pentru finalizarea lucr\u0103rilor la arena de pe Calea Buzia\u0219ului. Anun\u021bul a fost f\u0103cut de pre\u0219edintele CJT, Alfred Simonis, care a taxat subtil pozi\u021bia USR din ultimele zile, subliniat \u00eens\u0103 c\u0103 deblocarea proiectului este o prioritate pentru sportul timi\u0219orean.<\/strong><\/p>\n<p>Parteneriatul dintre Consiliul Jude\u021bean \u0219i Prim\u0103ria Timi\u0219oara pentru construirea stadionului \u201eEroii Timi\u0219oarei\u201d prime\u0219te o nou\u0103 infuzie de capital. Mar\u021bi, plenul CJT se va \u00eentruni \u00eentr-o \u0219edin\u021b\u0103 extraordinar\u0103 pentru a aproba o suplimentare bugetar\u0103 de 1.020.000 de lei, sum\u0103 solicitat\u0103 oficial de municipalitate.<\/p>\n<p>Fondurile vin \u00een completarea celor 20 de milioane de lei alocate ini\u021bial de administra\u021bia jude\u021bean\u0103 pentru acest obiectiv de investi\u021bii.<\/p>\n<p><strong>Ironii politice pe axa CJT \u2013 Prim\u0103rie<\/strong><\/p>\n<p>Pre\u0219edintele CJ Timi\u0219, Alfred Simonis, nu a ratat ocazia de a sanc\u021biona o anumit\u0103 neconcordan\u021b\u0103 \u00een discursul public al partenerilor de coali\u021bie local\u0103. Potrivit acestuia, cererea de suplimentare venit\u0103 de la Prim\u0103rie a sosit la doar 24 de ore dup\u0103 ce lideri ai USR sus\u021bineau public c\u0103 Timi\u0219oara nu ar avea nevoie de noul stadion \u201eDan P\u0103ltini\u0219anu\u201d.<\/p>\n<p>\u201e<em>La doar o zi dup\u0103 ce reprezentan\u021bii USR ne explicau c\u0103 Timi\u0219oara nu are nevoie de stadionul Dan P\u0103ltini\u0219anu, Prim\u0103ria Timi\u0219oara ne-a solicitat suplimentarea celor 20 de milioane de lei prev\u0103zu\u021bi \u00een parteneriatul pe care l-am f\u0103cut pentru finalizarea construc\u021biei stadionului Eroii Timi\u0219oarei. Vom convoca o \u0219edin\u021b\u0103 a Consiliului Jude\u021bean, care va avea loc mar\u021bi, pentru suplimentarea sumei ini\u021biale cu \u00eenc\u0103 1.020.000 de lei pentru c\u0103 dincolo de disputele politice, primeaz\u0103 interesul ora\u0219ului\u201d<\/em>, a declarat Alfred Simonis.<\/p>\n<p>\u0218eful administra\u021biei jude\u021bene a explicat c\u0103 decizia de a se implica financiar a avut la baz\u0103 dorin\u021ba de a debloca un proiect care \u201estagna de prea mult timp\u201d, ad\u0103ug\u00e2nd c\u0103 at\u00e2t comunitatea local\u0103, c\u00e2t \u0219i echipa fanion a ora\u0219ului, Poli, au nevoie urgent\u0103 de infrastructur\u0103 sportiv\u0103 modern\u0103.<\/p>\n<p>Pe \u0219antierul arenei din Calea Buzia\u0219ului ritmul lucr\u0103rilor s-a intensificat \u00een ultima perioad\u0103. \u00cen acest moment, constructorii preg\u0103tesc terenul pentru montarea gazonului \u0219i a scaunelor din tribune, desf\u0103\u0219ur\u00e2ndu-se totodat\u0103 \u0219i finisajele interioare \u0219i exterioare.<\/p>\n<p>Cel mai probabil, echipa se poate muta pe noua aren\u0103 doar \u00een prim\u0103vara anului viitor.<\/p>\n<\/div>\n<p>[analyse_source url=&#8221;https:\/\/gazetadinvest.ro\/cj-timis-suplimenteaza-fondurile-pentru-stadionul-lego-alfred-simonis-dincolo-de-dispute-politice-primeaza-interesul-orasului\/&#8221;]<\/p>\n","protected":false},"excerpt":{"rendered":"<p>[analyse_image type=&#8221;featured&#8221; src=&#8221;https:\/\/gazetadinvest.ro\/wp-content\/uploads\/2026\/09\/simonis-cjt.jpg&#8221;] Consiliul Jude\u021bean Timi\u0219 va aloca peste un milion de lei \u00een plus pentru finalizarea lucr\u0103rilor la arena de pe Calea Buzia\u0219ului. Anun\u021bul a fost f\u0103cut de pre\u0219edintele CJT, Alfred Simonis, care a taxat subtil pozi\u021bia USR din ultimele zile, subliniat \u00eens\u0103 c\u0103 deblocarea proiectului este o prioritate pentru sportul timi\u0219orean. Parteneriatul dintre [&hellip;]<\/p>\n","protected":false},"author":1,"featured_media":0,"comment_status":"open","ping_status":"","sticky":false,"template":"","format":"standard","meta":{"footnotes":""},"categories":[89],"tags":[226,203],"class_list":["post-2126526","post","type-post","status-publish","format-standard","hentry","category-romania","tag-crawlmanager","tag-gazetadinvest-ro"],"_links":{"self":[{"href":"https:\/\/analyse.optim.biz\/index.php?rest_route=\/wp\/v2\/posts\/2126526","targetHints":{"allow":["GET"]}}],"collection":[{"href":"https:\/\/analyse.optim.biz\/index.php?rest_route=\/wp\/v2\/posts"}],"about":[{"href":"https:\/\/analyse.optim.biz\/index.php?rest_route=\/wp\/v2\/types\/post"}],"author":[{"embeddable":true,"href":"https:\/\/analyse.optim.biz\/index.php?rest_route=\/wp\/v2\/users\/1"}],"replies":[{"embeddable":true,"href":"https:\/\/analyse.optim.biz\/index.php?rest_route=%2Fwp%2Fv2%2Fcomments&post=2126526"}],"version-history":[{"count":0,"href":"https:\/\/analyse.optim.biz\/index.php?rest_route=\/wp\/v2\/posts\/2126526\/revisions"}],"wp:attachment":[{"href":"https:\/\/analyse.optim.biz\/index.php?rest_route=%2Fwp%2Fv2%2Fmedia&parent=2126526"}],"wp:term":[{"taxonomy":"category","embeddable":true,"href":"https:\/\/analyse.optim.biz\/index.php?rest_route=%2Fwp%2Fv2%2Fcategories&post=2126526"},{"taxonomy":"post_tag","embeddable":true,"href":"https:\/\/analyse.optim.biz\/index.php?rest_route=%2Fwp%2Fv2%2Ftags&post=2126526"}],"curies":[{"name":"wp","href":"https:\/\/api.w.org\/{rel}","templated":true}]}}