{"id":2126509,"date":"2026-09-03T12:14:37","date_gmt":"2026-09-03T09:14:37","guid":{"rendered":"https:\/\/analyse.optim.biz\/?p=2126509"},"modified":"2026-09-03T12:14:37","modified_gmt":"2026-09-03T09:14:37","slug":"psd-usr-dezinformeaza-oficialii-europeni-impotriva-romaniei-pentru-a-l-salva-pe-condamnatul-fritz","status":"publish","type":"post","link":"https:\/\/analyse.optim.biz\/?p=2126509","title":{"rendered":"PSD: USR dezinformeaz\u0103 oficialii europeni, \u00eempotriva Rom\u00e2niei, pentru a-l salva pe condamnatul Fritz"},"content":{"rendered":"<p>[analyse_image type=&#8221;featured&#8221; src=&#8221;https:\/\/ziardesuceava.ro\/wp-content\/uploads\/2026\/02\/PSD-1-2048&#215;1365-1-1024&#215;683.jpg&#8221;]<\/p>\n<div class=\"post-content clearfix\">\n<div class=\"blog-post-thumb\"><img loading=\"lazy\" decoding=\"async\" width=\"1024\" height=\"683\" src=\"https:\/\/ziardesuceava.ro\/wp-content\/uploads\/2026\/02\/PSD-1-2048x1365-1-1024x683.jpg\" class=\"attachment-inhype-blog-thumb size-inhype-blog-thumb wp-post-image\" alt><\/div>\n<div class=\"entry-content\">\n<p class=\"first-paragraph\">PSD transmite, joi, c\u0103 \u00eencercarea USR de a dezinforma Parlamentul European \u015fi Comisia European\u0103 pentru a interveni cu rezolu\u0163ii \u015fi sanc\u0163iuni \u00eempotriva Rom\u00e2niei reprezint\u0103 un act iresponsabil de tr\u0103dare na\u0163ional\u0103 \u015fi precizeaz\u0103 c\u0103 amendamentul PSD privind norma tranzitorie a noii legisla\u0163ii a vizat exact principiul Comisiei Europene enun\u0163at \u00eenc\u0103 din 2019, c\u00e2nd ar\u0103ta c\u0103 \u201eaplicarea unor sanc\u0163iuni suficient de disuasive \u00een caz de incompatibilitate \u015fi conflict de interese reprezint\u0103 un element important \u00een prevenirea corup\u0163iei\u201d.<\/p>\n<p>\u201cPSD condamn\u0103 ferm ac\u0163iunile incalificabile \u00eentreprinse de USR la nivelul Uniunii Europene \u00eempotriva Rom\u00e2niei, \u00een \u00eencercarea de a-l salva pe condamnatul Dominic Fritz de sanc\u0163iunile legale aplicabile \u00een cazul conflictului de interese. \u00cencercarea USR de a dezinforma Parlamentul European \u015fi Comisia European\u0103 pentru a interveni cu rezolu\u0163ii \u015fi sanc\u0163iuni \u00eempotriva Rom\u00e2niei reprezint\u0103 un act iresponsabil de tr\u0103dare na\u0163ional\u0103!\u201d, spune PSD \u00eentr-un comunicat oficial.<\/p>\n<p>Potrivit PSD, \u201ccei de la USR solicit\u0103 oficialilor europeni s\u0103 pedepseasc\u0103 Rom\u00e2nia, \u00een favoarea pre\u015fedintelui lor de partid, omi\u0163\u00e2nd s\u0103 precizeze c\u0103 acesta este un condamnat definitiv pentru conflict de interese\u201d.<\/p>\n<p>\u201cEste o campanie antina\u0163ional\u0103, dar \u015fi antieuropean\u0103, pentru c\u0103 ac\u0163ioneaz\u0103 \u00een total\u0103 contradic\u0163ie cu standardele de integritate recomandate Rom\u00e2niei chiar de c\u0103tre Comisia European\u0103\u201d, men\u0163ioneaz\u0103 PSD.<\/p>\n<p>\u201cCazul condamnatului Fritz \u00eentrune\u015fte toate vulnerabilit\u0103\u0163ile de integritate pe care Comisia European\u0103 le semnala Rom\u00e2niei \u00een analizele anticorup\u0163ie \u015fi \u00een rapoartele anuale din cadrul Mecanismului de Cooperare \u015fi Verificare\u201d, mai arat\u0103 PSD, preciz\u00e2nd c\u0103 \u00een Raportul anticorup\u0163ie al UE privind Rom\u00e2nia din 2014, Comisia European\u0103 sublinia c\u0103 \u201codat\u0103 definitive, deciziile de conflict de interese trebuie s\u0103 duc\u0103 la \u00eencetarea mandatului func\u0163ionarului ales\u201d.<\/p>\n<p>\u201cCondamnatul Fritz \u015fi prefectul USR de Timi\u015f au ignorat f\u0103r\u0103 ru\u015fine acest principiu statuat de Comisia European\u0103, dar \u015fi \u00een jurispruden\u0163a \u00cenaltei Cur\u0163i de Casa\u0163ie \u015fi Justi\u0163ie din Rom\u00e2nia; \u00een Raportul MCV din 2015, Comisia European\u0103 recomanda Rom\u00e2niei \u201cs\u0103 adopte legi stricte \u00een materie de integritate\u201d \u00een cazul ale\u015filor locali, \u201cav\u00e2nd \u00een vedere rolul-cheie jucat de ace\u015ftia \u00een cadrul procedurilor de achizi\u0163ii publice\u201d. \u00cen mod evident, amenda simbolic\u0103 aplicat\u0103 de prefectul USR condamnatului Fritz este pe contrasens cu recomandarea Comisiei Europene, dar \u015fi cu deciziile \u00ceCCJ\u201d, precizeaz\u0103 PSD.<\/p>\n<p>Social-democra\u0163ii mai afirm\u0103 c\u0103 \u00een ultimul Raport MCV din 2019, Comisia European\u0103 critica propunerile de modificare a sanc\u0163iunilor aplicate pentru conflict de interese \u00een cazul ale\u015filor locali, cu un regim mai pu\u0163in exigent dec\u00e2t cel aflat \u00een vigoare.<\/p>\n<p>\u201cEste exact ceea ce au \u00eencercat s\u0103 fac\u0103 acum cei de la USR \u00een noua Lege a Integrit\u0103\u0163ii, c\u00e2nd au propus amendamente care ar fi \u015fters sanc\u0163iunile aplicabile \u00een cazul condamn\u0103rii definitive a primarului Fritz \u015fi a altor ale\u015fi locali. Comisia European\u0103 ar\u0103ta atunci c\u0103 \u201caplicarea unor sanc\u0163iuni suficient de disuasive \u00een caz de incompatibilitate \u015fi conflict de interese reprezint\u0103 un element important \u00een prevenirea corup\u0163iei\u201d, subliniaz\u0103 PSD.<\/p>\n<p>\u201cDin fericire, aceast\u0103 tentativ\u0103 a USR a fost respins\u0103 \u00een Parlament, iar amendamentul PSD privind norma tranzitorie a noii legisla\u0163ii a vizat exact principiul Comisiei Europene enun\u0163at \u00eenc\u0103 din 2019, anume c\u0103 \u201cevolu\u0163iile cu privire la legisla\u0163ia \u00een materie de integritate s\u0103 fie clarificate pentru a se evita riscul ca sanc\u0163iunile disuasive s\u0103 nu mai poat\u0103 fi aplicate \u00een urma unei hot\u0103r\u00e2ri judec\u0103tore\u015fti definitive, ceea ce ar constitui un regres \u00een ceea ce prive\u015fte integritatea\u201d, mai transmite PSD \u00een comunicat.<\/p>\n<\/div>\n<div class=\"inhype-social-share-fixed sidebar-position-right\">\n<div class=\"post-social-wrapper\">\n<div class=\"post-social-title\"><span class=\"post-social-title-text\">Share<\/span><\/div>\n<\/div>\n<\/div>\n<\/div>\n<p>[analyse_source url=&#8221;https:\/\/ziardesuceava.ro\/psd-usr-dezinformeaza-oficialii-europeni-impotriva-romaniei-pentru-a-l-salva-pe-condamnatul-fritz\/&#8221;]<\/p>\n","protected":false},"excerpt":{"rendered":"<p>[analyse_image type=&#8221;featured&#8221; src=&#8221;https:\/\/ziardesuceava.ro\/wp-content\/uploads\/2026\/02\/PSD-1-2048&#215;1365-1-1024&#215;683.jpg&#8221;] PSD transmite, joi, c\u0103 \u00eencercarea USR de a dezinforma Parlamentul European \u015fi Comisia European\u0103 pentru a interveni cu rezolu\u0163ii \u015fi sanc\u0163iuni \u00eempotriva Rom\u00e2niei reprezint\u0103 un act iresponsabil de tr\u0103dare na\u0163ional\u0103 \u015fi precizeaz\u0103 c\u0103 amendamentul PSD privind norma tranzitorie a noii legisla\u0163ii a vizat exact principiul Comisiei Europene enun\u0163at \u00eenc\u0103 din 2019, c\u00e2nd [&hellip;]<\/p>\n","protected":false},"author":1,"featured_media":0,"comment_status":"open","ping_status":"","sticky":false,"template":"","format":"standard","meta":{"footnotes":""},"categories":[89],"tags":[226,171],"class_list":["post-2126509","post","type-post","status-publish","format-standard","hentry","category-romania","tag-crawlmanager","tag-ziardesuceava-ro"],"_links":{"self":[{"href":"https:\/\/analyse.optim.biz\/index.php?rest_route=\/wp\/v2\/posts\/2126509","targetHints":{"allow":["GET"]}}],"collection":[{"href":"https:\/\/analyse.optim.biz\/index.php?rest_route=\/wp\/v2\/posts"}],"about":[{"href":"https:\/\/analyse.optim.biz\/index.php?rest_route=\/wp\/v2\/types\/post"}],"author":[{"embeddable":true,"href":"https:\/\/analyse.optim.biz\/index.php?rest_route=\/wp\/v2\/users\/1"}],"replies":[{"embeddable":true,"href":"https:\/\/analyse.optim.biz\/index.php?rest_route=%2Fwp%2Fv2%2Fcomments&post=2126509"}],"version-history":[{"count":0,"href":"https:\/\/analyse.optim.biz\/index.php?rest_route=\/wp\/v2\/posts\/2126509\/revisions"}],"wp:attachment":[{"href":"https:\/\/analyse.optim.biz\/index.php?rest_route=%2Fwp%2Fv2%2Fmedia&parent=2126509"}],"wp:term":[{"taxonomy":"category","embeddable":true,"href":"https:\/\/analyse.optim.biz\/index.php?rest_route=%2Fwp%2Fv2%2Fcategories&post=2126509"},{"taxonomy":"post_tag","embeddable":true,"href":"https:\/\/analyse.optim.biz\/index.php?rest_route=%2Fwp%2Fv2%2Ftags&post=2126509"}],"curies":[{"name":"wp","href":"https:\/\/api.w.org\/{rel}","templated":true}]}}