{"id":2126508,"date":"2026-09-03T11:39:37","date_gmt":"2026-09-03T08:39:37","guid":{"rendered":"https:\/\/analyse.optim.biz\/?p=2126508"},"modified":"2026-09-03T11:39:37","modified_gmt":"2026-09-03T08:39:37","slug":"360-de-angajati-un-pas-inainte-in-cariera-proiectul-focus-marcheaza-doi-ani-de-investitii-in-competentele-angajatilor-din-regiunea-nord-est","status":"publish","type":"post","link":"https:\/\/analyse.optim.biz\/?p=2126508","title":{"rendered":"360 de angaja\u021bi, un pas \u00eenainte \u00een carier\u0103. PROIECTUL FOCUS MARCHEAZ\u0102 DOI ANI DE INVESTI\u021aII \u00ceN COMPETEN\u021aELE ANGAJA\u021aILOR DIN REGIUNEA NORD-EST"},"content":{"rendered":"<p>[analyse_image type=&#8221;featured&#8221; src=&#8221;https:\/\/img.svnews.ro\/foto\/2026\/09\/03\/557683\/9ed211b23a4b0061b09ef8abc.jpeg&#8221;]<\/p>\n<div class=\"entry\"><img loading=\"lazy\" decoding=\"async\" width=\"650\" height=\"325\" src=\"https:\/\/img.svnews.ro\/foto\/2026\/09\/03\/557683\/9ed211b23a4b0061b09ef8abc06500325.jpeg\" alt><\/p>\n<div class=\"entry_content\">\n<p>La doi ani de la debut, proiectul<strong> FOCUS \u2013 Formarea Capitalului Uman Sustenabil, PEO\/78\/P9\/4.7\/311864, <\/strong>implementat <strong>de CENTRUL DE DEZVOLTARE SOCIAL\u0102, <\/strong>a ajuns la<strong> 367 de angaja\u021bi \u00eenscri\u0219i \u0219i 360 de absolven\u021bi, cu o rat\u0103 de absolvire de 98,1%.<\/strong> Cursurile au oferit competen\u021be c\u0103utate pe pia\u021ba muncii, de la Lucr\u0103tor Comercial, marketing digital \u0219i e-commerce p\u00e2n\u0103 la management de proiect, gestionarea bazelor de date \u0219i tehnici de v\u00e2nzare \u0219i negociere online.<\/p>\n<p><strong>Obiectivul general al proiectului\u00a0<\/strong>vizeaz\u0103 actualizarea competen\u021belor specifice, digitale \u0219i verzi, pentru 603 angaja\u021bi, inclusiv persoane care ocup\u0103 pozi\u021bii de management, din regiunea Nord-Est, ca urmare a evolu\u021biilor tehnologice rapide \u0219i a apari\u021biei de noi compe\u021ben\u021be profesionale, pe o pia\u021b\u0103 a muncii modern\u0103, flexibil\u0103 \u0219i inclusiv\u0103, prin participarea la programe integrate de formare profesional\u0103 \u0219i consiliere profesional\u0103.<\/p>\n<p>Ce \u00eenseamn\u0103, de fapt, 360 de absolven\u021bi? \u00censeamn\u0103 <strong>360 de angaja\u021bi care au ales s\u0103 \u00eenve\u021be ceva nou, s\u0103-\u0219i dezvolte competen\u021bele \u0219i s\u0103 fac\u0103 un pas \u00eenainte \u00een parcursul lor profesional<\/strong>. Este bilan\u021bul primilor doi ani de implementare a proiectului <strong>FOCUS \u2013 Formarea Capitalului Uman Sustenabil<\/strong>, derulat de <strong>CENTRUL DE DEZVOLTARE SOCIAL\u0102<\/strong> pentru persoanele angajate din Regiunea Nord-Est.<\/p>\n<p>Din cele <strong>367 de persoane<\/strong> \u00eenscrise \u00een programele de formare, <strong>360 au finalizat cu succes cursurile<\/strong>, ceea ce reprezint\u0103 o rat\u0103 de absolvire de <strong>98,1%<\/strong>. Pentru echipa proiectului, rezultatul \u00eenseamn\u0103 mai mult dec\u00e2t o cifr\u0103: este dovada interesului oamenilor pentru dezvoltare profesional\u0103 \u0219i a nevoii tot mai mari de competen\u021be adaptate unei pie\u021be a muncii \u00een continu\u0103 schimbare.<\/p>\n<p><strong>Opt domenii, de la sectoare economice specifice la competen\u021be digitale \u0219i verzi<\/strong><\/p>\n<p>\u00cen cadrul proiectului FOCUS au fost organizate <strong>opt programe de formare profesional\u0103<\/strong>, adresate unor nevoi concrete ale pie\u021bei muncii. Proiectul a venit \u00een sprijinul grupului \u021bin\u021b\u0103 \u0219i prin intermediul activit\u0103\u021bii de consiliere profesional\u0103 individual\u0103 \u0219i de grup.<\/p>\n<p>P\u00e2n\u0103 \u00een prezent, cel mai mare num\u0103r de participan\u021bi s-a \u00eenregistrat la programul de calificare nivel 2 de <strong>Lucr\u0103tor comercial<\/strong>, cu 80 de persoane \u00eenscrise \u0219i 80 de absolven\u021bi. Au urmat programele de <strong>S\u0103n\u0103tate \u0219i Securitate \u00een Munc\u0103<\/strong>, cu 55 de participan\u021bi, <strong>Tehnici de v\u00e2nzare \u0219i negociere<\/strong>, cu 51 de participan\u021bi, <strong>Gestionarea bazelor de date<\/strong> \u0219i <strong>Marketing digital<\/strong>, cu c\u00e2te 45 de participan\u021bi fiecare. De asemenea, participan\u021bii au urmat \u0219i cursurile de <strong>Manager de proiect<\/strong>, <strong>Confec\u021bioner-asamblor articole din textile<\/strong> \u0219i <strong>E-commerce<\/strong>.<\/p>\n<p>Trebuie remarcat rolul esen\u021bial al formatorilor fiec\u0103rui tip de curs, care au adaptat curricula de curs \u0219i metodele de lucru la profilul ocupa\u021bional al angaja\u021bilor.<\/p>\n<p>Pentru cinci dintre programele organizate \u2013 <strong>Lucr\u0103tor comercial, Tehnici de v\u00e2nzare \u0219i negociere, Gestionarea bazelor de date, Marketing digital \u0219i E-commerce<\/strong> \u2013 rata de absolvire a fost de <strong>100%<\/strong>.<\/p>\n<p><strong>Cursuri accesibile pentru oameni din \u00eentreaga regiune<\/strong><\/p>\n<p><strong>FOCUS<\/strong> a urm\u0103rit s\u0103 aduc\u0103 formarea profesional\u0103 c\u00e2t mai aproape de beneficiari. Cursurile au fost organizate \u00een formatul fizic \u0219i online, ceea ce a permis participarea angaja\u021bilor din mai multe jude\u021be ale Regiunii Nord-Est. Cei mai mul\u021bi participan\u021bi au fost din <strong>Ia\u0219i \u2013 152 de persoane<\/strong>, \u00een timp ce <strong>93 de cursan\u021bi au urmat programele \u00een format online<\/strong>. Proiectul a ajuns \u0219i la persoane din <strong>Vaslui \u2013 46, Suceava \u2013 13, Bac\u0103u \u2013 10, Boto\u0219ani \u2013 8 \u0219i Neam\u021b \u2013 2<\/strong>.<\/p>\n<p>Astfel, proiectul a reu\u0219it s\u0103 creeze oportunit\u0103\u021bi de formare pentru persoane cu profiluri profesionale diferite \u0219i din jude\u021be diverse, av\u00e2nd ca scop dezvoltarea de noi <strong>competen\u021be pentru angaja\u021bi.<\/strong><\/p>\n<p><strong>\u201e\u00cen spatele fiec\u0103rui rezultat este un om\u201d<\/strong><\/p>\n<p>\u201eLa doi ani de la \u00eenceputul proiectului FOCUS, cel mai important lucru pe care \u00eel vedem nu sunt cifrele, ci oamenii din spatele lor. Sunt 360 de absolven\u021bi care au ales s\u0103 investeasc\u0103 \u00een ei, s\u0103 \u00eenve\u021be \u0219i s\u0103 fie mai bine preg\u0103ti\u021bi pentru viitor. Pentru noi, fiecare participant a fost mai mult dec\u00e2t un num\u0103r \u00eentr-o statistic\u0103. Am \u00eencercat s\u0103 fim al\u0103turi de oameni pe tot parcursul acestui proces, de la consiliere \u0219i orientare profesional\u0103 p\u00e2n\u0103 la finalizarea cursurilor \u0219i ob\u021binerea certificatelor. Credem c\u0103 formarea profesional\u0103 nu \u00eenseamn\u0103 doar acumularea unor cuno\u0219tin\u021be noi. \u00censeamn\u0103 \u0219i \u00eencredere, curajul de a face o schimbare \u0219i sentimentul c\u0103 po\u021bi s\u0103 mergi mai departe, indiferent de etapa profesional\u0103 \u00een care te afli\u201d, a declarat <strong>Roxana Ate\u0219oae, managerul proiectului FOCUS.<\/strong><\/p>\n<p><strong>Testimoniale cursan\u021bi<\/strong>:<\/p>\n<p>\u201eAm participat cu mare interes la acest curs \u0219i pot spune c\u0103 a fost o experien\u021b\u0103 foarte valoroas\u0103. Informa\u021biile au fost prezentate clar, structurat \u0219i \u00eentr-un mod u\u0219or de \u00een\u021beles, iar exemplele practice au f\u0103cut ca no\u021biunile s\u0103 fie mult mai u\u0219or de aplicat. \u00cei mul\u021bumesc domnului formator pentru profesionalism, r\u0103bdare \u0219i modul excelent \u00een care a reu\u0219it s\u0103 explice fiecare subiect. S-a implicat pe tot parcursul cursului, a r\u0103spuns cu deschidere tuturor \u00eentreb\u0103rilor \u0219i a creat o atmosfer\u0103 pl\u0103cut\u0103 \u0219i motivant\u0103 pentru \u00eenv\u0103\u021bare\u201d. (ARL, cursant E-commerce).<\/p>\n<p>\u201eV\u0103 mul\u021bumim pentru \u00eentreaga experien\u021b\u0103 oferit\u0103! A fost un curs dinamic \u0219i interactiv, care ne-a oferit ocazia s\u0103 colabor\u0103m. Informa\u021biile prezentate au fost relevante, bine structurate \u0219i de mare interes, iar cu siguran\u021b\u0103 \u00eemi vor fi de folos \u0219i le voi aplica pe viitor. V\u0103 mul\u021bumim pentru profesionalism, implicare \u0219i pentru atmosfera pl\u0103cut\u0103 pe care a\u021bi creat-o pe tot parcursul cursului\u201d! (SE, cursant\u0103 Gestionarea Bazelor de Date).<\/p>\n<p>\u201eUn curs absolut minunat, de unde plec cu o mul\u021bime de idei valoroase! Totul a fost explicat pe \u00een\u021belesul tuturor, iar energia din sal\u0103 (sau: din online) a fost incredibil\u0103.Am \u00eent\u00e2lnit aici oameni deosebi\u021bi, mentori pasiona\u021bi \u0219i implica\u021bi, care au \u0219tiut cum s\u0103 ne inspire \u0219i s\u0103 ne ghideze la fiecare pas.Dac\u0103 vrei s\u0103 \u00eenve\u021bi lucruri noi \u0219i s\u0103 evoluezi \u00eentr-un mediu primitor \u0219i stimulant, acesta este locul potrivit. Mul\u021bumesc din suflet pentru tot sprijinul \u0219i mult succes pe viitor\u201d! (BT, cursant Marketing digital)<\/p>\n<p>Proiectul <strong>FOCUS<\/strong> este cofinan\u021bat prin de Uniunea European\u0103, prin Programul Educa\u021bie \u0219i Ocupare 2021 \u2013 2027 \u0219i este implementat, de <strong>CENTRUL DE DEZVOLTARE SOCIAL\u0102<\/strong>, \u00een perioada <strong>1 septembrie 2024 \u2013 31 august 2027<\/strong>. Valoarea total\u0103 (nermbusabil\u0103) a proiectului este de 4.963.049,90 lei.<\/p>\n<p>Persoan\u0103 contact: Ate\u0219oae Maria Roxana, manager proiect<br \/><a href=\"http:\/\/www.focus.centruldezvoltaresociala.ro\/\">www.focus.centruldezvoltaresociala.ro<\/a><br \/> Perioada de implementare: 1 septembrie 2024 \u2013 31 august 2027<br \/> Email: <a href=\"mailto:office@centruldezvoltaresocial%C4%83.ro\">office@centruldezvoltaresocial\u0103.ro<\/a><br \/> Ia\u0219i, str. P\u0103curari nr. 33B<\/p>\n<p><img loading=\"lazy\" decoding=\"async\" class=\"alignnone size-medium wp-image-557685\" src=\"https:\/\/img.svnews.ro\/foto\/2026\/09\/03\/557683\/d03f65e3056617421a9e9d11006500366.jpeg\" alt width=\"650\" height=\"366\"><\/p>\n<p><img loading=\"lazy\" decoding=\"async\" class=\"alignnone size-medium wp-image-557686\" src=\"https:\/\/img.svnews.ro\/foto\/2026\/09\/03\/557683\/67c551b0b561517ead4a9c70e06500366.png\" alt width=\"650\" height=\"366\"><\/p>\n<\/div>\n<div>\n<div>VN:F [1.9.22_1171]<\/div>\n<div class=\"ratingblock \">\n<div class=\"ratingstars \">\n<div id=\"article_loader_557683\" class=\"ratingloaderarticle\">\n<div class=\"loader arrows \">\n<div class=\"loaderinner\">se actualizeaz\u0103&#8230;<\/div>\n<\/div>\n<\/div>\n<\/div>\n<div class=\"ratingtext \">\n<div id=\"gdr_text_a557683\">Rating: 0.0\/<strong>10<\/strong> (0 votes cast)<\/div>\n<\/div>\n<\/div>\n<\/div>\n<\/div>\n<div class=\"entry_content\">\n<p>La doi ani de la debut, proiectul<strong> FOCUS \u2013 Formarea Capitalului Uman Sustenabil, PEO\/78\/P9\/4.7\/311864, <\/strong>implementat <strong>de CENTRUL DE DEZVOLTARE SOCIAL\u0102, <\/strong>a ajuns la<strong> 367 de angaja\u021bi \u00eenscri\u0219i \u0219i 360 de absolven\u021bi, cu o rat\u0103 de absolvire de 98,1%.<\/strong> Cursurile au oferit competen\u021be c\u0103utate pe pia\u021ba muncii, de la Lucr\u0103tor Comercial, marketing digital \u0219i e-commerce p\u00e2n\u0103 la management de proiect, gestionarea bazelor de date \u0219i tehnici de v\u00e2nzare \u0219i negociere online.<\/p>\n<p><strong>Obiectivul general al proiectului\u00a0<\/strong>vizeaz\u0103 actualizarea competen\u021belor specifice, digitale \u0219i verzi, pentru 603 angaja\u021bi, inclusiv persoane care ocup\u0103 pozi\u021bii de management, din regiunea Nord-Est, ca urmare a evolu\u021biilor tehnologice rapide \u0219i a apari\u021biei de noi compe\u021ben\u021be profesionale, pe o pia\u021b\u0103 a muncii modern\u0103, flexibil\u0103 \u0219i inclusiv\u0103, prin participarea la programe integrate de formare profesional\u0103 \u0219i consiliere profesional\u0103.<\/p>\n<p>Ce \u00eenseamn\u0103, de fapt, 360 de absolven\u021bi? \u00censeamn\u0103 <strong>360 de angaja\u021bi care au ales s\u0103 \u00eenve\u021be ceva nou, s\u0103-\u0219i dezvolte competen\u021bele \u0219i s\u0103 fac\u0103 un pas \u00eenainte \u00een parcursul lor profesional<\/strong>. Este bilan\u021bul primilor doi ani de implementare a proiectului <strong>FOCUS \u2013 Formarea Capitalului Uman Sustenabil<\/strong>, derulat de <strong>CENTRUL DE DEZVOLTARE SOCIAL\u0102<\/strong> pentru persoanele angajate din Regiunea Nord-Est.<\/p>\n<p>Din cele <strong>367 de persoane<\/strong> \u00eenscrise \u00een programele de formare, <strong>360 au finalizat cu succes cursurile<\/strong>, ceea ce reprezint\u0103 o rat\u0103 de absolvire de <strong>98,1%<\/strong>. Pentru echipa proiectului, rezultatul \u00eenseamn\u0103 mai mult dec\u00e2t o cifr\u0103: este dovada interesului oamenilor pentru dezvoltare profesional\u0103 \u0219i a nevoii tot mai mari de competen\u021be adaptate unei pie\u021be a muncii \u00een continu\u0103 schimbare.<\/p>\n<p><strong>Opt domenii, de la sectoare economice specifice la competen\u021be digitale \u0219i verzi<\/strong><\/p>\n<p>\u00cen cadrul proiectului FOCUS au fost organizate <strong>opt programe de formare profesional\u0103<\/strong>, adresate unor nevoi concrete ale pie\u021bei muncii. Proiectul a venit \u00een sprijinul grupului \u021bin\u021b\u0103 \u0219i prin intermediul activit\u0103\u021bii de consiliere profesional\u0103 individual\u0103 \u0219i de grup.<\/p>\n<p>P\u00e2n\u0103 \u00een prezent, cel mai mare num\u0103r de participan\u021bi s-a \u00eenregistrat la programul de calificare nivel 2 de <strong>Lucr\u0103tor comercial<\/strong>, cu 80 de persoane \u00eenscrise \u0219i 80 de absolven\u021bi. Au urmat programele de <strong>S\u0103n\u0103tate \u0219i Securitate \u00een Munc\u0103<\/strong>, cu 55 de participan\u021bi, <strong>Tehnici de v\u00e2nzare \u0219i negociere<\/strong>, cu 51 de participan\u021bi, <strong>Gestionarea bazelor de date<\/strong> \u0219i <strong>Marketing digital<\/strong>, cu c\u00e2te 45 de participan\u021bi fiecare. De asemenea, participan\u021bii au urmat \u0219i cursurile de <strong>Manager de proiect<\/strong>, <strong>Confec\u021bioner-asamblor articole din textile<\/strong> \u0219i <strong>E-commerce<\/strong>.<\/p>\n<p>Trebuie remarcat rolul esen\u021bial al formatorilor fiec\u0103rui tip de curs, care au adaptat curricula de curs \u0219i metodele de lucru la profilul ocupa\u021bional al angaja\u021bilor.<\/p>\n<p>Pentru cinci dintre programele organizate \u2013 <strong>Lucr\u0103tor comercial, Tehnici de v\u00e2nzare \u0219i negociere, Gestionarea bazelor de date, Marketing digital \u0219i E-commerce<\/strong> \u2013 rata de absolvire a fost de <strong>100%<\/strong>.<\/p>\n<p><strong>Cursuri accesibile pentru oameni din \u00eentreaga regiune<\/strong><\/p>\n<p><strong>FOCUS<\/strong> a urm\u0103rit s\u0103 aduc\u0103 formarea profesional\u0103 c\u00e2t mai aproape de beneficiari. Cursurile au fost organizate \u00een formatul fizic \u0219i online, ceea ce a permis participarea angaja\u021bilor din mai multe jude\u021be ale Regiunii Nord-Est. Cei mai mul\u021bi participan\u021bi au fost din <strong>Ia\u0219i \u2013 152 de persoane<\/strong>, \u00een timp ce <strong>93 de cursan\u021bi au urmat programele \u00een format online<\/strong>. Proiectul a ajuns \u0219i la persoane din <strong>Vaslui \u2013 46, Suceava \u2013 13, Bac\u0103u \u2013 10, Boto\u0219ani \u2013 8 \u0219i Neam\u021b \u2013 2<\/strong>.<\/p>\n<p>Astfel, proiectul a reu\u0219it s\u0103 creeze oportunit\u0103\u021bi de formare pentru persoane cu profiluri profesionale diferite \u0219i din jude\u021be diverse, av\u00e2nd ca scop dezvoltarea de noi <strong>competen\u021be pentru angaja\u021bi.<\/strong><\/p>\n<p><strong>\u201e\u00cen spatele fiec\u0103rui rezultat este un om\u201d<\/strong><\/p>\n<p>\u201eLa doi ani de la \u00eenceputul proiectului FOCUS, cel mai important lucru pe care \u00eel vedem nu sunt cifrele, ci oamenii din spatele lor. Sunt 360 de absolven\u021bi care au ales s\u0103 investeasc\u0103 \u00een ei, s\u0103 \u00eenve\u021be \u0219i s\u0103 fie mai bine preg\u0103ti\u021bi pentru viitor. Pentru noi, fiecare participant a fost mai mult dec\u00e2t un num\u0103r \u00eentr-o statistic\u0103. Am \u00eencercat s\u0103 fim al\u0103turi de oameni pe tot parcursul acestui proces, de la consiliere \u0219i orientare profesional\u0103 p\u00e2n\u0103 la finalizarea cursurilor \u0219i ob\u021binerea certificatelor. Credem c\u0103 formarea profesional\u0103 nu \u00eenseamn\u0103 doar acumularea unor cuno\u0219tin\u021be noi. \u00censeamn\u0103 \u0219i \u00eencredere, curajul de a face o schimbare \u0219i sentimentul c\u0103 po\u021bi s\u0103 mergi mai departe, indiferent de etapa profesional\u0103 \u00een care te afli\u201d, a declarat <strong>Roxana Ate\u0219oae, managerul proiectului FOCUS.<\/strong><\/p>\n<p><strong>Testimoniale cursan\u021bi<\/strong>:<\/p>\n<p>\u201eAm participat cu mare interes la acest curs \u0219i pot spune c\u0103 a fost o experien\u021b\u0103 foarte valoroas\u0103. Informa\u021biile au fost prezentate clar, structurat \u0219i \u00eentr-un mod u\u0219or de \u00een\u021beles, iar exemplele practice au f\u0103cut ca no\u021biunile s\u0103 fie mult mai u\u0219or de aplicat. \u00cei mul\u021bumesc domnului formator pentru profesionalism, r\u0103bdare \u0219i modul excelent \u00een care a reu\u0219it s\u0103 explice fiecare subiect. S-a implicat pe tot parcursul cursului, a r\u0103spuns cu deschidere tuturor \u00eentreb\u0103rilor \u0219i a creat o atmosfer\u0103 pl\u0103cut\u0103 \u0219i motivant\u0103 pentru \u00eenv\u0103\u021bare\u201d. (ARL, cursant E-commerce).<\/p>\n<p>\u201eV\u0103 mul\u021bumim pentru \u00eentreaga experien\u021b\u0103 oferit\u0103! A fost un curs dinamic \u0219i interactiv, care ne-a oferit ocazia s\u0103 colabor\u0103m. Informa\u021biile prezentate au fost relevante, bine structurate \u0219i de mare interes, iar cu siguran\u021b\u0103 \u00eemi vor fi de folos \u0219i le voi aplica pe viitor. V\u0103 mul\u021bumim pentru profesionalism, implicare \u0219i pentru atmosfera pl\u0103cut\u0103 pe care a\u021bi creat-o pe tot parcursul cursului\u201d! (SE, cursant\u0103 Gestionarea Bazelor de Date).<\/p>\n<p>\u201eUn curs absolut minunat, de unde plec cu o mul\u021bime de idei valoroase! Totul a fost explicat pe \u00een\u021belesul tuturor, iar energia din sal\u0103 (sau: din online) a fost incredibil\u0103.Am \u00eent\u00e2lnit aici oameni deosebi\u021bi, mentori pasiona\u021bi \u0219i implica\u021bi, care au \u0219tiut cum s\u0103 ne inspire \u0219i s\u0103 ne ghideze la fiecare pas.Dac\u0103 vrei s\u0103 \u00eenve\u021bi lucruri noi \u0219i s\u0103 evoluezi \u00eentr-un mediu primitor \u0219i stimulant, acesta este locul potrivit. Mul\u021bumesc din suflet pentru tot sprijinul \u0219i mult succes pe viitor\u201d! (BT, cursant Marketing digital)<\/p>\n<p>Proiectul <strong>FOCUS<\/strong> este cofinan\u021bat prin de Uniunea European\u0103, prin Programul Educa\u021bie \u0219i Ocupare 2021 \u2013 2027 \u0219i este implementat, de <strong>CENTRUL DE DEZVOLTARE SOCIAL\u0102<\/strong>, \u00een perioada <strong>1 septembrie 2024 \u2013 31 august 2027<\/strong>. Valoarea total\u0103 (nermbusabil\u0103) a proiectului este de 4.963.049,90 lei.<\/p>\n<p>Persoan\u0103 contact: Ate\u0219oae Maria Roxana, manager proiect<br \/><a href=\"http:\/\/www.focus.centruldezvoltaresociala.ro\/\">www.focus.centruldezvoltaresociala.ro<\/a><br \/> Perioada de implementare: 1 septembrie 2024 \u2013 31 august 2027<br \/> Email: <a href=\"mailto:office@centruldezvoltaresocial%C4%83.ro\">office@centruldezvoltaresocial\u0103.ro<\/a><br \/> Ia\u0219i, str. P\u0103curari nr. 33B<\/p>\n<p><img loading=\"lazy\" decoding=\"async\" class=\"alignnone size-medium wp-image-557685\" src=\"https:\/\/img.svnews.ro\/foto\/2026\/09\/03\/557683\/d03f65e3056617421a9e9d11006500366.jpeg\" alt width=\"650\" height=\"366\"><\/p>\n<p><img loading=\"lazy\" decoding=\"async\" class=\"alignnone size-medium wp-image-557686\" src=\"https:\/\/img.svnews.ro\/foto\/2026\/09\/03\/557683\/67c551b0b561517ead4a9c70e06500366.png\" alt width=\"650\" height=\"366\"><\/p>\n<\/div>\n<p>[analyse_source url=&#8221;https:\/\/www.svnews.ro\/360-de-angajati-un-pas-inainte-in-cariera-proiectul-focus-marcheaza-doi-ani-de-investitii-in-competentele-angajatilor-din-regiunea-nord-est\/557683\/&#8221;]<\/p>\n","protected":false},"excerpt":{"rendered":"<p>[analyse_image type=&#8221;featured&#8221; src=&#8221;https:\/\/img.svnews.ro\/foto\/2026\/09\/03\/557683\/9ed211b23a4b0061b09ef8abc.jpeg&#8221;] La doi ani de la debut, proiectul FOCUS \u2013 Formarea Capitalului Uman Sustenabil, PEO\/78\/P9\/4.7\/311864, implementat de CENTRUL DE DEZVOLTARE SOCIAL\u0102, a ajuns la 367 de angaja\u021bi \u00eenscri\u0219i \u0219i 360 de absolven\u021bi, cu o rat\u0103 de absolvire de 98,1%. Cursurile au oferit competen\u021be c\u0103utate pe pia\u021ba muncii, de la Lucr\u0103tor Comercial, marketing digital [&hellip;]<\/p>\n","protected":false},"author":1,"featured_media":0,"comment_status":"open","ping_status":"","sticky":false,"template":"","format":"standard","meta":{"footnotes":""},"categories":[89],"tags":[226,175],"class_list":["post-2126508","post","type-post","status-publish","format-standard","hentry","category-romania","tag-crawlmanager","tag-svnews-ro"],"_links":{"self":[{"href":"https:\/\/analyse.optim.biz\/index.php?rest_route=\/wp\/v2\/posts\/2126508","targetHints":{"allow":["GET"]}}],"collection":[{"href":"https:\/\/analyse.optim.biz\/index.php?rest_route=\/wp\/v2\/posts"}],"about":[{"href":"https:\/\/analyse.optim.biz\/index.php?rest_route=\/wp\/v2\/types\/post"}],"author":[{"embeddable":true,"href":"https:\/\/analyse.optim.biz\/index.php?rest_route=\/wp\/v2\/users\/1"}],"replies":[{"embeddable":true,"href":"https:\/\/analyse.optim.biz\/index.php?rest_route=%2Fwp%2Fv2%2Fcomments&post=2126508"}],"version-history":[{"count":0,"href":"https:\/\/analyse.optim.biz\/index.php?rest_route=\/wp\/v2\/posts\/2126508\/revisions"}],"wp:attachment":[{"href":"https:\/\/analyse.optim.biz\/index.php?rest_route=%2Fwp%2Fv2%2Fmedia&parent=2126508"}],"wp:term":[{"taxonomy":"category","embeddable":true,"href":"https:\/\/analyse.optim.biz\/index.php?rest_route=%2Fwp%2Fv2%2Fcategories&post=2126508"},{"taxonomy":"post_tag","embeddable":true,"href":"https:\/\/analyse.optim.biz\/index.php?rest_route=%2Fwp%2Fv2%2Ftags&post=2126508"}],"curies":[{"name":"wp","href":"https:\/\/api.w.org\/{rel}","templated":true}]}}