{"id":2126500,"date":"2026-09-03T14:34:39","date_gmt":"2026-09-03T11:34:39","guid":{"rendered":"https:\/\/analyse.optim.biz\/?p=2126500"},"modified":"2026-09-03T14:34:39","modified_gmt":"2026-09-03T11:34:39","slug":"razvan-gavriloaia-inaintea-debutului-csu-suceava-in-noul-sezon-realist-vorbind-ne-putem-incadra-intre-locurile-6-8","status":"publish","type":"post","link":"https:\/\/analyse.optim.biz\/?p=2126500","title":{"rendered":"R\u0103zvan Gavriloaia, \u00eenaintea debutului CSU Suceava \u00een noul sezon: \u201eRealist vorbind, ne putem \u00eencadra \u00eentre locurile 6-8\u201d"},"content":{"rendered":"<p>[analyse_image type=&#8221;featured&#8221; src=&#8221;https:\/\/www.newsbucovina.ro\/wp-content\/uploads\/2026\/09\/WhatsApp-Image-2026-09-03-at-16.16.51.jpeghttps:\/\/cdn.newsbucovina.ro\/wp-content\/uploads\/2026\/09\/WhatsApp-Image-2026-09-03-at-16.16.51.jpeg&#8221;]<\/p>\n<div class=\"td-post-content tagdiv-type\">\n<div class=\"td-a-rec td-a-rec-id-content_top  tdi_3 td_block_template_1\">\n<div class=\"nb-social-buttons\"><a class=\"nb-social-btn nb-social-youtube\" href=\"https:\/\/www.youtube.com\/@ZiarulNewsBucovina?sub_confirmation=1\" target=\"_blank\" rel=\"noopener external\" title=\"Aboneaz\u0103-te la NewsBucovina pe YouTube\"><span class=\"nb-social-text\"><strong>Aboneaz\u0103-te pe YouTube<\/strong><small>NewsBucovina<\/small><\/span><\/a><a class=\"nb-social-btn nb-social-telegram\" href=\"https:\/\/t.me\/+TH8wcfnp8fw5NWI0\" target=\"_blank\" rel=\"noopener external\" title=\"Intr\u0103 \u00een grupul Telegram News Bucovina\"><span class=\"nb-social-text\"><strong>Intr\u0103 pe Telegram<\/strong><small>Grupul News Bucovina<\/small><\/span><\/a><a class=\"nb-social-btn nb-social-google\" href=\"https:\/\/www.google.com\/preferences\/source?q=newsbucovina.ro\" target=\"_blank\" rel=\"noopener external\" title=\"Adaug\u0103 NewsBucovina ca surs\u0103 preferat\u0103 \u00een Google\"><span class=\"nb-social-text\"><strong>Adaug\u0103 NewsBucovina<\/strong><small>Surs\u0103 preferat\u0103 \u00een Google<\/small><\/span><\/a><\/div>\n<\/div>\n<p class=\"wp-block-paragraph\">CSU Suceava este preg\u0103tit\u0103 pentru debutul \u00een noul sezon al Ligii Na\u021bionale de handbal masculin, iar prima partid\u0103 aduce \u00een fa\u021ba sucevenilor un adversar considerat superior din punct de vedere al bugetului \u0219i al experien\u021bei lotului. R\u0103zvan Gavriloaia, antrenor secund \u0219i juc\u0103tor al echipei, spune c\u0103 sucevenii trebuie s\u0103 compenseze prin atitudine, omogenitate \u0219i continuitatea lotului.<\/p>\n<figure class=\"wp-block-image size-large\"><a href=\"https:\/\/cdn.newsbucovina.ro\/wp-content\/uploads\/2026\/09\/WhatsApp-Image-2026-09-03-at-16.16.51.jpeg\"><img loading=\"lazy\" decoding=\"async\" width=\"1024\" height=\"576\" src=\"https:\/\/cdn.newsbucovina.ro\/wp-content\/uploads\/2026\/09\/WhatsApp-Image-2026-09-03-at-16.16.51-1024x576.jpeg\" alt class=\"wp-image-448509\"><\/a><\/figure>\n<p class=\"wp-block-paragraph\">CSU Suceava \u00eencepe un nou sezon de Liga Na\u021bional\u0103 cu un lot construit \u00een principal pe continuitate \u0219i pe promovarea juc\u0103torilor tineri. \u00cenaintea primei partide, R\u0103zvan Gavriloaia a transmis c\u0103 echipa este preg\u0103tit\u0103 \u0219i c\u0103 principalul obiectiv pentru debut este ob\u021binerea unui rezultat bun \u0219i primele puncte.<\/p>\n<p class=\"wp-block-paragraph\">\u201eSuntem preg\u0103ti\u021bi pentru prima partid\u0103, nu avem de ales. Lupta vine chiar dac\u0103 e\u0219ti preg\u0103tit sau nu\u201d, a declarat R\u0103zvan Gavriloaia, care consider\u0103 c\u0103 atitudinea juc\u0103torilor va fi unul dintre cele mai importante elemente \u00een partida de debut.<\/p>\n<p class=\"wp-block-paragraph\">CSU Suceava va \u00eent\u00e2lni <strong>CSM Vaslui<\/strong>, forma\u021bie despre care Gavriloaia spune c\u0103 este, cel pu\u021bin pe h\u00e2rtie, superioar\u0103 echipei sucevene.<\/p>\n<p class=\"wp-block-paragraph\">\u201e\u00cent\u00e2lnim un adversar care, pe h\u00e2rtie, ne este superior. Din ce \u0219tiu, \u0219i la nivel bugetar, \u0219i la nivelul experien\u021bei juc\u0103torilor \u0219i al transferurilor f\u0103cute\u201d, a explicat acesta.<\/p>\n<p class=\"wp-block-paragraph\">\u00cen aceste condi\u021bii, CSU Suceava a ales s\u0103 mearg\u0103 pe continuitate, \u00eencerc\u00e2nd s\u0103 p\u0103streze c\u00e2t mai mult din nucleul lotului din sezonul precedent.<\/p>\n<p class=\"wp-block-paragraph\">\u201eN-am c\u0103utat s\u0103 plomb\u0103m nimic, doar s\u0103 ne asigur\u0103m continuitatea \u0219i, zic eu, c\u0103 asta va da un grad ridicat de omogenitate care s\u0103 ne duc\u0103, ca lot, ca echip\u0103, c\u0103tre un parcurs mai bun\u201d, a spus Gavriloaia.<\/p>\n<p class=\"wp-block-paragraph\"><strong>Cu aproape tot lotul la dispozi\u021bie<\/strong><\/p>\n<p class=\"wp-block-paragraph\">Din punct de vedere medical, singura absen\u021b\u0103 cert\u0103 este <strong>Eduard Iordachi<\/strong>, aflat \u00eenc\u0103 \u00een recuperare dup\u0103 opera\u021bia la um\u0103r. \u00cen rest, juc\u0103torii sunt ap\u021bi pentru debutul sezonului, \u00een m\u0103sura \u00een care nu apar probleme la ultimele antrenamente.<\/p>\n<p class=\"wp-block-paragraph\">Gavriloaia sper\u0103 ca echipa s\u0103 poat\u0103 conta pe aproape \u00eentreg lotul \u0219i s\u0103 \u00eenceap\u0103 campionatul cu primele puncte.<\/p>\n<p class=\"wp-block-paragraph\"><strong>Obiectiv: locurile 6-8<\/strong><\/p>\n<p class=\"wp-block-paragraph\">\u00cen ceea ce prive\u0219te obiectivul pentru noul sezon, R\u0103zvan Gavriloaia spune c\u0103 echipa \u00ee\u0219i dore\u0219te s\u0103 termine c\u00e2t mai sus, \u00eens\u0103 consider\u0103 c\u0103, \u00een mod realist, CSU Suceava se poate bate pentru o clasare \u00een zona locurilor <strong>6-8<\/strong>.<\/p>\n<p class=\"wp-block-paragraph\">\u201eEu personal cred c\u0103 ne putem \u00eencadra cu echipa undeva \u00eentre locurile 6-8\u201d, a declarat acesta.<\/p>\n<p class=\"wp-block-paragraph\">Antrenorul secund \u0219i juc\u0103torul sucevean atrage \u00eens\u0103 aten\u021bia c\u0103 parcursul echipei poate fi influen\u021bat de accident\u0103ri, forma de moment \u0219i constan\u021ba finan\u021b\u0103rii. Un alt factor important \u00eel reprezint\u0103 tinere\u021bea lotului.<\/p>\n<p class=\"wp-block-paragraph\">\u201eTinere\u021bea aduce entuziasm, aduce energie, dar aduce inconstan\u021b\u0103\u201d, a explicat Gavriloaia.<\/p>\n<p class=\"wp-block-paragraph\">CSU Suceava \u00ee\u0219i propune, \u00een acela\u0219i timp, s\u0103 continue s\u0103 creasc\u0103 juc\u0103torii forma\u021bi \u00een propria academie \u0219i s\u0103 le ofere acestora un rol tot mai important \u00een echip\u0103.<\/p>\n<p class=\"wp-block-paragraph\"><strong>George \u0218elaru: \u201eCu siguran\u021b\u0103 suntem preg\u0103ti\u021bi\u201d<\/strong><\/p>\n<p class=\"wp-block-paragraph\">La r\u00e2ndul s\u0103u, George \u0218elaru este \u00eencrez\u0103tor \u00eenaintea startului de campionat \u0219i consider\u0103 c\u0103 perioada de preg\u0103tire \u0219i meciurile amicale disputate sunt suficiente pentru ca echipa s\u0103 intre \u00een sezon la un nivel bun.<\/p>\n<p class=\"wp-block-paragraph\">\u201eDa, cu siguran\u021b\u0103 suntem preg\u0103ti\u021bi. A trecut ceva timp de c\u00e2nd ne-am reunit \u0219i, de\u0219i preg\u0103tirea noastr\u0103 este u\u0219or atipic\u0103, cu universitarele, \u00een care mare parte din echip\u0103 lipse\u0219te, am avut destul timp, am avut \u0219i c\u00e2teva meciuri amicale \u0219i cred c\u0103 vom fi la 100% la \u00eenceputul sezonului\u201d, a declarat \u0218elaru.<\/p>\n<p class=\"wp-block-paragraph\">Acesta a vorbit \u0219i despre situa\u021bia lui Eduard Iordachi, care a primit ve\u0219ti bune din partea medicilor, chiar dac\u0103 revenirea sa pe teren mai necesit\u0103 timp.<\/p>\n<p class=\"wp-block-paragraph\">\u201e\u00cel a\u0219tept\u0103m cu drag s\u0103 fie la 100%, pentru c\u0103 este la antrenamente cu noi, \u00eencearc\u0103, transpir\u0103 \u00een fiecare zi cu noi \u0219i sunt sigur c\u0103 \u00een cur\u00e2nd vom fi to\u021bi\u201d, a spus George \u0218elaru.<\/p>\n<p class=\"wp-block-paragraph\"><strong>\u0218elaru: Tinerii pot duce echipa peste a\u0219tept\u0103ri<\/strong><\/p>\n<p class=\"wp-block-paragraph\">George \u0218elaru consider\u0103 c\u0103 experien\u021ba acumulat\u0103 de tinerii echipei \u00een sezonul precedent poate reprezenta un avantaj important pentru CSU Suceava.<\/p>\n<p class=\"wp-block-paragraph\">El i-a nominalizat pe <strong>Iluc\u0103, \u0218erban, Rusu \u0219i R\u00eep\u0103<\/strong>, \u00een timp ce despre Dasc\u0103lu a remarcat c\u0103, de\u0219i are doar 19 ani, se afl\u0103 deja la al treilea sezon de Liga Na\u021bional\u0103.<\/p>\n<p class=\"wp-block-paragraph\">\u201eDac\u0103 ei vor fi \u0219i mai bine dec\u00e2t anul trecut, c\u0103 ne-au ajutat destul de mult, cu siguran\u021b\u0103 vom putea s\u0103 dep\u0103\u0219im locul la care se a\u0219teapt\u0103 lumea\u201d, a afirmat \u0218elaru.<\/p>\n<p class=\"wp-block-paragraph\">\u00cen acela\u0219i timp, acesta a remarcat dispari\u021bia mai multor echipe importante din handbalul masculin rom\u00e2nesc \u0219i faptul c\u0103 investi\u021biile \u00een acest sport au sc\u0103zut \u00een mai multe ora\u0219e.<\/p>\n<p class=\"wp-block-paragraph\">\u00cen acest context, \u0218elaru spune c\u0103 faptul c\u0103 la Vaslui se investe\u0219te \u00een handbal este un lucru benefic pentru competi\u021bie, chiar dac\u0103 CSM Vaslui ar putea avea un buget mai mare dec\u00e2t forma\u021bia sucevean\u0103.<\/p>\n<p class=\"wp-block-paragraph\"><strong>Sala plin\u0103, a\u0219teptat\u0103 la derby-ul Moldovei<\/strong><\/p>\n<p class=\"wp-block-paragraph\">CSU Suceava se a\u0219teapt\u0103 ca partida cu CSM Vaslui s\u0103 se dispute cu <strong>sala plin\u0103<\/strong>, dup\u0103 o perioad\u0103 \u00een care suporterii suceveni au a\u0219teptat revenirea echipei la meciurile oficiale.<\/p>\n<p class=\"wp-block-paragraph\">\u201eSuntem convin\u0219i c\u0103 sala va fi plin\u0103 la meciul cu CSM Vaslui. \u0218tim c\u0103 oamenii de-abia a\u0219teapt\u0103\u201d, a spus George \u0218elaru.<\/p>\n<p class=\"wp-block-paragraph\">Juc\u0103torul CSU Suceava consider\u0103 c\u0103 sprijinul publicului poate avea un rol important \u00een ob\u021binerea unui rezultat pozitiv.<\/p>\n<p class=\"wp-block-paragraph\">\u201eDac\u0103 \u0219i noi vom avea un nivel al jocului corespunz\u0103tor, sigur sala ne va purta c\u0103tre victorie\u201d, a mai spus \u0218elaru.<\/p>\n<p class=\"wp-block-paragraph\"><strong>C\u00e2nd va juca CSU Suceava \u00een noua Sal\u0103 Polivalent\u0103?<\/strong><\/p>\n<p class=\"wp-block-paragraph\">Reprezentan\u021bii echipei sucevene \u00ee\u0219i doresc ca forma\u021bia s\u0103 poat\u0103 evolua c\u00e2t mai cur\u00e2nd \u00een noua Sal\u0103 Polivalent\u0103, \u00eens\u0103 deocamdat\u0103 nu exist\u0103 un termen concret pentru mutarea meciurilor.<\/p>\n<p class=\"wp-block-paragraph\">\u201eNoi sper\u0103m c\u00e2t mai repede, am vrea din iarn\u0103, sunt semnale c\u0103 se poate, dar nu e nimic concret\u201d, a declarat George \u0218elaru.<\/p>\n<p class=\"wp-block-paragraph\">Acesta a subliniat \u0219i importan\u021ba noii s\u0103li din perspectiva condi\u021biilor oferite sportivilor, ar\u0103t\u00e2nd c\u0103 suprafa\u021ba actual\u0103 nu este una dintre cele mai prietenoase cu articula\u021biile juc\u0103torilor.<\/p>\n<p class=\"wp-block-paragraph\">\u201eNoi ne dorim foarte mult s\u0103 intr\u0103m \u00een noua sal\u0103. Ar fi foarte important. Vorbeam de accident\u0103ri, suprafa\u021ba de aici nu este cea mai prietenoas\u0103 cu corpurile noastre, cu articula\u021biile noastre \u0219i a\u0219tept\u0103m noua sal\u0103 \u0219i, Doamne ajut\u0103, s\u0103 o umplem \u0219i pe aceea\u201d, a spus George \u0218elaru.<\/p>\n<figure class=\"wp-block-embed is-type-video is-provider-youtube wp-block-embed-youtube wp-embed-aspect-16-9 wp-has-aspect-ratio\">\n<div class=\"wp-block-embed__wrapper\">\n<div class=\"youtube-embed\" data-video_id=\"v3AVicbN8GY\"><iframe loading=\"lazy\" title=\"Cand e vorba de BANI Mul\u021bi, la Vicovu de Sus se poate - ziua \u00een care Vicele a \"furat indicatorul\"!!\" width=\"696\" height=\"392\" src=\"https:\/\/www.youtube.com\/embed\/v3AVicbN8GY?start=532&amp;feature=oembed\" frameborder allow=\"accelerometer; autoplay; clipboard-write; encrypted-media; gyroscope; picture-in-picture; web-share\" referrerpolicy=\"strict-origin-when-cross-origin\" allowfullscreen><\/iframe><\/div>\n<\/div>\n<\/figure>\n<div class=\"td-a-rec td-a-rec-id-content_bottom  tdi_4 td_block_template_1\"><strong>Intr\u0103 acum \u0219i \u00een grupul de <\/p>\n<div class=\"wp-block-button\"><a class=\"wp-block-button__link wp-element-button\" href=\"https:\/\/t.me\/+TH8wcfnp8fw5NWI0\">Telegram News Bucovina<\/a><\/div>\n<p><\/strong><\/div>\n<\/div>\n<div class=\"td-post-content tagdiv-type\">\n<div class=\"td-a-rec td-a-rec-id-content_top  tdi_3 td_block_template_1\">\n<div class=\"nb-social-buttons\"><a class=\"nb-social-btn nb-social-youtube\" href=\"https:\/\/www.youtube.com\/@ZiarulNewsBucovina?sub_confirmation=1\" target=\"_blank\" rel=\"noopener external\" title=\"Aboneaz\u0103-te la NewsBucovina pe YouTube\"><span class=\"nb-social-text\"><strong>Aboneaz\u0103-te pe YouTube<\/strong><small>NewsBucovina<\/small><\/span><\/a><a class=\"nb-social-btn nb-social-telegram\" href=\"https:\/\/t.me\/+TH8wcfnp8fw5NWI0\" target=\"_blank\" rel=\"noopener external\" title=\"Intr\u0103 \u00een grupul Telegram News Bucovina\"><span class=\"nb-social-text\"><strong>Intr\u0103 pe Telegram<\/strong><small>Grupul News Bucovina<\/small><\/span><\/a><a class=\"nb-social-btn nb-social-google\" href=\"https:\/\/www.google.com\/preferences\/source?q=newsbucovina.ro\" target=\"_blank\" rel=\"noopener external\" title=\"Adaug\u0103 NewsBucovina ca surs\u0103 preferat\u0103 \u00een Google\"><span class=\"nb-social-text\"><strong>Adaug\u0103 NewsBucovina<\/strong><small>Surs\u0103 preferat\u0103 \u00een Google<\/small><\/span><\/a><\/div>\n<\/div>\n<p class=\"wp-block-paragraph\">CSU Suceava este preg\u0103tit\u0103 pentru debutul \u00een noul sezon al Ligii Na\u021bionale de handbal masculin, iar prima partid\u0103 aduce \u00een fa\u021ba sucevenilor un adversar considerat superior din punct de vedere al bugetului \u0219i al experien\u021bei lotului. R\u0103zvan Gavriloaia, antrenor secund \u0219i juc\u0103tor al echipei, spune c\u0103 sucevenii trebuie s\u0103 compenseze prin atitudine, omogenitate \u0219i continuitatea lotului.<\/p>\n<figure class=\"wp-block-image size-large\"><a href=\"https:\/\/cdn.newsbucovina.ro\/wp-content\/uploads\/2026\/09\/WhatsApp-Image-2026-09-03-at-16.16.51.jpeg\"><img loading=\"lazy\" decoding=\"async\" width=\"1024\" height=\"576\" src=\"https:\/\/cdn.newsbucovina.ro\/wp-content\/uploads\/2026\/09\/WhatsApp-Image-2026-09-03-at-16.16.51-1024x576.jpeg\" alt class=\"wp-image-448509\"><\/a><\/figure>\n<p class=\"wp-block-paragraph\">CSU Suceava \u00eencepe un nou sezon de Liga Na\u021bional\u0103 cu un lot construit \u00een principal pe continuitate \u0219i pe promovarea juc\u0103torilor tineri. \u00cenaintea primei partide, R\u0103zvan Gavriloaia a transmis c\u0103 echipa este preg\u0103tit\u0103 \u0219i c\u0103 principalul obiectiv pentru debut este ob\u021binerea unui rezultat bun \u0219i primele puncte.<\/p>\n<p class=\"wp-block-paragraph\">\u201eSuntem preg\u0103ti\u021bi pentru prima partid\u0103, nu avem de ales. Lupta vine chiar dac\u0103 e\u0219ti preg\u0103tit sau nu\u201d, a declarat R\u0103zvan Gavriloaia, care consider\u0103 c\u0103 atitudinea juc\u0103torilor va fi unul dintre cele mai importante elemente \u00een partida de debut.<\/p>\n<p class=\"wp-block-paragraph\">CSU Suceava va \u00eent\u00e2lni <strong>CSM Vaslui<\/strong>, forma\u021bie despre care Gavriloaia spune c\u0103 este, cel pu\u021bin pe h\u00e2rtie, superioar\u0103 echipei sucevene.<\/p>\n<p class=\"wp-block-paragraph\">\u201e\u00cent\u00e2lnim un adversar care, pe h\u00e2rtie, ne este superior. Din ce \u0219tiu, \u0219i la nivel bugetar, \u0219i la nivelul experien\u021bei juc\u0103torilor \u0219i al transferurilor f\u0103cute\u201d, a explicat acesta.<\/p>\n<p class=\"wp-block-paragraph\">\u00cen aceste condi\u021bii, CSU Suceava a ales s\u0103 mearg\u0103 pe continuitate, \u00eencerc\u00e2nd s\u0103 p\u0103streze c\u00e2t mai mult din nucleul lotului din sezonul precedent.<\/p>\n<p class=\"wp-block-paragraph\">\u201eN-am c\u0103utat s\u0103 plomb\u0103m nimic, doar s\u0103 ne asigur\u0103m continuitatea \u0219i, zic eu, c\u0103 asta va da un grad ridicat de omogenitate care s\u0103 ne duc\u0103, ca lot, ca echip\u0103, c\u0103tre un parcurs mai bun\u201d, a spus Gavriloaia.<\/p>\n<p class=\"wp-block-paragraph\"><strong>Cu aproape tot lotul la dispozi\u021bie<\/strong><\/p>\n<p class=\"wp-block-paragraph\">Din punct de vedere medical, singura absen\u021b\u0103 cert\u0103 este <strong>Eduard Iordachi<\/strong>, aflat \u00eenc\u0103 \u00een recuperare dup\u0103 opera\u021bia la um\u0103r. \u00cen rest, juc\u0103torii sunt ap\u021bi pentru debutul sezonului, \u00een m\u0103sura \u00een care nu apar probleme la ultimele antrenamente.<\/p>\n<p class=\"wp-block-paragraph\">Gavriloaia sper\u0103 ca echipa s\u0103 poat\u0103 conta pe aproape \u00eentreg lotul \u0219i s\u0103 \u00eenceap\u0103 campionatul cu primele puncte.<\/p>\n<p class=\"wp-block-paragraph\"><strong>Obiectiv: locurile 6-8<\/strong><\/p>\n<p class=\"wp-block-paragraph\">\u00cen ceea ce prive\u0219te obiectivul pentru noul sezon, R\u0103zvan Gavriloaia spune c\u0103 echipa \u00ee\u0219i dore\u0219te s\u0103 termine c\u00e2t mai sus, \u00eens\u0103 consider\u0103 c\u0103, \u00een mod realist, CSU Suceava se poate bate pentru o clasare \u00een zona locurilor <strong>6-8<\/strong>.<\/p>\n<p class=\"wp-block-paragraph\">\u201eEu personal cred c\u0103 ne putem \u00eencadra cu echipa undeva \u00eentre locurile 6-8\u201d, a declarat acesta.<\/p>\n<p class=\"wp-block-paragraph\">Antrenorul secund \u0219i juc\u0103torul sucevean atrage \u00eens\u0103 aten\u021bia c\u0103 parcursul echipei poate fi influen\u021bat de accident\u0103ri, forma de moment \u0219i constan\u021ba finan\u021b\u0103rii. Un alt factor important \u00eel reprezint\u0103 tinere\u021bea lotului.<\/p>\n<p class=\"wp-block-paragraph\">\u201eTinere\u021bea aduce entuziasm, aduce energie, dar aduce inconstan\u021b\u0103\u201d, a explicat Gavriloaia.<\/p>\n<p class=\"wp-block-paragraph\">CSU Suceava \u00ee\u0219i propune, \u00een acela\u0219i timp, s\u0103 continue s\u0103 creasc\u0103 juc\u0103torii forma\u021bi \u00een propria academie \u0219i s\u0103 le ofere acestora un rol tot mai important \u00een echip\u0103.<\/p>\n<p class=\"wp-block-paragraph\"><strong>George \u0218elaru: \u201eCu siguran\u021b\u0103 suntem preg\u0103ti\u021bi\u201d<\/strong><\/p>\n<p class=\"wp-block-paragraph\">La r\u00e2ndul s\u0103u, George \u0218elaru este \u00eencrez\u0103tor \u00eenaintea startului de campionat \u0219i consider\u0103 c\u0103 perioada de preg\u0103tire \u0219i meciurile amicale disputate sunt suficiente pentru ca echipa s\u0103 intre \u00een sezon la un nivel bun.<\/p>\n<p class=\"wp-block-paragraph\">\u201eDa, cu siguran\u021b\u0103 suntem preg\u0103ti\u021bi. A trecut ceva timp de c\u00e2nd ne-am reunit \u0219i, de\u0219i preg\u0103tirea noastr\u0103 este u\u0219or atipic\u0103, cu universitarele, \u00een care mare parte din echip\u0103 lipse\u0219te, am avut destul timp, am avut \u0219i c\u00e2teva meciuri amicale \u0219i cred c\u0103 vom fi la 100% la \u00eenceputul sezonului\u201d, a declarat \u0218elaru.<\/p>\n<p class=\"wp-block-paragraph\">Acesta a vorbit \u0219i despre situa\u021bia lui Eduard Iordachi, care a primit ve\u0219ti bune din partea medicilor, chiar dac\u0103 revenirea sa pe teren mai necesit\u0103 timp.<\/p>\n<p class=\"wp-block-paragraph\">\u201e\u00cel a\u0219tept\u0103m cu drag s\u0103 fie la 100%, pentru c\u0103 este la antrenamente cu noi, \u00eencearc\u0103, transpir\u0103 \u00een fiecare zi cu noi \u0219i sunt sigur c\u0103 \u00een cur\u00e2nd vom fi to\u021bi\u201d, a spus George \u0218elaru.<\/p>\n<p class=\"wp-block-paragraph\"><strong>\u0218elaru: Tinerii pot duce echipa peste a\u0219tept\u0103ri<\/strong><\/p>\n<p class=\"wp-block-paragraph\">George \u0218elaru consider\u0103 c\u0103 experien\u021ba acumulat\u0103 de tinerii echipei \u00een sezonul precedent poate reprezenta un avantaj important pentru CSU Suceava.<\/p>\n<p class=\"wp-block-paragraph\">El i-a nominalizat pe <strong>Iluc\u0103, \u0218erban, Rusu \u0219i R\u00eep\u0103<\/strong>, \u00een timp ce despre Dasc\u0103lu a remarcat c\u0103, de\u0219i are doar 19 ani, se afl\u0103 deja la al treilea sezon de Liga Na\u021bional\u0103.<\/p>\n<p class=\"wp-block-paragraph\">\u201eDac\u0103 ei vor fi \u0219i mai bine dec\u00e2t anul trecut, c\u0103 ne-au ajutat destul de mult, cu siguran\u021b\u0103 vom putea s\u0103 dep\u0103\u0219im locul la care se a\u0219teapt\u0103 lumea\u201d, a afirmat \u0218elaru.<\/p>\n<p class=\"wp-block-paragraph\">\u00cen acela\u0219i timp, acesta a remarcat dispari\u021bia mai multor echipe importante din handbalul masculin rom\u00e2nesc \u0219i faptul c\u0103 investi\u021biile \u00een acest sport au sc\u0103zut \u00een mai multe ora\u0219e.<\/p>\n<p class=\"wp-block-paragraph\">\u00cen acest context, \u0218elaru spune c\u0103 faptul c\u0103 la Vaslui se investe\u0219te \u00een handbal este un lucru benefic pentru competi\u021bie, chiar dac\u0103 CSM Vaslui ar putea avea un buget mai mare dec\u00e2t forma\u021bia sucevean\u0103.<\/p>\n<p class=\"wp-block-paragraph\"><strong>Sala plin\u0103, a\u0219teptat\u0103 la derby-ul Moldovei<\/strong><\/p>\n<p class=\"wp-block-paragraph\">CSU Suceava se a\u0219teapt\u0103 ca partida cu CSM Vaslui s\u0103 se dispute cu <strong>sala plin\u0103<\/strong>, dup\u0103 o perioad\u0103 \u00een care suporterii suceveni au a\u0219teptat revenirea echipei la meciurile oficiale.<\/p>\n<p class=\"wp-block-paragraph\">\u201eSuntem convin\u0219i c\u0103 sala va fi plin\u0103 la meciul cu CSM Vaslui. \u0218tim c\u0103 oamenii de-abia a\u0219teapt\u0103\u201d, a spus George \u0218elaru.<\/p>\n<p class=\"wp-block-paragraph\">Juc\u0103torul CSU Suceava consider\u0103 c\u0103 sprijinul publicului poate avea un rol important \u00een ob\u021binerea unui rezultat pozitiv.<\/p>\n<p class=\"wp-block-paragraph\">\u201eDac\u0103 \u0219i noi vom avea un nivel al jocului corespunz\u0103tor, sigur sala ne va purta c\u0103tre victorie\u201d, a mai spus \u0218elaru.<\/p>\n<p class=\"wp-block-paragraph\"><strong>C\u00e2nd va juca CSU Suceava \u00een noua Sal\u0103 Polivalent\u0103?<\/strong><\/p>\n<p class=\"wp-block-paragraph\">Reprezentan\u021bii echipei sucevene \u00ee\u0219i doresc ca forma\u021bia s\u0103 poat\u0103 evolua c\u00e2t mai cur\u00e2nd \u00een noua Sal\u0103 Polivalent\u0103, \u00eens\u0103 deocamdat\u0103 nu exist\u0103 un termen concret pentru mutarea meciurilor.<\/p>\n<p class=\"wp-block-paragraph\">\u201eNoi sper\u0103m c\u00e2t mai repede, am vrea din iarn\u0103, sunt semnale c\u0103 se poate, dar nu e nimic concret\u201d, a declarat George \u0218elaru.<\/p>\n<p class=\"wp-block-paragraph\">Acesta a subliniat \u0219i importan\u021ba noii s\u0103li din perspectiva condi\u021biilor oferite sportivilor, ar\u0103t\u00e2nd c\u0103 suprafa\u021ba actual\u0103 nu este una dintre cele mai prietenoase cu articula\u021biile juc\u0103torilor.<\/p>\n<p class=\"wp-block-paragraph\">\u201eNoi ne dorim foarte mult s\u0103 intr\u0103m \u00een noua sal\u0103. Ar fi foarte important. Vorbeam de accident\u0103ri, suprafa\u021ba de aici nu este cea mai prietenoas\u0103 cu corpurile noastre, cu articula\u021biile noastre \u0219i a\u0219tept\u0103m noua sal\u0103 \u0219i, Doamne ajut\u0103, s\u0103 o umplem \u0219i pe aceea\u201d, a spus George \u0218elaru.<\/p>\n<figure class=\"wp-block-embed is-type-video is-provider-youtube wp-block-embed-youtube wp-embed-aspect-16-9 wp-has-aspect-ratio\">\n<div class=\"wp-block-embed__wrapper\">\n<div class=\"youtube-embed\" data-video_id=\"v3AVicbN8GY\"><iframe loading=\"lazy\" title=\"Cand e vorba de BANI Mul\u021bi, la Vicovu de Sus se poate - ziua \u00een care Vicele a \"furat indicatorul\"!!\" width=\"696\" height=\"392\" src=\"https:\/\/www.youtube.com\/embed\/v3AVicbN8GY?start=532&amp;feature=oembed\" frameborder allow=\"accelerometer; autoplay; clipboard-write; encrypted-media; gyroscope; picture-in-picture; web-share\" referrerpolicy=\"strict-origin-when-cross-origin\" allowfullscreen><\/iframe><\/div>\n<\/div>\n<\/figure>\n<div class=\"td-a-rec td-a-rec-id-content_bottom  tdi_4 td_block_template_1\"><strong>Intr\u0103 acum \u0219i \u00een grupul de <\/p>\n<div class=\"wp-block-button\"><a class=\"wp-block-button__link wp-element-button\" href=\"https:\/\/t.me\/+TH8wcfnp8fw5NWI0\">Telegram News Bucovina<\/a><\/div>\n<p><\/strong><\/div>\n<\/div>\n<p>[analyse_source url=&#8221;https:\/\/www.newsbucovina.ro\/actualitate\/448508\/razvan-gavriloaia-inaintea-debutului-csu-suceava-in-noul-sezon-realist-vorbind-ne-putem-incadra-intre-locurile-6-8&#8243;]<\/p>\n","protected":false},"excerpt":{"rendered":"<p>[analyse_image type=&#8221;featured&#8221; src=&#8221;https:\/\/www.newsbucovina.ro\/wp-content\/uploads\/2026\/09\/WhatsApp-Image-2026-09-03-at-16.16.51.jpeghttps:\/\/cdn.newsbucovina.ro\/wp-content\/uploads\/2026\/09\/WhatsApp-Image-2026-09-03-at-16.16.51.jpeg&#8221;] Aboneaz\u0103-te pe YouTubeNewsBucovinaIntr\u0103 pe TelegramGrupul News BucovinaAdaug\u0103 NewsBucovinaSurs\u0103 preferat\u0103 \u00een Google CSU Suceava este preg\u0103tit\u0103 pentru debutul \u00een noul sezon al Ligii Na\u021bionale de handbal masculin, iar prima partid\u0103 aduce \u00een fa\u021ba sucevenilor un adversar considerat superior din punct de vedere al bugetului \u0219i al experien\u021bei lotului. R\u0103zvan Gavriloaia, antrenor secund \u0219i [&hellip;]<\/p>\n","protected":false},"author":1,"featured_media":0,"comment_status":"open","ping_status":"","sticky":false,"template":"","format":"standard","meta":{"footnotes":""},"categories":[89],"tags":[226,165],"class_list":["post-2126500","post","type-post","status-publish","format-standard","hentry","category-romania","tag-crawlmanager","tag-newsbucovina-ro"],"_links":{"self":[{"href":"https:\/\/analyse.optim.biz\/index.php?rest_route=\/wp\/v2\/posts\/2126500","targetHints":{"allow":["GET"]}}],"collection":[{"href":"https:\/\/analyse.optim.biz\/index.php?rest_route=\/wp\/v2\/posts"}],"about":[{"href":"https:\/\/analyse.optim.biz\/index.php?rest_route=\/wp\/v2\/types\/post"}],"author":[{"embeddable":true,"href":"https:\/\/analyse.optim.biz\/index.php?rest_route=\/wp\/v2\/users\/1"}],"replies":[{"embeddable":true,"href":"https:\/\/analyse.optim.biz\/index.php?rest_route=%2Fwp%2Fv2%2Fcomments&post=2126500"}],"version-history":[{"count":0,"href":"https:\/\/analyse.optim.biz\/index.php?rest_route=\/wp\/v2\/posts\/2126500\/revisions"}],"wp:attachment":[{"href":"https:\/\/analyse.optim.biz\/index.php?rest_route=%2Fwp%2Fv2%2Fmedia&parent=2126500"}],"wp:term":[{"taxonomy":"category","embeddable":true,"href":"https:\/\/analyse.optim.biz\/index.php?rest_route=%2Fwp%2Fv2%2Fcategories&post=2126500"},{"taxonomy":"post_tag","embeddable":true,"href":"https:\/\/analyse.optim.biz\/index.php?rest_route=%2Fwp%2Fv2%2Ftags&post=2126500"}],"curies":[{"name":"wp","href":"https:\/\/api.w.org\/{rel}","templated":true}]}}