{"id":2126485,"date":"2026-09-03T00:00:00","date_gmt":"2026-09-02T21:00:00","guid":{"rendered":"https:\/\/analyse.optim.biz\/?p=2126485"},"modified":"2026-09-03T00:00:00","modified_gmt":"2026-09-02T21:00:00","slug":"maduro-cere-justitiei-din-sua-sa-respinga-actul-de-acuzare-impotriva-lui-invocand-imunitatea-sa","status":"publish","type":"post","link":"https:\/\/analyse.optim.biz\/?p=2126485","title":{"rendered":"Maduro cere justi\u021biei din SUA s\u0103 resping\u0103 actul de acuzare \u00eempotriva lui, invoc\u00e2nd imunitatea sa"},"content":{"rendered":"<p>[analyse_image type=&#8221;featured&#8221; src=&#8221;https:\/\/agerpres.ro\/data\/202609\/20260903191841_589325.jpg&#8221;]<\/p>\n<div class=\"mx-auto pt-3\">\n<p><strong>Pre\u0219edintele venezuelean \u00eenl\u0103turat Nicolas Maduro, urm\u0103rit penal \u0219i \u00eencarcerat \u00een SUA pentru trafic de droguri, a cerut justi\u021biei americane s\u0103 resping\u0103 actul de acuzare \u00eempotriva sa, invoc\u00e2nd imunitatea sa \u00een calitate de \u0219ef de stat str\u0103in, relateaz\u0103 AFP.<\/strong><\/p>\n<p>\u00centr-un memoriu \u00eentocmit de avoca\u021bii s\u0103i \u0219i trimis miercuri judec\u0103torului federal new-yorkez Alvin Hellerstein, fostul om forte de la Caracas estimeaz\u0103 c\u0103 tribunalul &#8221;nu este competent&#8221; pentru a-l judeca.<\/p>\n<p>Potrivit actului de acuzare care \u00eel vizeaz\u0103 pe el \u0219i mai mul\u021bi dintre fo\u0219tii s\u0103i colaboratori, fostul \u0219ef al statului \u00een v\u00e2rst\u0103 de 63 de ani este urm\u0103rit la New York pentru patru capete de acuzare, \u00eentre care narcoterorism.<\/p>\n<p>R\u0103pit la Caracas \u00een urma unei opera\u021biuni militare spectaculoase a armatei americane la \u00eenceputul lui ianuarie, el este \u00eencarcerat de atunci \u00eentr-o \u00eenchisoare federal\u0103 din Brooklyn.<\/p>\n<p>Cu prilejul primei sale apari\u021bii publice dup\u0103 ce a fost capturat, \u00een fa\u021ba unui tribunal din New York, el a denun\u021bat c\u0103 a fost &#8221;r\u0103pit&#8221; de SUA, consider\u00e2ndu-se &#8221;prizonier de r\u0103zboi&#8221;.<\/p>\n<p>&#8221;Imunitatea complet\u0103 a \u0219efilor de stat constituie un principiu fundamental al dreptului interna\u021bional \u0219i este ferm ancorat \u00een dreptul bazat pe jurispruden\u021b\u0103&#8221;, scriu avoca\u021bii Barry Pollack \u0219i Anna Estevao.<\/p>\n<p>Potrivit lor, guvernul american \u00ee\u0219i bazeaz\u0103 urm\u0103rirea penal\u0103 pe faptul c\u0103 el consider\u0103 c\u0103 Nicolas Maduro se afla &#8221;ilegitim&#8221; \u00een fruntea statului s\u0103u.<\/p>\n<p>&#8221;Ideea \u00eensp\u0103im\u00e2nt\u0103toare a guvernului potrivit c\u0103reia ar putea lipsi de imunitatea sa orice \u0219ef de stat \u00een exerci\u021biu prin simplul fapt de a-l califica, de manier\u0103 unilateral\u0103 \u0219i politic\u0103, &#8216;ilegitim&#8217;, este lipsit\u0103 de orice fundament&#8221;, adaug\u0103 ap\u0103r\u0103torii fostului pre\u0219edinte.<\/p>\n<p>\u00centr-o alt\u0103 serie de documente judiciare, so\u021bia sa Cilia Flores, de 69 de ani, se al\u0103tur\u0103 argumentelor so\u021bului s\u0103u, al\u0103turi de care a fost capturat \u00een ianuarie.<\/p>\n<p>Judec\u0103torul Hellerstein a anun\u021bat c\u0103 urmeaz\u0103 s\u0103 se pronun\u021be asupra cererii \u00een cadrul unei audieri care va avea loc pe 17 noiembrie.<\/p>\n<p>Fostul pre\u0219edinte a reap\u0103rut la sf\u00e2r\u0219itul lui august pe re\u021belele sociale, unde a publicat fotografii inedite \u00een uniforma gri de de\u021binut \u00een \u00eenchisoarea sa din New York.<\/p>\n<p>\u00centrebat\u0103 de AFP, administra\u021bia penitenciar\u0103 american\u0103 nu a putut explica cum au putut ie\u0219i aceste imagini \u00een exterior.<\/p>\n<p>El \u0219i so\u0163ia\u00a0lui sunt \u00eencarcera\u021bi \u00eentr-un regim strict, f\u0103r\u0103 acces la ziare sau internet, dar cu posibilitatea de a vorbi la telefon cu familia \u0219i avoca\u021bii.<\/p>\n<p>Procesul pentru trafic de droguri este prev\u0103zut s\u0103 \u00eenceap\u0103 pe 1 iunie 2027.<\/p>\n<p>Dup\u0103 capturarea lui Nicolas Maduro de c\u0103tre SUA, pre\u0219edinta interimar\u0103 Delcy Rodriguez i-a preluat atribu\u021biile \u0219i guverneaz\u0103 sub presiunea Washingtonului.<\/p>\n<p>Venezuela a semnat miercuri, sub auspiciile ministrului american al Energiei, acorduri cu companiile petroliere Chevron \u0219i Eni pentru a-\u0219i extinde opera\u021biunile \u00een \u021bar\u0103, precum \u0219i cu GE Vernova, pentru a redresa industria de electricitate. AGERPRES\/(AS &#8211; redactor: Florin \u0218tefan, editor online: Gabriela Badea)\u00a0<\/p>\n<\/div>\n<div class=\"mx-auto pt-3\">\n                                Afisari: 22\n                            <\/div>\n<p>[analyse_source url=&#8221;https:\/\/agerpres.ro\/politic-extern\/2026\/09\/03\/maduro-cere-justitiei-din-sua-sa-respinga-actul-de-acuzare-impotriva-lui-invocand-imunitatea-sa&#8211;1590524&#8243;]<\/p>\n","protected":false},"excerpt":{"rendered":"<p>[analyse_image type=&#8221;featured&#8221; src=&#8221;https:\/\/agerpres.ro\/data\/202609\/20260903191841_589325.jpg&#8221;] Pre\u0219edintele venezuelean \u00eenl\u0103turat Nicolas Maduro, urm\u0103rit penal \u0219i \u00eencarcerat \u00een SUA pentru trafic de droguri, a cerut justi\u021biei americane s\u0103 resping\u0103 actul de acuzare \u00eempotriva sa, invoc\u00e2nd imunitatea sa \u00een calitate de \u0219ef de stat str\u0103in, relateaz\u0103 AFP. \u00centr-un memoriu \u00eentocmit de avoca\u021bii s\u0103i \u0219i trimis miercuri judec\u0103torului federal new-yorkez Alvin Hellerstein, [&hellip;]<\/p>\n","protected":false},"author":1,"featured_media":0,"comment_status":"open","ping_status":"","sticky":false,"template":"","format":"standard","meta":{"footnotes":""},"categories":[2],"tags":[37,226],"class_list":["post-2126485","post","type-post","status-publish","format-standard","hentry","category-politics","tag-agerpres-ro","tag-crawlmanager"],"_links":{"self":[{"href":"https:\/\/analyse.optim.biz\/index.php?rest_route=\/wp\/v2\/posts\/2126485","targetHints":{"allow":["GET"]}}],"collection":[{"href":"https:\/\/analyse.optim.biz\/index.php?rest_route=\/wp\/v2\/posts"}],"about":[{"href":"https:\/\/analyse.optim.biz\/index.php?rest_route=\/wp\/v2\/types\/post"}],"author":[{"embeddable":true,"href":"https:\/\/analyse.optim.biz\/index.php?rest_route=\/wp\/v2\/users\/1"}],"replies":[{"embeddable":true,"href":"https:\/\/analyse.optim.biz\/index.php?rest_route=%2Fwp%2Fv2%2Fcomments&post=2126485"}],"version-history":[{"count":0,"href":"https:\/\/analyse.optim.biz\/index.php?rest_route=\/wp\/v2\/posts\/2126485\/revisions"}],"wp:attachment":[{"href":"https:\/\/analyse.optim.biz\/index.php?rest_route=%2Fwp%2Fv2%2Fmedia&parent=2126485"}],"wp:term":[{"taxonomy":"category","embeddable":true,"href":"https:\/\/analyse.optim.biz\/index.php?rest_route=%2Fwp%2Fv2%2Fcategories&post=2126485"},{"taxonomy":"post_tag","embeddable":true,"href":"https:\/\/analyse.optim.biz\/index.php?rest_route=%2Fwp%2Fv2%2Ftags&post=2126485"}],"curies":[{"name":"wp","href":"https:\/\/api.w.org\/{rel}","templated":true}]}}