{"id":2126483,"date":"2026-09-03T00:00:00","date_gmt":"2026-09-02T21:00:00","guid":{"rendered":"https:\/\/analyse.optim.biz\/?p=2126483"},"modified":"2026-09-03T00:00:00","modified_gmt":"2026-09-02T21:00:00","slug":"bistrita-nasaud-copil-de-9-ani-pe-trotineta-electrica-accidentat-grav-la-muresenii-bargaului","status":"publish","type":"post","link":"https:\/\/analyse.optim.biz\/?p=2126483","title":{"rendered":"Bistri\u021ba-N\u0103s\u0103ud: Copil de 9 ani pe trotinet\u0103 electric\u0103, accidentat grav la Mure\u0219enii B\u00e2rg\u0103ului"},"content":{"rendered":"<p>[analyse_image type=&#8221;featured&#8221; src=&#8221;https:\/\/agerpres.ro\/data\/202609\/20260903192457_776208.jpg&#8221;]<\/p>\n<div class=\"mx-auto pt-3\">\n<p><strong>Un copil de 9 ani aflat pe o trotinet\u0103 electric\u0103 a fost accidentat grav, joi dup\u0103-amiaz\u0103, dup\u0103 ce a fost acro\u0219at de un autocamion la intersec\u021bia unei str\u0103zi din localitatea Mure\u0219enii B\u00e2rg\u0103ului cu Drumul Na\u021bional 17, \u00een jude\u021bul Bistri\u021ba-N\u0103s\u0103ud.<\/strong><\/p>\n<p>Potrivit Inspectoratului pentru Situa\u021bii de Urgen\u021b\u0103 (ISU), la fa\u021ba locului a intervenit echipajul de terapie intensiv\u0103 al SMURD, care a stabilit c\u0103 minorul a suferit leziuni \u0219i traumatisme severe la nivelul picioarelor.<\/p>\n<p>A fost chemat \u00een sprijin un elicopter SMURD, care l-a transportat pe copil la o clinic\u0103 de chirurgie pediatric\u0103 din T\u00e2rgu Mure\u0219.<\/p>\n<p>Poli\u021bi\u0219tii au stabilit c\u0103, la intersec\u021bia DN 17 cu o strad\u0103 lateral\u0103 din Mure\u0219enii B\u00e2rgului, minorul aflat pe o trotinet\u0103 electric\u0103 ar fi fost acro\u0219at de un autotren condus de un \u0219ofer de 36 de ani, din Boto\u0219ani.<\/p>\n<p>&#8216;Ast\u0103zi, 3 septembrie, poli\u021bi\u0219tii Serviciului Rutier Bistri\u021ba-N\u0103s\u0103ud au intervenit pentru efectuarea cercet\u0103rilor, ca urmare a producerii unui accident rutier \u00een localitatea Mure\u0219enii B\u00e2rg\u0103ului. Din primele verific\u0103ri efectuate la fa\u021ba locului a reie\u0219it faptul c\u0103 un minor de 9 ani, care se deplasa cu o trotinet\u0103 electric\u0103 pe o strad\u0103 lateral\u0103, la intersec\u021bia cu Drumul Na\u021bional 17, ar fi fost acro\u0219at de un autotren care se deplasa pe direc\u021bia Bistri\u021ba-Vatra Dornei \u0219i care era condus de un b\u0103rbat de 36 de ani, din jude\u021bul Boto\u0219ani. \u00cen urma accidentului, minorul a fost r\u0103nit \u0219i transportat la spital pentru acordarea de \u00eengrijiri medicale. Conduc\u0103torul autotrenului a fost testat cu aparatul etilotest, rezultatul fiind negativ. Poli\u021bi\u0219tii Serviciului Rutier continu\u0103 cercet\u0103rile pentru stabilirea cu exactitate a cauzei \u0219i \u00eemprejur\u0103rilor \u00een care a avut loc evenimentul.&#8217;, a transmis Inspectoratul de Poli\u021bie Jude\u021bean (IPJ).<\/p>\n<p>IPJ Bistri\u021ba-N\u0103s\u0103ud a avertizat, \u00eentr-un comunicat transmis \u00een luna august, c\u0103 trotinetele electrice au urcat pe locul al doilea \u00een topul cauzelor generatoare de accidente rutiere \u00een jude\u021b, num\u0103rul incidentelor de acest tip fiind aproape dublu fa\u021b\u0103 de anul anterior.<\/p>\n<p>Totodat\u0103, \u00een aproape 40% dintre accidentele petrecute \u00een acest an cu trotinete electrice, conduc\u0103torii lor aveau sub 14 ani, cu toate c\u0103 trotinetele electrice pot fi conduse pe drumurile publice numai de persoane care au \u00eemplinit v\u00e2rsta de 14 ani, iar p\u00e2n\u0103 la 16 ani este obligatorie purtarea c\u0103\u0219tii de protec\u021bie. AGERPRES\/(AS &#8211; redactor: Tina Dumitrescu, editor: Anamaria Constantin, editor online: Simona Aru\u015ftei)<\/p>\n<\/div>\n<div class=\"mx-auto pt-3\">\n                                Afisari: 84\n                            <\/div>\n<p>[analyse_source url=&#8221;https:\/\/agerpres.ro\/social\/2026\/09\/03\/bistrita-nasaud-copil-de-9-ani-pe-trotineta-electrica-accidentat-grav-la-muresenii-bargaului&#8211;1590531&#8243;]<\/p>\n","protected":false},"excerpt":{"rendered":"<p>[analyse_image type=&#8221;featured&#8221; src=&#8221;https:\/\/agerpres.ro\/data\/202609\/20260903192457_776208.jpg&#8221;] Un copil de 9 ani aflat pe o trotinet\u0103 electric\u0103 a fost accidentat grav, joi dup\u0103-amiaz\u0103, dup\u0103 ce a fost acro\u0219at de un autocamion la intersec\u021bia unei str\u0103zi din localitatea Mure\u0219enii B\u00e2rg\u0103ului cu Drumul Na\u021bional 17, \u00een jude\u021bul Bistri\u021ba-N\u0103s\u0103ud. Potrivit Inspectoratului pentru Situa\u021bii de Urgen\u021b\u0103 (ISU), la fa\u021ba locului a intervenit echipajul [&hellip;]<\/p>\n","protected":false},"author":1,"featured_media":0,"comment_status":"open","ping_status":"","sticky":false,"template":"","format":"standard","meta":{"footnotes":""},"categories":[2],"tags":[37,226],"class_list":["post-2126483","post","type-post","status-publish","format-standard","hentry","category-politics","tag-agerpres-ro","tag-crawlmanager"],"_links":{"self":[{"href":"https:\/\/analyse.optim.biz\/index.php?rest_route=\/wp\/v2\/posts\/2126483","targetHints":{"allow":["GET"]}}],"collection":[{"href":"https:\/\/analyse.optim.biz\/index.php?rest_route=\/wp\/v2\/posts"}],"about":[{"href":"https:\/\/analyse.optim.biz\/index.php?rest_route=\/wp\/v2\/types\/post"}],"author":[{"embeddable":true,"href":"https:\/\/analyse.optim.biz\/index.php?rest_route=\/wp\/v2\/users\/1"}],"replies":[{"embeddable":true,"href":"https:\/\/analyse.optim.biz\/index.php?rest_route=%2Fwp%2Fv2%2Fcomments&post=2126483"}],"version-history":[{"count":0,"href":"https:\/\/analyse.optim.biz\/index.php?rest_route=\/wp\/v2\/posts\/2126483\/revisions"}],"wp:attachment":[{"href":"https:\/\/analyse.optim.biz\/index.php?rest_route=%2Fwp%2Fv2%2Fmedia&parent=2126483"}],"wp:term":[{"taxonomy":"category","embeddable":true,"href":"https:\/\/analyse.optim.biz\/index.php?rest_route=%2Fwp%2Fv2%2Fcategories&post=2126483"},{"taxonomy":"post_tag","embeddable":true,"href":"https:\/\/analyse.optim.biz\/index.php?rest_route=%2Fwp%2Fv2%2Ftags&post=2126483"}],"curies":[{"name":"wp","href":"https:\/\/api.w.org\/{rel}","templated":true}]}}