{"id":2126478,"date":"2026-09-03T00:00:00","date_gmt":"2026-09-02T21:00:00","guid":{"rendered":"https:\/\/analyse.optim.biz\/?p=2126478"},"modified":"2026-09-03T00:00:00","modified_gmt":"2026-09-02T21:00:00","slug":"zeci-de-mii-de-locuitori-din-toronto-fara-energie-electrica-din-cauza-unor-furtuni-violente-foto-video","status":"publish","type":"post","link":"https:\/\/analyse.optim.biz\/?p=2126478","title":{"rendered":"Zeci de mii de locuitori din Toronto, f\u0103r\u0103 energie electric\u0103 din cauza unor furtuni violente (FOTO\/VIDEO)"},"content":{"rendered":"<p>[analyse_image type=&#8221;featured&#8221; src=&#8221;https:\/\/agerpres.ro\/data\/202609\/20260903185654_391505.jpg&#8221;]<\/p>\n<div class=\"mx-auto pt-3\">\n<p><strong>Zeci de mii de locuitori din Toronto au r\u0103mas joi f\u0103r\u0103 curent electric, \u00een urma unor furtuni neobi\u0219nuit de intense care au inundat drumuri importante din cel mai mare ora\u0219 al Canadei, transmite AFP.<\/strong><\/p>\n<iframe loading=\"lazy\" width=\"560\" height=\"315\" src=\"https:\/\/www.youtube.com\/embed\/57RkuYkAeBs?si=LQKZJBIvjv43E-Ft\" title=\"YouTube video player\" frameborder allow=\"accelerometer; autoplay; clipboard-write; encrypted-media; gyroscope; picture-in-picture; web-share\" referrerpolicy=\"strict-origin-when-cross-origin\" allowfullscreen><\/iframe>\n<hr>\n<p>&#8221;Inunda\u021biile au lovit drumuri importante, copaci \u0219i linii electrice au fost dobor\u00e2te, iar zeci de mii de locuitori au r\u0103mas f\u0103r\u0103 electricitate&#8221;, a declarat joi primarul ora\u0219ului Toronto, Olivia Chow.<\/p>\n<p><img loading=\"lazy\" decoding=\"async\" alt height=\"713\" src=\"https:\/\/agerpres.ro\/data\/202609\/20260903185822_736845.jpg\" width=\"400\"><\/p>\n<p>Foto: (c)\u00a0@ea.eatss via Instagram\/via REUTERS<\/p>\n<hr>\n<p>Fenomenele meteorologice severe sunt neobi\u0219nuite pentru Toronto, care a primit miercuri, \u00een doar c\u00e2teva ore, mai mult dec\u00e2t media total\u0103 de precipita\u021bii pentru luna septembrie.<\/p>\n<p>Rafalele de v\u00e2nt care au atins viteze de p\u00e2n\u0103 la 84 km\/h au deteriorat unele infrastructuri, inclusiv un stadion cu 50.000 de locuri.<\/p>\n<p>Opera\u021biunile aeriene au fost, de asemenea, perturbate miercuri seara.<\/p>\n<p><img loading=\"lazy\" decoding=\"async\" alt height=\"710\" src=\"https:\/\/agerpres.ro\/data\/202609\/20260903185841_723444.jpg\" width=\"400\"><\/p>\n<p>Foto: (c)\u00a0@ea.eatss via Instagram\/via REUTERS<\/p>\n<hr>\n<p>Peste 50.000 de locuin\u021be din zona Toronto erau \u00eenc\u0103 f\u0103r\u0103 curent electric joi, potrivit furnizorului de electricitate al provinciei Ontario, \u00een timp ce opera\u021biunile de cur\u0103\u021bare continuau pe drumuri, dintre care unele au r\u0103mas \u00eenchise. AGERPRES\/(AS &#8211; editor: Codru\u021b B\u0103lu, editor online: Gabriela Badea)\u00a0<\/p>\n<\/div>\n<div class=\"mx-auto pt-3\">\n                                Afisari: 111\n                            <\/div>\n<p>[analyse_source url=&#8221;https:\/\/agerpres.ro\/planeta\/2026\/09\/03\/zeci-de-mii-de-locuitori-din-toronto-fara-energie-electrica-din-cauza-unor-furtuni-violente-foto-vid&#8211;1590519&#8243;]<\/p>\n","protected":false},"excerpt":{"rendered":"<p>[analyse_image type=&#8221;featured&#8221; src=&#8221;https:\/\/agerpres.ro\/data\/202609\/20260903185654_391505.jpg&#8221;] Zeci de mii de locuitori din Toronto au r\u0103mas joi f\u0103r\u0103 curent electric, \u00een urma unor furtuni neobi\u0219nuit de intense care au inundat drumuri importante din cel mai mare ora\u0219 al Canadei, transmite AFP. &#8221;Inunda\u021biile au lovit drumuri importante, copaci \u0219i linii electrice au fost dobor\u00e2te, iar zeci de mii de locuitori [&hellip;]<\/p>\n","protected":false},"author":1,"featured_media":0,"comment_status":"open","ping_status":"","sticky":false,"template":"","format":"standard","meta":{"footnotes":""},"categories":[2],"tags":[37,226],"class_list":["post-2126478","post","type-post","status-publish","format-standard","hentry","category-politics","tag-agerpres-ro","tag-crawlmanager"],"_links":{"self":[{"href":"https:\/\/analyse.optim.biz\/index.php?rest_route=\/wp\/v2\/posts\/2126478","targetHints":{"allow":["GET"]}}],"collection":[{"href":"https:\/\/analyse.optim.biz\/index.php?rest_route=\/wp\/v2\/posts"}],"about":[{"href":"https:\/\/analyse.optim.biz\/index.php?rest_route=\/wp\/v2\/types\/post"}],"author":[{"embeddable":true,"href":"https:\/\/analyse.optim.biz\/index.php?rest_route=\/wp\/v2\/users\/1"}],"replies":[{"embeddable":true,"href":"https:\/\/analyse.optim.biz\/index.php?rest_route=%2Fwp%2Fv2%2Fcomments&post=2126478"}],"version-history":[{"count":0,"href":"https:\/\/analyse.optim.biz\/index.php?rest_route=\/wp\/v2\/posts\/2126478\/revisions"}],"wp:attachment":[{"href":"https:\/\/analyse.optim.biz\/index.php?rest_route=%2Fwp%2Fv2%2Fmedia&parent=2126478"}],"wp:term":[{"taxonomy":"category","embeddable":true,"href":"https:\/\/analyse.optim.biz\/index.php?rest_route=%2Fwp%2Fv2%2Fcategories&post=2126478"},{"taxonomy":"post_tag","embeddable":true,"href":"https:\/\/analyse.optim.biz\/index.php?rest_route=%2Fwp%2Fv2%2Ftags&post=2126478"}],"curies":[{"name":"wp","href":"https:\/\/api.w.org\/{rel}","templated":true}]}}