{"id":2126477,"date":"2026-09-03T00:00:00","date_gmt":"2026-09-02T21:00:00","guid":{"rendered":"https:\/\/analyse.optim.biz\/?p=2126477"},"modified":"2026-09-03T00:00:00","modified_gmt":"2026-09-02T21:00:00","slug":"icoana-maicii-domnului-rugul-aprins-sarbatorita-pentru-prima-data-la-manastirea-antim","status":"publish","type":"post","link":"https:\/\/analyse.optim.biz\/?p=2126477","title":{"rendered":"Icoana Maicii Domnului &#8216;Rugul Aprins&#8217; &#8211; s\u0103rb\u0103torit\u0103 pentru prima dat\u0103, la M\u0103n\u0103stirea Antim"},"content":{"rendered":"<p>[analyse_image type=&#8221;featured&#8221; src=&#8221;https:\/\/agerpres.ro\/data\/202609\/20260903184401_352448.png&#8221;]<\/p>\n<div class=\"mx-auto pt-3\">\n<p><strong>Icoana Maicii Domnului &#8216;Rugul Aprins&#8217; va fi s\u0103rb\u0103torit\u0103 la M\u0103n\u0103stirea Antim din Bucure\u0219ti, pentru prima dat\u0103 dup\u0103 \u00eenscrierea sa \u00een calendarul Bisericii Ortodoxe Rom\u00e2ne.<\/strong><\/p>\n<p>Potrivit Agen\u021biei Basilica a Patriarhiei Rom\u00e2ne, vineri, \u00eencep\u00e2nd cu ora 8:00, vor fi oficiate Acatistul Icoanei Maicii Domnului &#8216;Rugul Aprins&#8217;, Ceasurile \u0219i Sf\u00e2nta Liturghie.<\/p>\n<p>Programul liturgic a \u00eenceput joi, de la ora 17:00, cu o procesiune \u00een jurul bisericii a\u0219ez\u0103m\u00e2ntului monahal, \u00een cadrul c\u0103reia a fost purtat\u0103 icoana, ceremonia fiind urmat\u0103 de slujba Privegherii.<\/p>\n<p>Icoana de la M\u0103n\u0103stirea Antim a fost adus\u0103 din Rusia de un grup de monahi care s-au retras \u00een Sf\u00e2ntul Munte Athos la \u00eenceputul secolului al XX-lea.<\/p>\n<p>A\u0219ez\u0103m\u00e2ntul monahal este str\u00e2ns legat de mi\u0219carea isihast\u0103 &#8216;Rugul Aprins&#8217;, iar icoana a devenit \u00een acest context un simbol al rug\u0103ciunii \u0219i al vie\u021bii duhovnice\u0219ti asumate \u00een mijlocul lumii.<\/p>\n<p>Potrivit <a href=\"https:\/\/ziarullumina.ro\/\" target=\"_blank\">ziarullumina.ro<\/a>, icoana a apar\u021binut ieroschimonahului martir Daniil Sandu Tudor, care a dedicat Icoanei Maicii Domnului &#8216;Rugul Aprins&#8217; un imn acatist, \u00een care a exprimat dorul omului dup\u0103 Dumnezeu.<\/p>\n<p>&#8216;P\u0103rintele a adus icoana cu sine de la Muntele Athos \u00een anul 1929, pe c\u00e2nd era mirean, dup\u0103 ce se \u00eentorsese dintr-un pelerinaj care l-a \u00eent\u0103rit \u00een credin\u021b\u0103 \u0219i i-a aprins dragostea pentru rug\u0103ciunea lui Iisus. La arestarea sa din anul 1958, icoana a ajuns la p\u0103rintele Benedict Ghiu\u0219, el l\u0103s\u00e2nd prin testament ca dup\u0103 moartea sa icoana s\u0103 ajung\u0103 la p\u0103rintele Sofian Boghiu, stare\u021bul M\u0103n\u0103stirii Antim. La mijlocul anului 1990, icoana a fost \u00eenm\u00e2nat\u0103 p\u0103rintelui Sofian, care a a\u0219ezat-o \u00een biserica m\u0103n\u0103stirii, \u00een fa\u021ba catapetesmei, acolo unde se afl\u0103 \u0219i ast\u0103zi&#8217;, precizeaz\u0103 sursa citat\u0103.<\/p>\n<p>Reprezentarea Maicii Domnului &#8216;Rugul Aprins&#8217; a fost \u00eenscris\u0103 \u00een calendarul Bisericii Ortodoxe Rom\u00e2ne prin hot\u0103r\u00e2rea Sf\u00e2ntului Sinod din 2 iulie. Data de cinstire a fost stabilit\u0103 \u00een 4 septembrie, c\u00e2nd Biserica \u00eel pomene\u0219te \u0219i pe Sf\u00e2ntul Proroc Moise, de care este legat\u0103 relatarea biblic\u0103 a rugului care ardea f\u0103r\u0103 s\u0103 se mistuie. AGERPRES\/(AS &#8211; redactor: Daniel Popescu, editor: Florin Marin, editor online: Simona Aru\u015ftei)<\/p>\n<p>Sursa foto:\u00a0<a href=\"https:\/\/basilica.ro\/icoana-maicii-domnului-rugul-aprins-sarbatorita-prima-data-manastirea-antim\/\" target=\"_blank\">basilica.ro<\/a><\/p>\n<\/div>\n<div class=\"mx-auto pt-3\">\n                                Afisari: 135\n                            <\/div>\n<p>[analyse_source url=&#8221;https:\/\/agerpres.ro\/culte\/2026\/09\/03\/icoana-maicii-domnului-rugul-aprins&#8212;sarbatorita-pentru-prima-data-la-manastirea-antim&#8211;1590518&#8243;]<\/p>\n","protected":false},"excerpt":{"rendered":"<p>[analyse_image type=&#8221;featured&#8221; src=&#8221;https:\/\/agerpres.ro\/data\/202609\/20260903184401_352448.png&#8221;] Icoana Maicii Domnului &#8216;Rugul Aprins&#8217; va fi s\u0103rb\u0103torit\u0103 la M\u0103n\u0103stirea Antim din Bucure\u0219ti, pentru prima dat\u0103 dup\u0103 \u00eenscrierea sa \u00een calendarul Bisericii Ortodoxe Rom\u00e2ne. Potrivit Agen\u021biei Basilica a Patriarhiei Rom\u00e2ne, vineri, \u00eencep\u00e2nd cu ora 8:00, vor fi oficiate Acatistul Icoanei Maicii Domnului &#8216;Rugul Aprins&#8217;, Ceasurile \u0219i Sf\u00e2nta Liturghie. Programul liturgic a \u00eenceput [&hellip;]<\/p>\n","protected":false},"author":1,"featured_media":0,"comment_status":"open","ping_status":"","sticky":false,"template":"","format":"standard","meta":{"footnotes":""},"categories":[2],"tags":[37,226],"class_list":["post-2126477","post","type-post","status-publish","format-standard","hentry","category-politics","tag-agerpres-ro","tag-crawlmanager"],"_links":{"self":[{"href":"https:\/\/analyse.optim.biz\/index.php?rest_route=\/wp\/v2\/posts\/2126477","targetHints":{"allow":["GET"]}}],"collection":[{"href":"https:\/\/analyse.optim.biz\/index.php?rest_route=\/wp\/v2\/posts"}],"about":[{"href":"https:\/\/analyse.optim.biz\/index.php?rest_route=\/wp\/v2\/types\/post"}],"author":[{"embeddable":true,"href":"https:\/\/analyse.optim.biz\/index.php?rest_route=\/wp\/v2\/users\/1"}],"replies":[{"embeddable":true,"href":"https:\/\/analyse.optim.biz\/index.php?rest_route=%2Fwp%2Fv2%2Fcomments&post=2126477"}],"version-history":[{"count":0,"href":"https:\/\/analyse.optim.biz\/index.php?rest_route=\/wp\/v2\/posts\/2126477\/revisions"}],"wp:attachment":[{"href":"https:\/\/analyse.optim.biz\/index.php?rest_route=%2Fwp%2Fv2%2Fmedia&parent=2126477"}],"wp:term":[{"taxonomy":"category","embeddable":true,"href":"https:\/\/analyse.optim.biz\/index.php?rest_route=%2Fwp%2Fv2%2Fcategories&post=2126477"},{"taxonomy":"post_tag","embeddable":true,"href":"https:\/\/analyse.optim.biz\/index.php?rest_route=%2Fwp%2Fv2%2Ftags&post=2126477"}],"curies":[{"name":"wp","href":"https:\/\/api.w.org\/{rel}","templated":true}]}}