{"id":2126475,"date":"2026-09-03T00:00:00","date_gmt":"2026-09-02T21:00:00","guid":{"rendered":"https:\/\/analyse.optim.biz\/?p=2126475"},"modified":"2026-09-03T00:00:00","modified_gmt":"2026-09-02T21:00:00","slug":"diicot-barbat-implicat-in-atentate-la-comanda-in-suedia-prins-in-romania","status":"publish","type":"post","link":"https:\/\/analyse.optim.biz\/?p=2126475","title":{"rendered":"DIICOT: B\u0103rbat implicat \u00een atentate la comand\u0103 \u00een Suedia, prins \u00een Rom\u00e2nia"},"content":{"rendered":"<p>[analyse_image type=&#8221;featured&#8221; src=&#8221;https:\/\/agerpres.ro\/data\/202609\/20260903183355_545779.jpg&#8221;]<\/p>\n<div class=\"mx-auto pt-3\">\n<p><strong>Procurorii DIICOT au efectuat, joi, perchezi\u021bii \u00een Bucure\u0219ti \u0219i \u00een ora\u0219ul Otopeni pentru prinderea unui cet\u0103\u021bean suedez stabilit \u00een Rom\u00e2nia, care ar fi implicat \u00een mai multe atentate la comand\u0103 comise \u00een Suedia.<\/strong><\/p>\n<p>Potrivit unui comunicat transmis AGERPRES, joi, procurorii Direc\u021biei de Investigare a Infrac\u021biunilor de Criminalitate Organizat\u0103 \u0219i Terorism &#8211; Structura Central\u0103, \u00eempreun\u0103 cu poli\u021bi\u0219ti din cadrul Direc\u021biei de Combatere a Criminalit\u0103\u021bii Organizate &#8211; Serviciul de Combatere a Grupurilor de Criminalitate Organizat\u0103, au pus \u00een aplicare dou\u0103 mandate de perchezi\u021bie domiciliar\u0103 \u00een Bucure\u0219ti \u0219i \u00een ora\u0219ul Otopeni, \u00eentr-o cauz\u0103 privind s\u0103v\u00e2r\u0219irea infrac\u021biunilor de constituire a unui grup infrac\u021bional organizat \u0219i omor calificat.<\/p>\n<p>Procurorii noteaz\u0103 c\u0103 un suspect, cet\u0103\u021bean suedez, membru al unei grup\u0103ri de criminalitate organizat\u0103, stabilit pe teritoriul Rom\u00e2niei de aproximativ trei ani, este implicat \u00een ac\u021biuni de mare violen\u021b\u0103 s\u0103v\u00e2r\u0219ite pe teritoriul Suediei.<\/p>\n<p>&#8216;Din cercet\u0103ri a reie\u0219it faptul c\u0103, \u00een luna septembrie 2024, la o adres\u0103 din Stockholm, mai mul\u021bi f\u0103ptuitori, \u00eempreun\u0103 \u0219i \u00een \u00een\u021belegere, au \u00eencercat s\u0103 suprime via\u021ba a dou\u0103 victime. Unul dintre f\u0103ptuitori a executat foc asupra imobilului \u00een care se aflau persoanele v\u0103t\u0103mate, gloan\u021bele p\u0103trunz\u00e2nd prin u\u0219a de acces \u0219i \u00een locuin\u021b\u0103. \u00cen acest context, suspectul i-a sprijinit pe f\u0103ptuitori, ac\u021biunile sale fiind considerate amenin\u021b\u0103ri ilegale grave, \u00eentruc\u00e2t amenin\u021barea a fost \u00een mod considerabil amplificat\u0103 prin folosirea unei arme&#8217;, arat\u0103 anchetatorii.<\/p>\n<p>\u00cen vederea document\u0103rii activit\u0103\u021bii infrac\u021bionale \u00eentreprinse de b\u0103rbat \u0219i de alte persoane cu privire la mai multe atentate la comand\u0103 comise \u00een Suedia, autorit\u0103\u021bile de aplicare a legii din Rom\u00e2nia \u0219i din Suedia, sub egida EUROJUST, au semnat un acord pentru constituirea unei Echipe Comune de Anchet\u0103 &#8211; JIT (Joint Investigation Team), men\u021bioneaz\u0103 DIICOT.<\/p>\n<p>&#8216;Fa\u021b\u0103 de suspect, membru al grup\u0103rii de criminalitate organizat\u0103, autorit\u0103\u021bile suedeze au emis un mandat de arestare, acesta urm\u00e2nd a fi prezentat \u00een fa\u021ba judec\u0103torului de drepturi \u0219i libert\u0103\u021bi din cadrul Cur\u021bii de Apel Bucure\u0219ti&#8217;, transmit procurorii.<\/p>\n<p>Anterior, spune sursa citat\u0103, la finele lunii iulie, un alt b\u0103rbat, tot cet\u0103\u021bean suedez, membru al unei grup\u0103rii de criminalitate organizat\u0103 rivale, cercetat pentru s\u0103v\u00e2r\u0219irea infrac\u021biunii de conspira\u021bie la omor, pe numele c\u0103ruia era emis mandat de arestare, a fost depistat tot \u00een Rom\u00e2nia, fa\u021b\u0103 de acesta, judec\u0103torii de drepturi \u0219i libert\u0103\u021bi din cadrul Cur\u021bii de Apel Bucure\u0219ti dispun\u00e2nd arestarea preventiv\u0103 \u00een vederea extr\u0103d\u0103rii.<\/p>\n<p>&#8216;Pe parcursul perchezi\u021biilor efectuate \u00een cursul acestei dimine\u021bi au fost g\u0103site \u0219i ridicate dou\u0103 arme, una cu aer comprimat \u0219i o alta cu gaze, ambele urm\u00e2nd a fi expertizate, o vest\u0103 antiglon\u021b, diferite cantit\u0103\u021bi de substan\u021b\u0103 vegetal\u0103, dispozitive de stocare a datelor, arme albe, precum \u0219i alte mijloace de prob\u0103&#8217;, mai arat\u0103 anchetatorii.<\/p>\n<p>La ac\u021biune au fost prezen\u021bi \u0219i reprezentan\u021bi ai autorit\u0103\u021bilor judiciare din Suedia, aceasta fiind realizat\u0103 cu sprijinul Europol, informeaz\u0103 DIICOT. AGERPRES\/(AS &#8211; redactor: Mihai Stoica, editor: Florin Marin, editor online: Simona Aru\u015ftei)<\/p>\n<\/div>\n<div class=\"mx-auto pt-3\">\n                                Afisari: 209\n                            <\/div>\n<p>[analyse_source url=&#8221;https:\/\/agerpres.ro\/justitie\/2026\/09\/03\/diicot-barbat-implicat-in-atentate-la-comanda-in-suedia-prins-in-romania&#8211;1590516&#8243;]<\/p>\n","protected":false},"excerpt":{"rendered":"<p>[analyse_image type=&#8221;featured&#8221; src=&#8221;https:\/\/agerpres.ro\/data\/202609\/20260903183355_545779.jpg&#8221;] Procurorii DIICOT au efectuat, joi, perchezi\u021bii \u00een Bucure\u0219ti \u0219i \u00een ora\u0219ul Otopeni pentru prinderea unui cet\u0103\u021bean suedez stabilit \u00een Rom\u00e2nia, care ar fi implicat \u00een mai multe atentate la comand\u0103 comise \u00een Suedia. Potrivit unui comunicat transmis AGERPRES, joi, procurorii Direc\u021biei de Investigare a Infrac\u021biunilor de Criminalitate Organizat\u0103 \u0219i Terorism &#8211; Structura [&hellip;]<\/p>\n","protected":false},"author":1,"featured_media":0,"comment_status":"open","ping_status":"","sticky":false,"template":"","format":"standard","meta":{"footnotes":""},"categories":[2],"tags":[37,226],"class_list":["post-2126475","post","type-post","status-publish","format-standard","hentry","category-politics","tag-agerpres-ro","tag-crawlmanager"],"_links":{"self":[{"href":"https:\/\/analyse.optim.biz\/index.php?rest_route=\/wp\/v2\/posts\/2126475","targetHints":{"allow":["GET"]}}],"collection":[{"href":"https:\/\/analyse.optim.biz\/index.php?rest_route=\/wp\/v2\/posts"}],"about":[{"href":"https:\/\/analyse.optim.biz\/index.php?rest_route=\/wp\/v2\/types\/post"}],"author":[{"embeddable":true,"href":"https:\/\/analyse.optim.biz\/index.php?rest_route=\/wp\/v2\/users\/1"}],"replies":[{"embeddable":true,"href":"https:\/\/analyse.optim.biz\/index.php?rest_route=%2Fwp%2Fv2%2Fcomments&post=2126475"}],"version-history":[{"count":0,"href":"https:\/\/analyse.optim.biz\/index.php?rest_route=\/wp\/v2\/posts\/2126475\/revisions"}],"wp:attachment":[{"href":"https:\/\/analyse.optim.biz\/index.php?rest_route=%2Fwp%2Fv2%2Fmedia&parent=2126475"}],"wp:term":[{"taxonomy":"category","embeddable":true,"href":"https:\/\/analyse.optim.biz\/index.php?rest_route=%2Fwp%2Fv2%2Fcategories&post=2126475"},{"taxonomy":"post_tag","embeddable":true,"href":"https:\/\/analyse.optim.biz\/index.php?rest_route=%2Fwp%2Fv2%2Ftags&post=2126475"}],"curies":[{"name":"wp","href":"https:\/\/api.w.org\/{rel}","templated":true}]}}