{"id":2126473,"date":"2026-09-03T00:00:00","date_gmt":"2026-09-02T21:00:00","guid":{"rendered":"https:\/\/analyse.optim.biz\/?p=2126473"},"modified":"2026-09-03T00:00:00","modified_gmt":"2026-09-02T21:00:00","slug":"aur-solicita-ccr-publicarea-deciziilor-privind-conducerile-tvr-si-radioului-public","status":"publish","type":"post","link":"https:\/\/analyse.optim.biz\/?p=2126473","title":{"rendered":"AUR solicit\u0103 CCR publicarea deciziilor privind conducerile TVR \u0219i Radioului public"},"content":{"rendered":"<p>[analyse_image type=&#8221;featured&#8221; src=&#8221;https:\/\/agerpres.ro\/data\/202609\/20260903183132_476497.jpg&#8221;]<\/p>\n<div class=\"mx-auto pt-3\">\n<p><strong>Alian\u021ba pentru Unirea Rom\u00e2nilor (AUR) solicit\u0103 Cur\u021bii Constitu\u021bionale urgentarea redact\u0103rii \u0219i transmiterii spre publicare \u00een Monitorul Oficial a deciziilor privind desemnarea membrilor Consiliilor de administra\u021bie ale Societ\u0103\u021bii Rom\u00e2ne de Televiziune (SRTV) \u0219i Societ\u0103\u021bii Rom\u00e2ne de Radiodifuziune (SRR), preciz\u00e2nd c\u0103 au trecut 127 de zile de la constatarea neconstitu\u021bionalit\u0103\u021bii.<\/strong><\/p>\n<p>Curtea Constitu\u021bional\u0103 a Rom\u00e2niei a admis, pe 29 aprilie, sesiz\u0103rile AUR \u00een leg\u0103tur\u0103 cu hot\u0103r\u00e2rile Parlamentului privind numirea membrilor Consiliilor de Administra\u021bie ale SRTV \u0219i SRR, stabilind c\u0103 deciziile sunt neconstitu\u021bionale.<\/p>\n<p>Solicitarea AUR a fost transmis\u0103 pre\u0219edintelui CCR, Elena-Simina T\u0103n\u0103sescu, cer\u00e2nd &#8216;finalizarea de \u00eendat\u0103 a redact\u0103rii, certific\u0103rii \u0219i transmiterii spre publicare \u00een Monitorul Oficial al Rom\u00e2niei, Partea I, a deciziilor pronun\u021bate \u00een dosarele CCR nr. 5126L2\/2025 \u0219i nr. 5127L2\/2025&#8217;.<\/p>\n<p>CCR a constatat c\u0103 ambele hot\u0103r\u00e2ri sunt neconstitu\u021bionale pentru c\u0103 cele opt locuri alocate grupurilor parlamentare \u00een consiliile de administra\u021bie ale celor dou\u0103 societ\u0103\u021bi publice trebuiau ocupate de candida\u021bii propu\u0219i potrivit configura\u021biei politice \u0219i ponderii grupurilor parlamentare \u00een Parlament.<\/p>\n<p>&#8216;\u00cen lipsa public\u0103rii, efectele unor hot\u0103r\u00e2ri a c\u0103ror neconstitu\u021bionalitate a fost deja constatat\u0103 continu\u0103. Au trecut 127 de zile calendaristice de la pronun\u021barea solu\u021biilor. Termenul de redactare a deciziilor Cur\u021bii este de cel mult 30 de zile de la pronun\u021bare. \u00cen aceste dou\u0103 cazuri, termenul s-a \u00eemplinit la 29 mai 2026 \u0219i este dep\u0103\u0219it cu 97 de zile. \u00cent\u00e2rzierea men\u021bine consecin\u021bele \u00eenc\u0103lc\u0103rii dreptului grupurilor parlamentare de a fi reprezentate \u00een consiliile de administra\u021bie ale celor dou\u0103 servicii publice \u00een conformitate cu ponderea lor parlamentar\u0103&#8217;, se arat\u0103 \u00eentr-un comunicat al AUR transmis, joi, AGERPRES.<\/p>\n<p>AUR mai vrea ca CCR s\u0103 comunice grupurilor parlamentare ale AUR stadiul redact\u0103rii deciziilor \u0219i data estimat\u0103 pentru transmiterea spre publicare.<\/p>\n<p>&#8216;Termenele prev\u0103zute de lege \u0219i punerea \u00een aplicare, f\u0103r\u0103 alte \u00eent\u00e2rzieri, a solu\u021biilor deja pronun\u021bate de Curtea Constitu\u021bional\u0103 trebuie respectate&#8217;, a ad\u0103ugat AUR. AGERPRES\/(AS &#8211; redactor: Livia Popescu, editor: Florin Marin, editor online: Simona Aru\u015ftei)<\/p>\n<\/div>\n<div class=\"mx-auto pt-3\">\n                                Afisari: 143\n                            <\/div>\n<p>[analyse_source url=&#8221;https:\/\/agerpres.ro\/politic\/2026\/09\/03\/aur-solicita-ccr-publicarea-deciziilor-privind-conducerile-tvr-si-radioului-public&#8211;1590515&#8243;]<\/p>\n","protected":false},"excerpt":{"rendered":"<p>[analyse_image type=&#8221;featured&#8221; src=&#8221;https:\/\/agerpres.ro\/data\/202609\/20260903183132_476497.jpg&#8221;] Alian\u021ba pentru Unirea Rom\u00e2nilor (AUR) solicit\u0103 Cur\u021bii Constitu\u021bionale urgentarea redact\u0103rii \u0219i transmiterii spre publicare \u00een Monitorul Oficial a deciziilor privind desemnarea membrilor Consiliilor de administra\u021bie ale Societ\u0103\u021bii Rom\u00e2ne de Televiziune (SRTV) \u0219i Societ\u0103\u021bii Rom\u00e2ne de Radiodifuziune (SRR), preciz\u00e2nd c\u0103 au trecut 127 de zile de la constatarea neconstitu\u021bionalit\u0103\u021bii. Curtea Constitu\u021bional\u0103 a Rom\u00e2niei [&hellip;]<\/p>\n","protected":false},"author":1,"featured_media":0,"comment_status":"open","ping_status":"","sticky":false,"template":"","format":"standard","meta":{"footnotes":""},"categories":[2],"tags":[37,226],"class_list":["post-2126473","post","type-post","status-publish","format-standard","hentry","category-politics","tag-agerpres-ro","tag-crawlmanager"],"_links":{"self":[{"href":"https:\/\/analyse.optim.biz\/index.php?rest_route=\/wp\/v2\/posts\/2126473","targetHints":{"allow":["GET"]}}],"collection":[{"href":"https:\/\/analyse.optim.biz\/index.php?rest_route=\/wp\/v2\/posts"}],"about":[{"href":"https:\/\/analyse.optim.biz\/index.php?rest_route=\/wp\/v2\/types\/post"}],"author":[{"embeddable":true,"href":"https:\/\/analyse.optim.biz\/index.php?rest_route=\/wp\/v2\/users\/1"}],"replies":[{"embeddable":true,"href":"https:\/\/analyse.optim.biz\/index.php?rest_route=%2Fwp%2Fv2%2Fcomments&post=2126473"}],"version-history":[{"count":0,"href":"https:\/\/analyse.optim.biz\/index.php?rest_route=\/wp\/v2\/posts\/2126473\/revisions"}],"wp:attachment":[{"href":"https:\/\/analyse.optim.biz\/index.php?rest_route=%2Fwp%2Fv2%2Fmedia&parent=2126473"}],"wp:term":[{"taxonomy":"category","embeddable":true,"href":"https:\/\/analyse.optim.biz\/index.php?rest_route=%2Fwp%2Fv2%2Fcategories&post=2126473"},{"taxonomy":"post_tag","embeddable":true,"href":"https:\/\/analyse.optim.biz\/index.php?rest_route=%2Fwp%2Fv2%2Ftags&post=2126473"}],"curies":[{"name":"wp","href":"https:\/\/api.w.org\/{rel}","templated":true}]}}