{"id":2126442,"date":"2026-09-03T00:00:00","date_gmt":"2026-09-02T21:00:00","guid":{"rendered":"https:\/\/analyse.optim.biz\/?p=2126442"},"modified":"2026-09-03T00:00:00","modified_gmt":"2026-09-02T21:00:00","slug":"bosnia-a-arestat-aproximativ-100-de-migranti-ilegali-la-frontiera-cu-croatia","status":"publish","type":"post","link":"https:\/\/analyse.optim.biz\/?p=2126442","title":{"rendered":"Bosnia a arestat aproximativ 100 de migran\u021bi ilegali la frontiera cu Croa\u021bia"},"content":{"rendered":"<p>[analyse_image type=&#8221;featured&#8221; src=&#8221;https:\/\/agerpres.ro\/data\/202609\/20260903181903_520056.jpg&#8221;]<\/p>\n<div class=\"mx-auto pt-3\">\n<p><strong>Aproximativ 100 de migran\u021bi afgani, bengalezi \u0219i pakistanezi care inten\u021bionau s\u0103 traverseze ilegal frontiera dintre Bosnia \u0219i Croa\u021bia, \u021bar\u0103 membr\u0103 a Uniunii Europene, au fost aresta\u021bi, a anun\u021bat joi poli\u021bia bosniac\u0103, potrivit AFP.<\/strong><\/p>\n<p>Dou\u0103 grupuri de persoane au fost interceptate miercuri \u00een timp ce \u00eencercau s\u0103 treac\u0103 ilegal frontiera \u00een apropiere de Bistrica, \u00een nordul Bosniei, indic\u0103 un comunicat al poli\u021biei.<\/p>\n<p>Unul dintre cele dou\u0103 grupuri cuprindea 40 de pakistanezi \u0219i 23 de bengalezi, a precizat poli\u021bia.<\/p>\n<p>\u00centr-o alt\u0103 opera\u021biune, 33 de migran\u021bi &#8211; afgani, bengalezi \u0219i pakistanezi &#8211; au fost aresta\u021bi \u00een aceea\u0219i regiune.<\/p>\n<p>Poli\u021bia a arestat dou\u0103 nave ce urmau s\u0103 \u00eei ajute pe migran\u021bi s\u0103 traverseze Sava, r\u00e2ul ce formeaz\u0103 o frontier\u0103 natural\u0103 \u00eentre Bosnia \u0219i Croa\u021bia, \u0219i a identificat dou\u0103 c\u0103l\u0103uze.<\/p>\n<p>Bosnia se situeaz\u0103 pe ruta vest-balcanic\u0103, folosit\u0103 constant de migran\u021bii ilegali pentru a ajunge \u00een Uniunea European\u0103. Pe aceast\u0103 rut\u0103 au fost semnalate 4.910 de cazuri de migra\u021bie ilegal\u0103 \u00een primele \u0219apte luni ale acestui an, cu 26% mai pu\u021bine dec\u00e2t \u00een perioada similar\u0103 a anului trecut, conform Agen\u021biei europene pentru poli\u021bia de frontier\u0103 \u0219i garda de coast\u0103 (Frontex). AGERPRES\/(AS &#8211; redactor: Tudor Martalogu, editor online:\u00a0Gabriela Badea)\u00a0<\/p>\n<\/div>\n<div class=\"mx-auto pt-3\">\n                                Afisari: 98\n                            <\/div>\n<p>[analyse_source url=&#8221;https:\/\/agerpres.ro\/politic-extern\/2026\/09\/03\/bosnia-a-arestat-aproximativ-100-de-migranti-ilegali-la-frontiera-cu-croatia&#8211;1590508&#8243;]<\/p>\n","protected":false},"excerpt":{"rendered":"<p>[analyse_image type=&#8221;featured&#8221; src=&#8221;https:\/\/agerpres.ro\/data\/202609\/20260903181903_520056.jpg&#8221;] Aproximativ 100 de migran\u021bi afgani, bengalezi \u0219i pakistanezi care inten\u021bionau s\u0103 traverseze ilegal frontiera dintre Bosnia \u0219i Croa\u021bia, \u021bar\u0103 membr\u0103 a Uniunii Europene, au fost aresta\u021bi, a anun\u021bat joi poli\u021bia bosniac\u0103, potrivit AFP. Dou\u0103 grupuri de persoane au fost interceptate miercuri \u00een timp ce \u00eencercau s\u0103 treac\u0103 ilegal frontiera \u00een apropiere de [&hellip;]<\/p>\n","protected":false},"author":1,"featured_media":0,"comment_status":"open","ping_status":"","sticky":false,"template":"","format":"standard","meta":{"footnotes":""},"categories":[2],"tags":[37,226],"class_list":["post-2126442","post","type-post","status-publish","format-standard","hentry","category-politics","tag-agerpres-ro","tag-crawlmanager"],"_links":{"self":[{"href":"https:\/\/analyse.optim.biz\/index.php?rest_route=\/wp\/v2\/posts\/2126442","targetHints":{"allow":["GET"]}}],"collection":[{"href":"https:\/\/analyse.optim.biz\/index.php?rest_route=\/wp\/v2\/posts"}],"about":[{"href":"https:\/\/analyse.optim.biz\/index.php?rest_route=\/wp\/v2\/types\/post"}],"author":[{"embeddable":true,"href":"https:\/\/analyse.optim.biz\/index.php?rest_route=\/wp\/v2\/users\/1"}],"replies":[{"embeddable":true,"href":"https:\/\/analyse.optim.biz\/index.php?rest_route=%2Fwp%2Fv2%2Fcomments&post=2126442"}],"version-history":[{"count":0,"href":"https:\/\/analyse.optim.biz\/index.php?rest_route=\/wp\/v2\/posts\/2126442\/revisions"}],"wp:attachment":[{"href":"https:\/\/analyse.optim.biz\/index.php?rest_route=%2Fwp%2Fv2%2Fmedia&parent=2126442"}],"wp:term":[{"taxonomy":"category","embeddable":true,"href":"https:\/\/analyse.optim.biz\/index.php?rest_route=%2Fwp%2Fv2%2Fcategories&post=2126442"},{"taxonomy":"post_tag","embeddable":true,"href":"https:\/\/analyse.optim.biz\/index.php?rest_route=%2Fwp%2Fv2%2Ftags&post=2126442"}],"curies":[{"name":"wp","href":"https:\/\/api.w.org\/{rel}","templated":true}]}}