{"id":2126436,"date":"2026-09-03T00:00:00","date_gmt":"2026-09-02T21:00:00","guid":{"rendered":"https:\/\/analyse.optim.biz\/?p=2126436"},"modified":"2026-09-03T00:00:00","modified_gmt":"2026-09-02T21:00:00","slug":"belgia-un-barbat-a-fost-arestat-intr-o-gara-din-bruxelles-cu-o-arma-kalasnikov","status":"publish","type":"post","link":"https:\/\/analyse.optim.biz\/?p=2126436","title":{"rendered":"Belgia: Un b\u0103rbat a fost arestat \u00eentr-o gar\u0103 din Bruxelles cu o arm\u0103 Kala\u0219nikov"},"content":{"rendered":"<p>[analyse_image type=&#8221;featured&#8221; src=&#8221;https:\/\/agerpres.ro\/data\/202609\/20260903181218_933434.jpg&#8221;]<\/p>\n<div class=\"mx-auto pt-3\">\n<p><strong>Un b\u0103rbat a fost arestat joi \u00eentr-o gar\u0103 din Bruxelles, la cobor\u00e2rea dintr-un tren, \u00een timp ce avea asupra lui o arm\u0103 de r\u0103zboi de tip Kala\u0219nikov, pe care o transporta \u00eentr-o geant\u0103, informeaz\u0103 AFP cit\u00e2nd o surs\u0103 apropiat\u0103 de anchet\u0103.<\/strong><\/p>\n<p>Arestarea a avut loc \u00een jurul orei locale 09:30 (07:30 GMT) la Gare du Midi, mare gar\u0103 interna\u021bional\u0103 din capitala Belgiei, a precizat aceast\u0103 surs\u0103.<\/p>\n<p>Potrivit cotidianul belgian La Derni\u00e8re Heure, suspectul cobora dintr-un tren care provenea din Fran\u021ba, o informa\u021bie pe care AFP-ul nu a putut-o confirma imediat.<\/p>\n<p>Parchetul din Bruxelles a refuzat orice comentariu.<\/p>\n<p>Ministrul belgian de Interne, Bernard Quintin, \u0219i-a exprimat satisfac\u021bia pentru aceast\u0103 arestare, f\u0103r\u0103 a evoca nici arma descoperit\u0103, nici profilul suspectului.<\/p>\n<p>&#8221;Pot s\u0103 v\u0103 confirm c\u0103 a avut loc o arestare \u00een aceast\u0103 diminea\u021b\u0103. Asta demonstreaz\u0103 c\u0103 \u00eent\u0103rirea patrulelor \u00een g\u0103ri cu ajutorul militarilor no\u0219tri este necesar\u0103 \u0219i trebuie s\u0103 fie continuat\u0103 \u0219i chiar extins\u0103&#8221;, a spus Quintin \u00eentr-un comunicat transmis presei.<\/p>\n<p>Potrivit unei surse apropiate de anchet\u0103, un control vamal a permis descoperirea armei ascunse de suspect. Acesta a fost re\u021binut de poli\u021bia feroviar\u0103.<\/p>\n<p><strong>Arestarea intervine pe fondul \u00eengrijor\u0103rilor autorit\u0103\u021bilor privind amploarea violen\u021belor armate legate de traficul de droguri la Bruxelles.<\/strong><\/p>\n<p>Capitala belgian\u0103 s-a confruntat la sf\u00e2r\u0219itul lui august cu un nou val de incidente armate &#8211; legate adesea de rivalit\u0103\u021bile \u00eentre bande criminale &#8211; unul dintre acestea viz\u00e2nd un comisariat de cartier \u00een care doi indivizi cagula\u021bi au tras cu arme Kala\u0219nikov. AGERPRES\/(AS &#8211; redactor: Florin \u0218tefan, editor online: Gabriela Badea)\u00a0<\/p>\n<p><strong>* Sursa foto:<\/strong>\u00a0<a href=\"https:\/\/www.b-europe.com\/EN\/Stations\/Brussels-Midi\" target=\"_blank\">www.b-europe.com<\/a>\u00a0<\/p>\n<\/div>\n<div class=\"mx-auto pt-3\">\n                                Afisari: 110\n                            <\/div>\n<p>[analyse_source url=&#8221;https:\/\/agerpres.ro\/social-extern\/2026\/09\/03\/belgia-un-barbat-a-fost-arestat-intr-o-gara-din-bruxelles-cu-o-arma-kalasnikov&#8211;1590506&#8243;]<\/p>\n","protected":false},"excerpt":{"rendered":"<p>[analyse_image type=&#8221;featured&#8221; src=&#8221;https:\/\/agerpres.ro\/data\/202609\/20260903181218_933434.jpg&#8221;] Un b\u0103rbat a fost arestat joi \u00eentr-o gar\u0103 din Bruxelles, la cobor\u00e2rea dintr-un tren, \u00een timp ce avea asupra lui o arm\u0103 de r\u0103zboi de tip Kala\u0219nikov, pe care o transporta \u00eentr-o geant\u0103, informeaz\u0103 AFP cit\u00e2nd o surs\u0103 apropiat\u0103 de anchet\u0103. Arestarea a avut loc \u00een jurul orei locale 09:30 (07:30 GMT) [&hellip;]<\/p>\n","protected":false},"author":1,"featured_media":0,"comment_status":"open","ping_status":"","sticky":false,"template":"","format":"standard","meta":{"footnotes":""},"categories":[2],"tags":[37,226],"class_list":["post-2126436","post","type-post","status-publish","format-standard","hentry","category-politics","tag-agerpres-ro","tag-crawlmanager"],"_links":{"self":[{"href":"https:\/\/analyse.optim.biz\/index.php?rest_route=\/wp\/v2\/posts\/2126436","targetHints":{"allow":["GET"]}}],"collection":[{"href":"https:\/\/analyse.optim.biz\/index.php?rest_route=\/wp\/v2\/posts"}],"about":[{"href":"https:\/\/analyse.optim.biz\/index.php?rest_route=\/wp\/v2\/types\/post"}],"author":[{"embeddable":true,"href":"https:\/\/analyse.optim.biz\/index.php?rest_route=\/wp\/v2\/users\/1"}],"replies":[{"embeddable":true,"href":"https:\/\/analyse.optim.biz\/index.php?rest_route=%2Fwp%2Fv2%2Fcomments&post=2126436"}],"version-history":[{"count":0,"href":"https:\/\/analyse.optim.biz\/index.php?rest_route=\/wp\/v2\/posts\/2126436\/revisions"}],"wp:attachment":[{"href":"https:\/\/analyse.optim.biz\/index.php?rest_route=%2Fwp%2Fv2%2Fmedia&parent=2126436"}],"wp:term":[{"taxonomy":"category","embeddable":true,"href":"https:\/\/analyse.optim.biz\/index.php?rest_route=%2Fwp%2Fv2%2Fcategories&post=2126436"},{"taxonomy":"post_tag","embeddable":true,"href":"https:\/\/analyse.optim.biz\/index.php?rest_route=%2Fwp%2Fv2%2Ftags&post=2126436"}],"curies":[{"name":"wp","href":"https:\/\/api.w.org\/{rel}","templated":true}]}}