{"id":2126345,"date":"2026-09-03T14:27:37","date_gmt":"2026-09-03T11:27:37","guid":{"rendered":"https:\/\/analyse.optim.biz\/?p=2126345"},"modified":"2026-09-03T14:27:37","modified_gmt":"2026-09-03T11:27:37","slug":"bmw-r20-la-versione-di-serie-e-ormai-pronta-a-debuttare","status":"publish","type":"post","link":"https:\/\/analyse.optim.biz\/?p=2126345","title":{"rendered":"BMW R20, la versione di serie \u00e8 ormai pronta a debuttare?"},"content":{"rendered":"<div class=\"atxt atxt--first \" id=\"part-1652477\">\n<p><span class=\"atxt-dropcap\">L<\/span>&#8216;idea di <strong>BMW<\/strong> di montare il suo pi\u00f9 <strong>grande bicilindrico boxer<\/strong> su una roadster in chiave <strong>retr\u00f2<\/strong>, molto pi\u00f9 compatta, ha suscitato grande curiosit\u00e0 fin dal debutto della <strong><a href=\"https:\/\/www.moto.it\/news\/bmw-r20-da-concept-a-realta-roadster-da-2000cc-in-arrivo.html\">Concept R20<\/a> al Concorso d&#8217;Eleganza di Villa d&#8217;Este, nel maggio 2024.<\/strong> Da allora il progetto ha proseguito il suo percorso verso la produzione con avvistamenti sempre pi\u00f9 frequenti, fino agli ultimi giorni, quando l<strong>a Casa di Monaco ha diffuso le prime immagini ravvicinate del modello praticamente definitivo.<\/strong><\/p>\n<p>Le foto e i filmati circolati confermano che <strong>la versione di produzione conserva gran parte del fascino della concept<\/strong>, pur essendo stata completamente reingegnerizzata rispetto alla show bike. Un primo indizio concreto dei progressi del progetto era arrivato gi\u00e0 <strong>lo scorso 7 maggio, quando il CEO di BMW Motorrad Markus Flasch aveva pubblicato sul proprio profilo Instagram una foto che lo ritraeva accanto a sei esemplari di R20 in tinta nero opaco,<\/strong> privi di camuffature. <strong>Ad agosto erano poi comparsi nuovi spy shot<\/strong> con un muletto quasi definitivo, dall&#8217;aspetto ibrido tra roadster retr\u00f2 e cruiser muscolare, con elementi stradali completi come scarico definitivo, catadiottri, staffa portatarga e specchietti a manubrio.<\/p>\n<\/div>\n<div class=\"atxt  \" id=\"part-1652479\">\n<p><span class=\"cms-first-letter\">I<\/span>l propulsore parte dalla base del <strong>boxer raffreddato ad aria da 1802 cc della R18<\/strong>: pur mancando conferme ufficiali sui numeri definitivi, ci si aspetta una cilindrata di circa 2000 cc (da cui la sigla R20) con una potenza stimata intorno ai <strong>100cv<\/strong> e una coppia che alcune fonti indicano vicina ai <strong>160 Nm<\/strong>, valore in linea con la vocazione della moto, pi\u00f9 orientata al tiro ai bassi regimi che alla potenza pura. Il <strong>motore a aste e bilancieri perde le coperture valvole esclusive della concept, sostituite da quelle gi\u00e0 viste sulla R18,<\/strong> qui con una finitura argento opaca al posto del cromo lucido. BMW \u00e8 comunque riuscita a mantenere i corti terminali di scarico della concept, convogliando i collettori in un unico grande silenziatore nascosto sotto il motore; gli ultimi avvistamenti mostrano anche <strong>un radiatore dell&#8217;olio pi\u00f9 generoso e un ammortizzatore di sterzo,<\/strong> entrambi assenti sulla concept originale.<\/p>\n<p>Il telaio tubolare in acciaio a doppia culla ricalca quello della concept, con differenze sottili nella forma, mentre il forcellone \u00e8 realizzato in acciaio cromo-molibdeno con trasmissione Paralever in alluminio e cardano a vista tra i due bracci oscillanti, fissati a supporti in lega pressofusa su entrambi i lati. All&#8217;anteriore, dove <strong>la concept sfoggiava forcelle \u00d6hlins ed enormi pinze freno a sei pistoncini, la versione di serie ridimensiona le pretese con freni a quattro pistoncini a marchio BMW e forcelle upside-down maggiorate, <\/strong>dall&#8217;aspetto simile alle unit\u00e0 Sachs gi\u00e0 viste sulla S1000R. Sui muletti sono state avvistate gomme <strong>Michelin Road 6<\/strong> su cerchi a raggi da 17&#8243;.<\/p>\n<\/div>\n<div class=\"atxt  \" id=\"part-1652480\">\n<p><span class=\"cms-first-letter\">C<\/span>ambia anche la posizione di guida, con <strong>pedane spostate pi\u00f9 indietro<\/strong> di alcuni centimetri rispetto alla concept del 2024 e <strong>manubrio leggermente pi\u00f9 alto<\/strong>. La sella resta singola, ma il gruppo ottico posteriore trasloca su una staffa portatarga fissata al forcellone, al posto della soluzione integrata nella coda. Compaiono infine gli elementi imposti dall&#8217;omologazione, come indicatori di direzione a LED e specchietti montati in punta al manubrio, mentre il <strong>faro anteriore riprende il disegno della concept con un anello di luci<\/strong> di posizione che circonda un proiettore centrale rettangolare.<\/p>\n<p>Gli esemplari circolati finora sono verniciati in nero opaco, ben lontani dal rosa acceso della concept: una scelta che potrebbe dipendere dallo status ancora prototipale dei mezzi, anche se dettagli come lo <strong>scarico cromato e lo stemma BMW sul serbatoio lasciano pensare che si tratti gi\u00e0 di una delle colorazioni ufficiali di gamma<\/strong>. Per la presentazione definitiva e l&#8217;annuncio dei dati tecnici completi s<strong>i dovr\u00e0 attendere ancora qualche settimana<\/strong>, con l&#8217;<strong>appuntamento di EICMA a novembre 2026 indicato dalle fonti come palcoscenico pi\u00f9 probabile, <\/strong>in vista di un avvio della produzione atteso entro il <strong>2027<\/strong>. Ormai ci siamo!<\/p>\n<\/div>\n","protected":false},"excerpt":{"rendered":"<p>L&#8216;idea di BMW di montare il suo pi\u00f9 grande bicilindrico boxer su una roadster in chiave retr\u00f2, molto pi\u00f9 compatta, ha suscitato grande curiosit\u00e0 fin dal debutto della Concept R20 al Concorso d&#8217;Eleganza di Villa d&#8217;Este, nel maggio 2024. Da allora il progetto ha proseguito il suo percorso verso la produzione con avvistamenti sempre pi\u00f9 [&hellip;]<\/p>\n","protected":false},"author":1,"featured_media":0,"comment_status":"open","ping_status":"","sticky":false,"template":"","format":"standard","meta":{"footnotes":""},"categories":[1],"tags":[226,238],"class_list":["post-2126345","post","type-post","status-publish","format-standard","hentry","category-uncategorized","tag-crawlmanager","tag-moto-it"],"_links":{"self":[{"href":"https:\/\/analyse.optim.biz\/index.php?rest_route=\/wp\/v2\/posts\/2126345","targetHints":{"allow":["GET"]}}],"collection":[{"href":"https:\/\/analyse.optim.biz\/index.php?rest_route=\/wp\/v2\/posts"}],"about":[{"href":"https:\/\/analyse.optim.biz\/index.php?rest_route=\/wp\/v2\/types\/post"}],"author":[{"embeddable":true,"href":"https:\/\/analyse.optim.biz\/index.php?rest_route=\/wp\/v2\/users\/1"}],"replies":[{"embeddable":true,"href":"https:\/\/analyse.optim.biz\/index.php?rest_route=%2Fwp%2Fv2%2Fcomments&post=2126345"}],"version-history":[{"count":0,"href":"https:\/\/analyse.optim.biz\/index.php?rest_route=\/wp\/v2\/posts\/2126345\/revisions"}],"wp:attachment":[{"href":"https:\/\/analyse.optim.biz\/index.php?rest_route=%2Fwp%2Fv2%2Fmedia&parent=2126345"}],"wp:term":[{"taxonomy":"category","embeddable":true,"href":"https:\/\/analyse.optim.biz\/index.php?rest_route=%2Fwp%2Fv2%2Fcategories&post=2126345"},{"taxonomy":"post_tag","embeddable":true,"href":"https:\/\/analyse.optim.biz\/index.php?rest_route=%2Fwp%2Fv2%2Ftags&post=2126345"}],"curies":[{"name":"wp","href":"https:\/\/api.w.org\/{rel}","templated":true}]}}