{"id":2126329,"date":"2026-09-03T14:27:37","date_gmt":"2026-09-03T11:27:37","guid":{"rendered":"https:\/\/analyse.optim.biz\/?p=2126329"},"modified":"2026-09-03T14:27:37","modified_gmt":"2026-09-03T11:27:37","slug":"weekend-nostalgic-pentru-iubitorii-de-balaceala-se-inchide-strandul-ostroveni-gazeta-valceana","status":"publish","type":"post","link":"https:\/\/analyse.optim.biz\/?p=2126329","title":{"rendered":"Weekend nostalgic pentru iubitorii de b\u0103l\u0103ceal\u0103: SE \u00ceNCHIDE \u0218trandul Ostroveni! &#8211; Gazeta V\u00e2lcean\u0103"},"content":{"rendered":"<p>[analyse_image type=&#8221;featured&#8221; src=&#8221;https:\/\/www.gazeta-valceana.ro\/wp-content\/uploads\/2026\/09\/RAMNIC-strand-generic.jpg&#8221;]<\/p>\n<article id=\"template-id-91645\" class=\"post-91645 tdb_templates type-tdb_templates status-publish post\">\n<div id=\"tdi_49\" class=\"tdc-zone\">\n<div class=\"tdc_zone tdi_50  wpb_row td-pb-row\">\n<div id=\"tdi_51\" class=\"tdc-row stretch_row_1200 td-stretch-content\">\n<div class=\"vc_row tdi_52  wpb_row td-pb-row\">\n<div class=\"vc_column tdi_54  wpb_column vc_column_container tdc-column td-pb-span8\">\n<div class=\"wpb_wrapper\">\n<div class=\"td_block_wrap tdb_title tdi_55 tdb-single-title td-pb-border-top td_block_template_1\" data-td-block-uid=\"tdi_55\">\n<div class=\"tdb-block-inner td-fix-index\">\n<h1 class=\"tdb-title-text\">Weekend nostalgic pentru iubitorii de b\u0103l\u0103ceal\u0103: SE \u00ceNCHIDE \u0218trandul Ostroveni!<\/h1>\n<\/div>\n<\/div>\n<div class=\"vc_row_inner tdi_58  vc_row vc_inner wpb_row td-pb-row tdc-row-content-vert-center\">\n<div class=\"vc_column_inner tdi_60  wpb_column vc_column_container tdc-inner-column td-pb-span12\">\n<div class=\"vc_column-inner\">\n<div class=\"wpb_wrapper\">\n<div class=\"td_block_wrap tdb_single_categories tdi_61 td-pb-border-top td_block_template_1 \" data-td-block-uid=\"tdi_61\">\n<div class=\"tdb-category td-fix-index\"><a class=\"tdb-entry-category\" href=\"https:\/\/www.gazeta-valceana.ro\/category\/administratie\/\">Administra\u0163ie<\/a><a class=\"tdb-entry-category\" href=\"https:\/\/www.gazeta-valceana.ro\/category\/entertainment\/\">Entertainment<\/a><a class=\"tdb-entry-category\" href=\"https:\/\/www.gazeta-valceana.ro\/category\/i\/\">I<\/a><\/div>\n<\/div>\n<div class=\"td_block_wrap tdb_single_date tdi_62 td-pb-border-top td_block_template_1 tdb-post-meta\" data-td-block-uid=\"tdi_62\">\n<div class=\"tdb-block-inner td-fix-index\"><time class=\"entry-date updated td-module-date\" datetime=\"2026-09-03T16:27:37+02:00\">3 septembrie 2026<\/time><\/div>\n<\/div>\n<\/div>\n<\/div>\n<\/div>\n<\/div>\n<\/div>\n<\/div>\n<\/div>\n<\/div>\n<div id=\"tdi_65\" class=\"tdc-row stretch_row_1200 td-stretch-content\">\n<div class=\"vc_row tdi_66  wpb_row td-pb-row\">\n<div class=\"vc_column tdi_68  wpb_column vc_column_container tdc-column td-pb-span8\">\n<div class=\"wpb_wrapper\">\n<div class=\"td_block_wrap tdb_single_featured_image tdi_69 tdb-content-horiz-left td-pb-border-top td_block_template_1\" data-td-block-uid=\"tdi_69\">\n<div class=\"tdb-block-inner td-fix-index\"><img loading=\"lazy\" decoding=\"async\" width=\"696\" height=\"452\" class=\"entry-thumb\" src=\"https:\/\/www.gazeta-valceana.ro\/wp-content\/uploads\/2026\/09\/RAMNIC-strand-generic-696x452.jpg\" alt title=\"RAMNIC strand generic\"><\/div>\n<\/div>\n<div class=\"td_block_wrap tdb_single_post_share tdi_70  td-pb-border-top td_block_template_1\" data-td-block-uid=\"tdi_70\">\n<div id=\"tdi_70\" class=\"td-post-sharing tdb-block td-ps-border td-ps-border-grey td-ps-notext td-ps-icon-color td-ps-text-color td-post-sharing-style16 \">\n<div class=\"td-post-sharing-visible\">\n<div class=\"td-social-sharing-button td-social-sharing-button-js td-social-handler td-social-share-text\">\n<div class=\"td-social-but-text\">Ac\u021biune<\/div>\n<\/div>\n<p><a class=\"td-social-sharing-button td-social-sharing-button-js td-social-network td-social-facebook\" href=\"https:\/\/www.facebook.com\/sharer.php?u=https%3A%2F%2Fwww.gazeta-valceana.ro%2Fadministratie%2Fweekend-nostalgic-pentru-iubitorii-de-balaceala-se-inchide-strandul-ostroveni%2F\" title=\"Facebook\"><\/p>\n<div class=\"td-social-but-text\">Facebook<\/div>\n<p><\/a><a class=\"td-social-sharing-button td-social-sharing-button-js td-social-network td-social-twitter\" href=\"https:\/\/twitter.com\/intent\/tweet?text=Weekend+nostalgic+pentru+iubitorii+de+b%C4%83l%C4%83ceal%C4%83%3A+SE+%C3%8ENCHIDE+%C8%98trandul+Ostroveni%21&amp;url=https%3A%2F%2Fwww.gazeta-valceana.ro%2Fadministratie%2Fweekend-nostalgic-pentru-iubitorii-de-balaceala-se-inchide-strandul-ostroveni%2F&amp;via=Gazeta+V%C3%A2lcean%C4%83\" title=\"Twitter\"><\/p>\n<div class=\"td-social-but-text\">Twitter<\/div>\n<p><\/a><a class=\"td-social-sharing-button td-social-sharing-button-js td-social-network td-social-pinterest\" href=\"https:\/\/pinterest.com\/pin\/create\/button\/?url=https:\/\/www.gazeta-valceana.ro\/administratie\/weekend-nostalgic-pentru-iubitorii-de-balaceala-se-inchide-strandul-ostroveni\/&amp;media=https:\/\/www.gazeta-valceana.ro\/wp-content\/uploads\/2026\/09\/RAMNIC-strand-generic.jpg&amp;description=Weekend+nostalgic+pentru+iubitorii+de+b%C4%83l%C4%83ceal%C4%83%3A+SE+%C3%8ENCHIDE+%C8%98trandul+Ostroveni%21\" title=\"Pinterest\"><\/p>\n<div class=\"td-social-but-text\">Pinterest<\/div>\n<p><\/a><a class=\"td-social-sharing-button td-social-sharing-button-js td-social-network td-social-whatsapp\" href=\"https:\/\/api.whatsapp.com\/send?text=Weekend+nostalgic+pentru+iubitorii+de+b%C4%83l%C4%83ceal%C4%83%3A+SE+%C3%8ENCHIDE+%C8%98trandul+Ostroveni%21%20%0A%0A%20https:\/\/www.gazeta-valceana.ro\/administratie\/weekend-nostalgic-pentru-iubitorii-de-balaceala-se-inchide-strandul-ostroveni\/\" title=\"WhatsApp\"><\/p>\n<div class=\"td-social-but-text\">WhatsApp<\/div>\n<p><\/a><\/div>\n<\/div>\n<\/div>\n<div class=\"td_block_wrap tdb_single_content tdi_71 td-pb-border-top td_block_template_1 td-post-content tagdiv-type\" data-td-block-uid=\"tdi_71\">\n<div class=\"tdb-block-inner td-fix-index\">\n<p>Odat\u0103 cu \u00eenceperea anului \u0219colar \u0219i terminarea perioadei de concedii, \u0218trandul Ostroveni \u00ee\u0219i va \u00eenchide por\u021bile de luni, 7 septembrie 2026. A\u0219adar, ultimele zile \u00een care r\u00e2mnicenii \u0219i vizitatorii din jude\u021bele apropiate se vor putea bucura de distrac\u021bie sau de efectele benefice asupra s\u0103n\u0103t\u0103\u021bii sunt cele de la finalul acestei s\u0103pt\u0103m\u00e2ni.<\/p>\n<p>Conform eviden\u021belor biletelor v\u00e2ndute, pe parcursul \u00eentregului sezon estival 2026, baza de agrement din sudul R\u00e2mnicului a fost vizitat\u0103 de aproape 65.000 de adul\u021bi, \u00eenso\u021bi\u021bi de aproximativ 15.000 de copii cu v\u00e2rsta de peste 5 ani, v\u00e2rful de vizitatori ating\u00e2ndu-se \u00een 28 iunie \u0219i 2 august 2026, c\u00e2nd \u0219trandul a fost vizitat de peste 4.000 de persoane. La cifrele de mai sus se adaug\u0103 \u0219i aproape 13.000 de pensionari din R\u00e2mnicu V\u00e2lcea, care au beneficiat de gratuitate la intrarea \u00een \u0219trand \u00een fiecare dintre zilele de luni \u0219i p\u00e2n\u0103 joi ale celor 14 s\u0103pt\u0103m\u00e2ni de func\u021bionare din acest sezon.<\/p>\n<\/div>\n<\/div>\n<div class=\"tdb-author-box td_block_wrap tdb_single_author_box tdi_72 tdb-content-vert-top td-pb-border-top td_block_template_1\" data-td-block-uid=\"tdi_72\">\n<div class=\"tdb-block-inner td-fix-index\"><a href=\"https:\/\/www.gazeta-valceana.ro\/author\/redactia\/\" class=\"tdb-author-photo\" title=\"Redactia\"><img decoding=\"async\" alt=\"Redactia\" src=\"https:\/\/secure.gravatar.com\/avatar\/d9699bfd17d7f55fcf6bbdfb0214d48a942c5fd23a1db27f4a803a8d0651670f?s=500&amp;d=mm&amp;r=g\" class=\"avatar avatar-500 photo\" height=\"500\" width=\"500\" loading=\"lazy\"><\/a><\/p>\n<div class=\"tdb-author-info\"><a href=\"https:\/\/www.gazeta-valceana.ro\/author\/redactia\/\" class=\"tdb-author-name\">Redactia<\/a><\/div>\n<\/div>\n<\/div>\n<\/div>\n<\/div>\n<div class=\"vc_column tdi_76  wpb_column vc_column_container tdc-column td-pb-span4 td-is-sticky\">\n<div class=\"wpb_wrapper\" data-sticky-enabled-on=\"W3RydWUsdHJ1ZSx0cnVlLHRydWVd\" data-sticky-offset=\"20\" data-sticky-is-width-auto=\"W2ZhbHNlLGZhbHNlLGZhbHNlLGZhbHNlXQ==\">\n<div class=\"vc_row_inner tdi_81  vc_row vc_inner wpb_row td-pb-row tdc-row-content-vert-center\">\n<div class=\"vc_column_inner tdi_83  wpb_column vc_column_container tdc-inner-column td-pb-span12\">\n<div class=\"vc_column-inner\">\n<div class=\"wpb_wrapper\">\n<div class=\"tdm_block td_block_wrap tdm_block_inline_text tdi_86 tdm-inline-block td-pb-border-top td_block_template_1\" data-td-block-uid=\"tdi_86\">\n<p class=\"tdm-descr\">Ultimele articole<\/p>\n<\/div>\n<\/div>\n<\/div>\n<\/div>\n<\/div>\n<div class=\"td_block_wrap td_flex_block_1 tdi_87 td-pb-border-top td_block_template_1 td_flex_block\" data-td-block-uid=\"tdi_87\">\n<div id=\"tdi_87\" class=\"td_block_inner td-mc1-wrap\">\n<div class=\"td_module_flex td_module_flex_1 td_module_wrap td-animation-stack td-cpt-post\">\n<div class=\"td-module-container td-category-pos-\">\n<div class=\"td-module-meta-info\">\n<h3 class=\"entry-title td-module-title\"><a href=\"https:\/\/www.gazeta-valceana.ro\/administratie\/vestea-zilei-cet-govora-anunta-racordarea-cazanelor-de-apa-fierbinte-de-la-centrala-apartinand-consiliului-judetean-valcea-la-reteaua-de-termoficare-a-orasului\/\" rel=\"bookmark\" title=\"VESTEA ZILEI! CET Govora anun\u021b\u0103 racordarea cazanelor de ap\u0103 fierbinte de la centrala apar\u021bin\u00e2nd Consiliului Jude\u021bean V\u00e2lcea la re\u021beaua de termoficare a ora\u0219ului\">VESTEA ZILEI! CET Govora anun\u021b\u0103 racordarea cazanelor de ap\u0103 fierbinte de la centrala apar\u021bin\u00e2nd Consiliului Jude\u021bean V\u00e2lcea la re\u021beaua de termoficare a ora\u0219ului<\/a><\/h3>\n<div class=\"td-editor-date\"><span class=\"td-author-date\"><span class=\"td-post-date\"><time class=\"entry-date updated td-module-date\" datetime=\"2026-09-03T16:05:26+02:00\">3 septembrie 2026<\/time><\/span><\/span><\/div>\n<\/div>\n<\/div>\n<\/div>\n<div class=\"td_module_flex td_module_flex_1 td_module_wrap td-animation-stack td-cpt-post\">\n<div class=\"td-module-container td-category-pos-\">\n<div class=\"td-module-meta-info\">\n<h3 class=\"entry-title td-module-title\"><a href=\"https:\/\/www.gazeta-valceana.ro\/administratie\/lista-localitatilor-din-judetul-valcea-in-care-sunt-montate-radare-fixe\/\" rel=\"bookmark\" title=\"LISTA localit\u0103\u021bilor din jude\u021bul V\u00e2lcea \u00een care sunt montate radare fixe\">LISTA localit\u0103\u021bilor din jude\u021bul V\u00e2lcea \u00een care sunt montate radare fixe<\/a><\/h3>\n<div class=\"td-editor-date\"><span class=\"td-author-date\"><span class=\"td-post-date\"><time class=\"entry-date updated td-module-date\" datetime=\"2026-09-03T15:51:09+02:00\">3 septembrie 2026<\/time><\/span><\/span><\/div>\n<\/div>\n<\/div>\n<\/div>\n<div class=\"td_module_flex td_module_flex_1 td_module_wrap td-animation-stack td-cpt-post\">\n<div class=\"td-module-container td-category-pos-\">\n<div class=\"td-module-meta-info\">\n<h3 class=\"entry-title td-module-title\"><a href=\"https:\/\/www.gazeta-valceana.ro\/i\/scoli-din-judetul-valcea-amendate-inainte-de-inceperea-anului-scolar-pompierii-anunta-ce-deficiente-au-constatat\/\" rel=\"bookmark\" title=\"\u0218COLI din jude\u021bul V\u00e2lcea, amendate \u00eenainte de \u00eenceperea anului \u0219colar! POMPIERII anun\u021b\u0103 ce deficien\u021be au constatat\">\u0218COLI din jude\u021bul V\u00e2lcea, amendate \u00eenainte de \u00eenceperea anului \u0219colar! POMPIERII anun\u021b\u0103 ce deficien\u021be au constatat<\/a><\/h3>\n<div class=\"td-editor-date\"><span class=\"td-author-date\"><span class=\"td-post-date\"><time class=\"entry-date updated td-module-date\" datetime=\"2026-09-03T13:34:49+02:00\">3 septembrie 2026<\/time><\/span><\/span><\/div>\n<\/div>\n<\/div>\n<\/div>\n<div class=\"td_module_flex td_module_flex_1 td_module_wrap td-animation-stack td-cpt-post\">\n<div class=\"td-module-container td-category-pos-\">\n<div class=\"td-module-meta-info\">\n<h3 class=\"entry-title td-module-title\"><a href=\"https:\/\/www.gazeta-valceana.ro\/anchetedezvaluri\/i-a-indus-in-eroare-pe-ardeleni-un-barbat-din-valcea-a-dat-teapa-de-peste-cinci-miliarde-de-lei-vechi-unei-firme-de-peste-carpati\/\" rel=\"bookmark\" title=\"I-a indus \u00een eroare pe ardeleni! Un b\u0103rbat din V\u00e2lcea a dat \u021beap\u0103 de peste cinci miliarde de lei vechi unei firme de peste Carpa\u021bi\">I-a indus \u00een eroare pe ardeleni! Un b\u0103rbat din V\u00e2lcea a dat \u021beap\u0103 de peste cinci miliarde de lei vechi unei firme de peste&#8230;<\/a><\/h3>\n<div class=\"td-editor-date\"><span class=\"td-author-date\"><span class=\"td-post-date\"><time class=\"entry-date updated td-module-date\" datetime=\"2026-09-03T12:49:21+02:00\">3 septembrie 2026<\/time><\/span><\/span><\/div>\n<\/div>\n<\/div>\n<\/div>\n<\/div>\n<\/div>\n<\/div>\n<\/div>\n<\/div>\n<\/div>\n<div id=\"tdi_95\" class=\"tdc-row stretch_row_1200 td-stretch-content\">\n<div class=\"vc_row tdi_96  wpb_row td-pb-row\">\n<div class=\"vc_column tdi_98  wpb_column vc_column_container tdc-column td-pb-span12\">\n<div class=\"wpb_wrapper\">\n<div class=\"td_block_wrap tdb_single_next_prev tdi_99 td-pb-border-top td_block_template_1\" data-td-block-uid=\"tdi_99\">\n<div class=\"tdb-block-inner td-fix-index\">\n<div class=\"tdb-next-post tdb-next-post-bg tdb-post-prev\"><span>Articolul precedent<\/span><\/p>\n<div class=\"td-module-container\">\n<div class=\"next-prev-title\"><a href=\"https:\/\/www.gazeta-valceana.ro\/administratie\/vestea-zilei-cet-govora-anunta-racordarea-cazanelor-de-apa-fierbinte-de-la-centrala-apartinand-consiliului-judetean-valcea-la-reteaua-de-termoficare-a-orasului\/\">VESTEA ZILEI! CET Govora anun\u021b\u0103 racordarea cazanelor de ap\u0103 fierbinte de la centrala apar\u021bin\u00e2nd Consiliului Jude\u021bean V\u00e2lcea la re\u021beaua de termoficare a ora\u0219ului<\/a><\/div>\n<\/div>\n<\/div>\n<\/div>\n<\/div>\n<div class=\"vc_row_inner tdi_101  vc_row vc_inner wpb_row td-pb-row tdc-row-content-vert-center\">\n<div class=\"vc_column_inner tdi_103  wpb_column vc_column_container tdc-inner-column td-pb-span12\">\n<div class=\"vc_column-inner\">\n<div class=\"wpb_wrapper\">\n<div class=\"tdm_block td_block_wrap tdm_block_inline_text tdi_106 tdm-inline-block td-pb-border-top td_block_template_1\" data-td-block-uid=\"tdi_106\">\n<p class=\"tdm-descr\">Related articles<\/p>\n<\/div>\n<\/div>\n<\/div>\n<\/div>\n<\/div>\n<div class=\"td_block_wrap tdb_single_related tdi_107 td_with_ajax_pagination td-pb-border-top td_block_template_1 tdb-single-related-posts\" data-td-block-uid=\"tdi_107\">\n<div id=\"tdi_107\" class=\"td_block_inner tdb-block-inner td-fix-index\">\n<div class=\"tdb_module_related td_module_wrap td-animation-stack\">\n<div class=\"td-module-container td-category-pos-\">\n<div class=\"td-module-meta-info\">\n<h3 class=\"entry-title td-module-title\"><a href=\"https:\/\/www.gazeta-valceana.ro\/administratie\/vestea-zilei-cet-govora-anunta-racordarea-cazanelor-de-apa-fierbinte-de-la-centrala-apartinand-consiliului-judetean-valcea-la-reteaua-de-termoficare-a-orasului\/\" rel=\"bookmark\" title=\"VESTEA ZILEI! CET Govora anun\u021b\u0103 racordarea cazanelor de ap\u0103 fierbinte de la centrala apar\u021bin\u00e2nd Consiliului Jude\u021bean V\u00e2lcea la re\u021beaua de termoficare a ora\u0219ului\">VESTEA ZILEI! CET Govora anun\u021b\u0103 racordarea cazanelor de ap\u0103 fierbinte de la centrala apar\u021bin\u00e2nd Consiliului Jude\u021bean V\u00e2lcea la re\u021beaua de termoficare a ora\u0219ului<\/a><\/h3>\n<div class=\"td-editor-date\"><a href=\"https:\/\/www.gazeta-valceana.ro\/category\/administratie\/\" class=\"td-post-category\">Administra\u0163ie<\/a><span class=\"td-author-date\"><span class=\"td-post-date\"><time class=\"entry-date updated td-module-date\" datetime=\"2026-09-03T16:05:26+02:00\">3 septembrie 2026<\/time><\/span><\/span><\/div>\n<\/div>\n<\/div>\n<\/div>\n<div class=\"tdb_module_related td_module_wrap td-animation-stack\">\n<div class=\"td-module-container td-category-pos-\">\n<div class=\"td-module-meta-info\">\n<h3 class=\"entry-title td-module-title\"><a href=\"https:\/\/www.gazeta-valceana.ro\/administratie\/lista-localitatilor-din-judetul-valcea-in-care-sunt-montate-radare-fixe\/\" rel=\"bookmark\" title=\"LISTA localit\u0103\u021bilor din jude\u021bul V\u00e2lcea \u00een care sunt montate radare fixe\">LISTA localit\u0103\u021bilor din jude\u021bul V\u00e2lcea \u00een care sunt montate radare fixe<\/a><\/h3>\n<div class=\"td-editor-date\"><a href=\"https:\/\/www.gazeta-valceana.ro\/category\/administratie\/\" class=\"td-post-category\">Administra\u0163ie<\/a><span class=\"td-author-date\"><span class=\"td-post-date\"><time class=\"entry-date updated td-module-date\" datetime=\"2026-09-03T15:51:09+02:00\">3 septembrie 2026<\/time><\/span><\/span><\/div>\n<\/div>\n<\/div>\n<\/div>\n<div class=\"tdb_module_related td_module_wrap td-animation-stack\">\n<div class=\"td-module-container td-category-pos-\">\n<div class=\"td-module-meta-info\">\n<h3 class=\"entry-title td-module-title\"><a href=\"https:\/\/www.gazeta-valceana.ro\/i\/scoli-din-judetul-valcea-amendate-inainte-de-inceperea-anului-scolar-pompierii-anunta-ce-deficiente-au-constatat\/\" rel=\"bookmark\" title=\"\u0218COLI din jude\u021bul V\u00e2lcea, amendate \u00eenainte de \u00eenceperea anului \u0219colar! POMPIERII anun\u021b\u0103 ce deficien\u021be au constatat\">\u0218COLI din jude\u021bul V\u00e2lcea, amendate \u00eenainte de \u00eenceperea anului \u0219colar! POMPIERII anun\u021b\u0103 ce deficien\u021be au constatat<\/a><\/h3>\n<div class=\"td-editor-date\"><a href=\"https:\/\/www.gazeta-valceana.ro\/category\/i\/\" class=\"td-post-category\">I<\/a><span class=\"td-author-date\"><span class=\"td-post-date\"><time class=\"entry-date updated td-module-date\" datetime=\"2026-09-03T13:34:49+02:00\">3 septembrie 2026<\/time><\/span><\/span><\/div>\n<\/div>\n<\/div>\n<\/div>\n<\/div>\n<\/div>\n<\/div>\n<\/div>\n<\/div>\n<\/div>\n<div id=\"tdi_114\" class=\"tdc-row stretch_row_1200 td-stretch-content\">\n<div class=\"vc_row tdi_115  wpb_row td-pb-row\">\n<div class=\"vc_column tdi_120  wpb_column vc_column_container tdc-column td-pb-span4 td-is-sticky\">\n<div class=\"wpb_wrapper\" data-sticky-enabled-on=\"W3RydWUsdHJ1ZSx0cnVlLHRydWVd\" data-sticky-offset=\"20\" data-sticky-is-width-auto=\"W2ZhbHNlLGZhbHNlLGZhbHNlLGZhbHNlXQ==\">\n<div class=\"td_block_wrap td-a-rec td-a-rec-id-custom-spot td-a-rec-img tdi_121 td_block_template_1\">\n<div><a href=\"https:\/\/www.gazeta-valceana.ro\/administratie\/weekend-nostalgic-pentru-iubitorii-de-balaceala-se-inchide-strandul-ostroveni\/\" class=\"td_spot_img_all\"><img loading=\"lazy\" decoding=\"async\" src=\"https:\/\/www.gazeta-valceana.ro\/wp-content\/uploads\/2025\/01\/image-4.jpg\" alt=\"spot_img\" width=\"347\" height=\"277\"><\/a><a href=\"https:\/\/www.gazeta-valceana.ro\/administratie\/weekend-nostalgic-pentru-iubitorii-de-balaceala-se-inchide-strandul-ostroveni\/\" class=\"td_spot_img_mob\"><img loading=\"lazy\" decoding=\"async\" src=\"https:\/\/www.gazeta-valceana.ro\/wp-content\/uploads\/2025\/01\/image-4.jpg\" alt=\"spot_img\" width=\"347\" height=\"247\"><\/a><\/div>\n<\/div>\n<div class=\"td_block_wrap td-a-rec td-a-rec-id-custom-spot td-a-rec-img tdi_122 td_block_template_1\">\n<div><a href=\"https:\/\/www.gazeta-valceana.ro\/administratie\/weekend-nostalgic-pentru-iubitorii-de-balaceala-se-inchide-strandul-ostroveni\/\" class=\"td_spot_img_all\"><img loading=\"lazy\" decoding=\"async\" src=\"https:\/\/www.gazeta-valceana.ro\/wp-content\/uploads\/2025\/01\/image-5.jpg\" alt=\"spot_img\" width=\"347\" height=\"277\"><\/a><a href=\"https:\/\/www.gazeta-valceana.ro\/administratie\/weekend-nostalgic-pentru-iubitorii-de-balaceala-se-inchide-strandul-ostroveni\/\" class=\"td_spot_img_mob\"><img loading=\"lazy\" decoding=\"async\" src=\"https:\/\/www.gazeta-valceana.ro\/wp-content\/uploads\/2025\/01\/image-5.jpg\" alt=\"spot_img\" width=\"347\" height=\"247\"><\/a><\/div>\n<\/div>\n<div class=\"td_block_wrap td-a-rec td-a-rec-id-custom-spot td-a-rec-img tdi_123 td_block_template_1\">\n<div><a href=\"https:\/\/www.gazeta-valceana.ro\/administratie\/weekend-nostalgic-pentru-iubitorii-de-balaceala-se-inchide-strandul-ostroveni\/\" class=\"td_spot_img_all\"><img loading=\"lazy\" decoding=\"async\" src=\"https:\/\/www.gazeta-valceana.ro\/wp-content\/uploads\/2025\/01\/image-3.jpeg\" alt=\"spot_img\" width=\"347\" height=\"277\"><\/a><a href=\"https:\/\/www.gazeta-valceana.ro\/administratie\/weekend-nostalgic-pentru-iubitorii-de-balaceala-se-inchide-strandul-ostroveni\/\" class=\"td_spot_img_mob\"><img loading=\"lazy\" decoding=\"async\" src=\"https:\/\/www.gazeta-valceana.ro\/wp-content\/uploads\/2025\/01\/image-3.jpeg\" alt=\"spot_img\" width=\"347\" height=\"247\"><\/a><\/div>\n<\/div>\n<\/div>\n<\/div>\n<\/div>\n<\/div>\n<\/div>\n<\/div>\n<p><span class=\"td-page-meta\"><\/span><span class=\"td-page-meta\"><span class=\"td-page-meta\"><\/span><\/span><span class=\"td-page-meta\"><\/span><\/article>\n<\/p>\n<div class=\"td_block_wrap tdb_single_content tdi_71 td-pb-border-top td_block_template_1 td-post-content tagdiv-type\" data-td-block-uid=\"tdi_71\">\n<div class=\"tdb-block-inner td-fix-index\">\n<p>Odat\u0103 cu \u00eenceperea anului \u0219colar \u0219i terminarea perioadei de concedii, \u0218trandul Ostroveni \u00ee\u0219i va \u00eenchide por\u021bile de luni, 7 septembrie 2026. A\u0219adar, ultimele zile \u00een care r\u00e2mnicenii \u0219i vizitatorii din jude\u021bele apropiate se vor putea bucura de distrac\u021bie sau de efectele benefice asupra s\u0103n\u0103t\u0103\u021bii sunt cele de la finalul acestei s\u0103pt\u0103m\u00e2ni.<\/p>\n<p>Conform eviden\u021belor biletelor v\u00e2ndute, pe parcursul \u00eentregului sezon estival 2026, baza de agrement din sudul R\u00e2mnicului a fost vizitat\u0103 de aproape 65.000 de adul\u021bi, \u00eenso\u021bi\u021bi de aproximativ 15.000 de copii cu v\u00e2rsta de peste 5 ani, v\u00e2rful de vizitatori ating\u00e2ndu-se \u00een 28 iunie \u0219i 2 august 2026, c\u00e2nd \u0219trandul a fost vizitat de peste 4.000 de persoane. La cifrele de mai sus se adaug\u0103 \u0219i aproape 13.000 de pensionari din R\u00e2mnicu V\u00e2lcea, care au beneficiat de gratuitate la intrarea \u00een \u0219trand \u00een fiecare dintre zilele de luni \u0219i p\u00e2n\u0103 joi ale celor 14 s\u0103pt\u0103m\u00e2ni de func\u021bionare din acest sezon.<\/p>\n<\/div>\n<\/div>\n<p>Odat\u0103 cu \u00eenceperea anului \u0219colar \u0219i terminarea perioadei de concedii, \u0218trandul Ostroveni \u00ee\u0219i va \u00eenchide por\u021bile de luni, 7 septembrie 2026. A\u0219adar, ultimele zile \u00een care r\u00e2mnicenii \u0219i vizitatorii din jude\u021bele apropiate se vor putea bucura de distrac\u021bie sau de efectele benefice asupra s\u0103n\u0103t\u0103\u021bii sunt cele de la finalul acestei s\u0103pt\u0103m\u00e2ni.<\/p>\n<p>Conform eviden\u021belor biletelor v\u00e2ndute, pe parcursul \u00eentregului sezon estival 2026, baza de agrement din sudul R\u00e2mnicului a fost vizitat\u0103 de aproape 65.000 de adul\u021bi, \u00eenso\u021bi\u021bi de aproximativ 15.000 de copii cu v\u00e2rsta de peste 5 ani, v\u00e2rful de vizitatori ating\u00e2ndu-se \u00een 28 iunie \u0219i 2 august 2026, c\u00e2nd \u0219trandul a fost vizitat de peste 4.000 de persoane. La cifrele de mai sus se adaug\u0103 \u0219i aproape 13.000 de pensionari din R\u00e2mnicu V\u00e2lcea, care au beneficiat de gratuitate la intrarea \u00een \u0219trand \u00een fiecare dintre zilele de luni \u0219i p\u00e2n\u0103 joi ale celor 14 s\u0103pt\u0103m\u00e2ni de func\u021bionare din acest sezon.<\/p>\n<p>[analyse_source url=&#8221;https:\/\/www.gazeta-valceana.ro\/administratie\/weekend-nostalgic-pentru-iubitorii-de-balaceala-se-inchide-strandul-ostroveni\/&#8221;]<\/p>\n","protected":false},"excerpt":{"rendered":"<p>[analyse_image type=&#8221;featured&#8221; src=&#8221;https:\/\/www.gazeta-valceana.ro\/wp-content\/uploads\/2026\/09\/RAMNIC-strand-generic.jpg&#8221;] Weekend nostalgic pentru iubitorii de b\u0103l\u0103ceal\u0103: SE \u00ceNCHIDE \u0218trandul Ostroveni! Administra\u0163ieEntertainmentI 3 septembrie 2026 Ac\u021biune Facebook Twitter Pinterest WhatsApp Odat\u0103 cu \u00eenceperea anului \u0219colar \u0219i terminarea perioadei de concedii, \u0218trandul Ostroveni \u00ee\u0219i va \u00eenchide por\u021bile de luni, 7 septembrie 2026. A\u0219adar, ultimele zile \u00een care r\u00e2mnicenii \u0219i vizitatorii din jude\u021bele apropiate se [&hellip;]<\/p>\n","protected":false},"author":1,"featured_media":0,"comment_status":"open","ping_status":"","sticky":false,"template":"","format":"standard","meta":{"footnotes":""},"categories":[89],"tags":[226,214],"class_list":["post-2126329","post","type-post","status-publish","format-standard","hentry","category-romania","tag-crawlmanager","tag-gazetavalceana-ro"],"_links":{"self":[{"href":"https:\/\/analyse.optim.biz\/index.php?rest_route=\/wp\/v2\/posts\/2126329","targetHints":{"allow":["GET"]}}],"collection":[{"href":"https:\/\/analyse.optim.biz\/index.php?rest_route=\/wp\/v2\/posts"}],"about":[{"href":"https:\/\/analyse.optim.biz\/index.php?rest_route=\/wp\/v2\/types\/post"}],"author":[{"embeddable":true,"href":"https:\/\/analyse.optim.biz\/index.php?rest_route=\/wp\/v2\/users\/1"}],"replies":[{"embeddable":true,"href":"https:\/\/analyse.optim.biz\/index.php?rest_route=%2Fwp%2Fv2%2Fcomments&post=2126329"}],"version-history":[{"count":0,"href":"https:\/\/analyse.optim.biz\/index.php?rest_route=\/wp\/v2\/posts\/2126329\/revisions"}],"wp:attachment":[{"href":"https:\/\/analyse.optim.biz\/index.php?rest_route=%2Fwp%2Fv2%2Fmedia&parent=2126329"}],"wp:term":[{"taxonomy":"category","embeddable":true,"href":"https:\/\/analyse.optim.biz\/index.php?rest_route=%2Fwp%2Fv2%2Fcategories&post=2126329"},{"taxonomy":"post_tag","embeddable":true,"href":"https:\/\/analyse.optim.biz\/index.php?rest_route=%2Fwp%2Fv2%2Ftags&post=2126329"}],"curies":[{"name":"wp","href":"https:\/\/api.w.org\/{rel}","templated":true}]}}