{"id":2126323,"date":"2026-09-03T09:32:51","date_gmt":"2026-09-03T06:32:51","guid":{"rendered":"https:\/\/analyse.optim.biz\/?p=2126323"},"modified":"2026-09-03T09:32:51","modified_gmt":"2026-09-03T06:32:51","slug":"tulcea-strada-bunavestire-festival-de-muzica-veche-si-traditii-urbane","status":"publish","type":"post","link":"https:\/\/analyse.optim.biz\/?p=2126323","title":{"rendered":"Tulcea: Strada Bunavestire \u2013 Festival de muzic\u0103 veche \u0219i tradi\u021bii urbane"},"content":{"rendered":"<p>[analyse_image type=&#8221;featured&#8221; src=&#8221;https:\/\/dobrogeanews.b-cdn.net\/wp-content\/uploads\/2026\/09\/Strada-Bunavestire-festival-de-muzica-veche-si-traditii-urbane.jpg&#8221;]<\/p>\n<div id=\"post-73286\" class=\"entry single-default post-73286 post type-post status-publish format-standard has-post-thumbnail hentry category-info\">\n<div>\n<div class=\"ss-follow-wrapper ss-clearfix ss-regular-buttons ss-columns-1 ss-default-style\">\n<div class=\"ss-follow-column\" data-ss-sf-network-id=\"&quot;facebook&quot;\"><a href=\"https:\/\/www.facebook.com\/dobrogeanews\" class=\"ss-follow-network ss-facebook-color\" rel=\"nofollow noopener\" aria-label=\"facebook\" target=\"_blank\"><span class=\"ss-follow-network-label\">Urm\u0103re\u015fte-ne \u015fi pe Facebook!<\/span><span class=\"ss-follow-network-count\"><span class=\"ss-follow-network-count-number\">57K<\/span><span class=\"ss-follow-network-count-label\">Followers<\/span><\/span><\/a><\/div>\n<\/div>\n<\/div>\n<p>Strada Bunavestire din Tulcea, devine pentru un weekend, pietonal\u0103 (\u00eentre str. Traian \u0219i Victoriei) pentru un eveniment cu aspect de secol nou\u0103sprezece. Astfel, \u00een perioada \ud835\udfd2 \u2013 \ud835\udfd4 Septembrie 2026, strada Bunavestire va fi \u00eenchis\u0103 circula\u021biei rutiere pentru desf\u0103\u0219urarea evenimentului \u201eStrada Bunavestire \u2013 Festival de muzic\u0103 veche \u0219i tradi\u021bii urbane\u201d, o ini\u021biativ\u0103 cultural\u0103 local\u0103 organizat\u0103 de Asocia\u021bia Dobrogenius \u0219i finan\u021bat\u0103 integral din fonduri private.<\/p>\n<figure class=\"wp-block-image size-full is-resized\">\n<source type=\"image\/webp\" data-lazy-srcset=\"https:\/\/dobrogeanews.b-cdn.net\/wp-content\/uploads\/2026\/09\/Strada-Bunavestire-festival-de-muzica-veche-si-traditii-urbane.jpg.webp 2560w, https:\/\/dobrogeanews.b-cdn.net\/wp-content\/uploads\/2026\/09\/Strada-Bunavestire-festival-de-muzica-veche-si-traditii-urbane-300x200.jpg.webp 300w, https:\/\/dobrogeanews.b-cdn.net\/wp-content\/uploads\/2026\/09\/Strada-Bunavestire-festival-de-muzica-veche-si-traditii-urbane-1024x683.jpg.webp 1024w, https:\/\/dobrogeanews.b-cdn.net\/wp-content\/uploads\/2026\/09\/Strada-Bunavestire-festival-de-muzica-veche-si-traditii-urbane-768x512.jpg.webp 768w, https:\/\/dobrogeanews.b-cdn.net\/wp-content\/uploads\/2026\/09\/Strada-Bunavestire-festival-de-muzica-veche-si-traditii-urbane-1536x1025.jpg.webp 1536w, https:\/\/dobrogeanews.b-cdn.net\/wp-content\/uploads\/2026\/09\/Strada-Bunavestire-festival-de-muzica-veche-si-traditii-urbane-2048x1366.jpg.webp 2048w\" sizes=\"(max-width: 640px) 100vw, 640px\" \/><br \/>\n<img loading=\"lazy\" decoding=\"async\" src=\"https:\/\/dobrogeanews.b-cdn.net\/wp-content\/uploads\/2026\/09\/Strada-Bunavestire-festival-de-muzica-veche-si-traditii-urbane.jpg\" alt=\"Tulcea Strada Bunavestire festival de muzic\u0103 veche \u0219i tradi\u021bii urbane\" width=\"640\" height=\"427\"><\/figure>\n<p>Un festival care \u00ee\u0219i propune s\u0103 redescopere una dintre str\u0103zile vechi ale Tulcei \u0219i s\u0103 o transforme, pentru c\u00e2teva zile, \u00eentr-un spa\u021biu viu pentru muzic\u0103, patrimoniu \u0219i \u00eent\u00e2lniri \u00eentre oameni. Boieri \u0219i cuconi\u021be, t\u00e2rgove\u021bi \u0219i drume\u021bi, veni\u021bi s\u0103 asculta\u021bi muzic\u0103 bun\u0103, s\u0103 me\u0219teri\u021bi pasmanterii \u0219i s\u0103 v\u0103 prinde\u021bi \u00een hora vremilor de demult cu n\u0103ravurile de azi<\/p>\n<p>\u00cen program: concerte de muzic\u0103 veche sus\u021binute de trupe precum Trei Parale, Anton Pann, Huniadi Cantores, Pipers of Transylvania (Cimpoierii din Transilvania) \u0219i Spiritual Season<strong>,<\/strong> t\u00e2rg de antichit\u0103\u021bi, ateliere creative \u0219i parad\u0103 de costume de epoc\u0103. <\/p>\n<p>Pentru desf\u0103\u0219urarea \u00een condi\u021bii de siguran\u021b\u0103 a evenimentului, circula\u021bia rutier\u0103 pe strada Bunavestire va fi \u00eenchis\u0103 \u00een perioada 4 \u2013 6 septembrie. <strong>Ruta alternativ\u0103<\/strong>: \ud835\udc2c\ud835\udc2d\ud835\udc2b. \ud835\udc03\ud835\udc1e\ud835\udc1c\ud835\udc1e\ud835\udc1b\ud835\udc1a\ud835\udc25 \u2013 \ud835\udc0f\ud835\udc2b\ud835\udc28\ud835\udc20\ud835\udc2b\ud835\udc1e\ud835\udc2c\ud835\udc2e\ud835\udc25\ud835\udc2e\ud835\udc22 \u2013 \ud835\udc15\ud835\udc22\ud835\udc1c\ud835\udc2d\ud835\udc28\ud835\udc2b\ud835\udc22\ud835\udc1e\ud835\udc22, cu o abatere de aproximativ 2 minute.<\/p>\n<p>Sunt a\u0219tepta\u021bi s\u0103 descopere, timp de trei zile, o alt\u0103 fa\u021b\u0103 a str\u0103zii Bunavestire, \u00eentr-o \u00eent\u00e2lnire cu muzica veche, pove\u0219tile ora\u0219ului, obiecte \u0219i costume din alte vremuri.<\/p>\n<div class=\"monsterinsights-inline-popular-posts monsterinsights-inline-popular-posts-charlie monsterinsights-popular-posts-styled\">\n<div class=\"monsterinsights-inline-popular-posts-text\"><span class=\"monsterinsights-inline-popular-posts-label\">Vezi \u0219i:<\/span><\/p>\n<div class=\"monsterinsights-inline-popular-posts-post\"><a class=\"monsterinsights-inline-popular-posts-title\" href=\"https:\/\/www.dobrogeanews.ro\/tulcea-august-2026-baschet-european-festivaluri-internationale-seri-de-poveste-pe-malul-dunarii\/\">Tulcea, August 2026: Baschet european, Festivaluri interna\u021bionale, seri de poveste pe malul Dun\u0103rii<\/a><\/div>\n<div class=\"monsterinsights-inline-popular-posts-post\"><a class=\"monsterinsights-inline-popular-posts-title\" href=\"https:\/\/www.dobrogeanews.ro\/stefan-ilie-primar-tulcea-stam-mai-mult-decat-bine-la-proiectele-finantate-prin-pnrr-am-finalizat-majoritatea-lucrarilor-suntem-optimisti-dupa-dialogul-cu-premierul-bolojan\/\">\u0218tefan Ilie, primar Tulcea: St\u0103m mai mult dec\u00e2t bine la proiectele finan\u021bate prin PNRR. Am finalizat majoritatea lucr\u0103rilor. Suntem optimi\u0219ti dup\u0103 dialogul cu premierul Bolojan<\/a><\/div>\n<div class=\"monsterinsights-inline-popular-posts-post\"><a class=\"monsterinsights-inline-popular-posts-title\" href=\"https:\/\/www.dobrogeanews.ro\/totemuri-noi-la-intrarea-in-comuna-baia-poarta-de-intrare-in-judetul-tulcea\/\">Totemuri noi la intrarea \u00een comuna Baia, poarta de intrare \u00een jude\u021bul Tulcea<\/a><\/div>\n<\/div>\n<\/div>\n<p class=\"has-text-align-center has-white-color has-text-color has-background\"><span><a href=\"https:\/\/news.google.com\/publications\/CAAqBwgKMIu5pgsw88O-Aw?ceid=RO:ro&amp;oc=3\">Urm\u0103ri\u0163i \u015etirile Dobrogeanews \u015fi pe Google News<\/a><\/span><\/p>\n<\/div>\n<div id=\"post-73286\" class=\"entry single-default post-73286 post type-post status-publish format-standard has-post-thumbnail hentry category-info\">\n<div>\n<div class=\"ss-follow-wrapper ss-clearfix ss-regular-buttons ss-columns-1 ss-default-style\">\n<div class=\"ss-follow-column\" data-ss-sf-network-id=\"&quot;facebook&quot;\"><a href=\"https:\/\/www.facebook.com\/dobrogeanews\" class=\"ss-follow-network ss-facebook-color\" rel=\"nofollow noopener\" aria-label=\"facebook\" target=\"_blank\"><span class=\"ss-follow-network-label\">Urm\u0103re\u015fte-ne \u015fi pe Facebook!<\/span><span class=\"ss-follow-network-count\"><span class=\"ss-follow-network-count-number\">57K<\/span><span class=\"ss-follow-network-count-label\">Followers<\/span><\/span><\/a><\/div>\n<\/div>\n<\/div>\n<p>Strada Bunavestire din Tulcea, devine pentru un weekend, pietonal\u0103 (\u00eentre str. Traian \u0219i Victoriei) pentru un eveniment cu aspect de secol nou\u0103sprezece. Astfel, \u00een perioada \ud835\udfd2 \u2013 \ud835\udfd4 Septembrie 2026, strada Bunavestire va fi \u00eenchis\u0103 circula\u021biei rutiere pentru desf\u0103\u0219urarea evenimentului \u201eStrada Bunavestire \u2013 Festival de muzic\u0103 veche \u0219i tradi\u021bii urbane\u201d, o ini\u021biativ\u0103 cultural\u0103 local\u0103 organizat\u0103 de Asocia\u021bia Dobrogenius \u0219i finan\u021bat\u0103 integral din fonduri private.<\/p>\n<figure class=\"wp-block-image size-full is-resized\">\n<source type=\"image\/webp\" data-lazy-srcset=\"https:\/\/dobrogeanews.b-cdn.net\/wp-content\/uploads\/2026\/09\/Strada-Bunavestire-festival-de-muzica-veche-si-traditii-urbane.jpg.webp 2560w, https:\/\/dobrogeanews.b-cdn.net\/wp-content\/uploads\/2026\/09\/Strada-Bunavestire-festival-de-muzica-veche-si-traditii-urbane-300x200.jpg.webp 300w, https:\/\/dobrogeanews.b-cdn.net\/wp-content\/uploads\/2026\/09\/Strada-Bunavestire-festival-de-muzica-veche-si-traditii-urbane-1024x683.jpg.webp 1024w, https:\/\/dobrogeanews.b-cdn.net\/wp-content\/uploads\/2026\/09\/Strada-Bunavestire-festival-de-muzica-veche-si-traditii-urbane-768x512.jpg.webp 768w, https:\/\/dobrogeanews.b-cdn.net\/wp-content\/uploads\/2026\/09\/Strada-Bunavestire-festival-de-muzica-veche-si-traditii-urbane-1536x1025.jpg.webp 1536w, https:\/\/dobrogeanews.b-cdn.net\/wp-content\/uploads\/2026\/09\/Strada-Bunavestire-festival-de-muzica-veche-si-traditii-urbane-2048x1366.jpg.webp 2048w\" sizes=\"(max-width: 640px) 100vw, 640px\" \/><br \/>\n<img loading=\"lazy\" decoding=\"async\" src=\"https:\/\/dobrogeanews.b-cdn.net\/wp-content\/uploads\/2026\/09\/Strada-Bunavestire-festival-de-muzica-veche-si-traditii-urbane.jpg\" alt=\"Tulcea Strada Bunavestire festival de muzic\u0103 veche \u0219i tradi\u021bii urbane\" width=\"640\" height=\"427\"><\/figure>\n<p>Un festival care \u00ee\u0219i propune s\u0103 redescopere una dintre str\u0103zile vechi ale Tulcei \u0219i s\u0103 o transforme, pentru c\u00e2teva zile, \u00eentr-un spa\u021biu viu pentru muzic\u0103, patrimoniu \u0219i \u00eent\u00e2lniri \u00eentre oameni. Boieri \u0219i cuconi\u021be, t\u00e2rgove\u021bi \u0219i drume\u021bi, veni\u021bi s\u0103 asculta\u021bi muzic\u0103 bun\u0103, s\u0103 me\u0219teri\u021bi pasmanterii \u0219i s\u0103 v\u0103 prinde\u021bi \u00een hora vremilor de demult cu n\u0103ravurile de azi<\/p>\n<p>\u00cen program: concerte de muzic\u0103 veche sus\u021binute de trupe precum Trei Parale, Anton Pann, Huniadi Cantores, Pipers of Transylvania (Cimpoierii din Transilvania) \u0219i Spiritual Season<strong>,<\/strong> t\u00e2rg de antichit\u0103\u021bi, ateliere creative \u0219i parad\u0103 de costume de epoc\u0103. <\/p>\n<p>Pentru desf\u0103\u0219urarea \u00een condi\u021bii de siguran\u021b\u0103 a evenimentului, circula\u021bia rutier\u0103 pe strada Bunavestire va fi \u00eenchis\u0103 \u00een perioada 4 \u2013 6 septembrie. <strong>Ruta alternativ\u0103<\/strong>: \ud835\udc2c\ud835\udc2d\ud835\udc2b. \ud835\udc03\ud835\udc1e\ud835\udc1c\ud835\udc1e\ud835\udc1b\ud835\udc1a\ud835\udc25 \u2013 \ud835\udc0f\ud835\udc2b\ud835\udc28\ud835\udc20\ud835\udc2b\ud835\udc1e\ud835\udc2c\ud835\udc2e\ud835\udc25\ud835\udc2e\ud835\udc22 \u2013 \ud835\udc15\ud835\udc22\ud835\udc1c\ud835\udc2d\ud835\udc28\ud835\udc2b\ud835\udc22\ud835\udc1e\ud835\udc22, cu o abatere de aproximativ 2 minute.<\/p>\n<p>Sunt a\u0219tepta\u021bi s\u0103 descopere, timp de trei zile, o alt\u0103 fa\u021b\u0103 a str\u0103zii Bunavestire, \u00eentr-o \u00eent\u00e2lnire cu muzica veche, pove\u0219tile ora\u0219ului, obiecte \u0219i costume din alte vremuri.<\/p>\n<div class=\"monsterinsights-inline-popular-posts monsterinsights-inline-popular-posts-charlie monsterinsights-popular-posts-styled\">\n<div class=\"monsterinsights-inline-popular-posts-text\"><span class=\"monsterinsights-inline-popular-posts-label\">Vezi \u0219i:<\/span><\/p>\n<div class=\"monsterinsights-inline-popular-posts-post\"><a class=\"monsterinsights-inline-popular-posts-title\" href=\"https:\/\/www.dobrogeanews.ro\/tulcea-august-2026-baschet-european-festivaluri-internationale-seri-de-poveste-pe-malul-dunarii\/\">Tulcea, August 2026: Baschet european, Festivaluri interna\u021bionale, seri de poveste pe malul Dun\u0103rii<\/a><\/div>\n<div class=\"monsterinsights-inline-popular-posts-post\"><a class=\"monsterinsights-inline-popular-posts-title\" href=\"https:\/\/www.dobrogeanews.ro\/stefan-ilie-primar-tulcea-stam-mai-mult-decat-bine-la-proiectele-finantate-prin-pnrr-am-finalizat-majoritatea-lucrarilor-suntem-optimisti-dupa-dialogul-cu-premierul-bolojan\/\">\u0218tefan Ilie, primar Tulcea: St\u0103m mai mult dec\u00e2t bine la proiectele finan\u021bate prin PNRR. Am finalizat majoritatea lucr\u0103rilor. Suntem optimi\u0219ti dup\u0103 dialogul cu premierul Bolojan<\/a><\/div>\n<div class=\"monsterinsights-inline-popular-posts-post\"><a class=\"monsterinsights-inline-popular-posts-title\" href=\"https:\/\/www.dobrogeanews.ro\/totemuri-noi-la-intrarea-in-comuna-baia-poarta-de-intrare-in-judetul-tulcea\/\">Totemuri noi la intrarea \u00een comuna Baia, poarta de intrare \u00een jude\u021bul Tulcea<\/a><\/div>\n<\/div>\n<\/div>\n<p class=\"has-text-align-center has-white-color has-text-color has-background\"><span><a href=\"https:\/\/news.google.com\/publications\/CAAqBwgKMIu5pgsw88O-Aw?ceid=RO:ro&amp;oc=3\">Urm\u0103ri\u0163i \u015etirile Dobrogeanews \u015fi pe Google News<\/a><\/span><\/p>\n<\/div>\n<p>[analyse_source url=&#8221;https:\/\/www.dobrogeanews.ro\/tulcea-strada-bunavestire-festival-de-muzica-veche-si-traditii-urbane\/&#8221;]<\/p>\n","protected":false},"excerpt":{"rendered":"<p>[analyse_image type=&#8221;featured&#8221; src=&#8221;https:\/\/dobrogeanews.b-cdn.net\/wp-content\/uploads\/2026\/09\/Strada-Bunavestire-festival-de-muzica-veche-si-traditii-urbane.jpg&#8221;] Urm\u0103re\u015fte-ne \u015fi pe Facebook!57KFollowers Strada Bunavestire din Tulcea, devine pentru un weekend, pietonal\u0103 (\u00eentre str. Traian \u0219i Victoriei) pentru un eveniment cu aspect de secol nou\u0103sprezece. Astfel, \u00een perioada \ud835\udfd2 \u2013 \ud835\udfd4 Septembrie 2026, strada Bunavestire va fi \u00eenchis\u0103 circula\u021biei rutiere pentru desf\u0103\u0219urarea evenimentului \u201eStrada Bunavestire \u2013 Festival de muzic\u0103 veche \u0219i [&hellip;]<\/p>\n","protected":false},"author":1,"featured_media":0,"comment_status":"open","ping_status":"","sticky":false,"template":"","format":"standard","meta":{"footnotes":""},"categories":[89],"tags":[226,223],"class_list":["post-2126323","post","type-post","status-publish","format-standard","hentry","category-romania","tag-crawlmanager","tag-dobrogeanews-ro"],"_links":{"self":[{"href":"https:\/\/analyse.optim.biz\/index.php?rest_route=\/wp\/v2\/posts\/2126323","targetHints":{"allow":["GET"]}}],"collection":[{"href":"https:\/\/analyse.optim.biz\/index.php?rest_route=\/wp\/v2\/posts"}],"about":[{"href":"https:\/\/analyse.optim.biz\/index.php?rest_route=\/wp\/v2\/types\/post"}],"author":[{"embeddable":true,"href":"https:\/\/analyse.optim.biz\/index.php?rest_route=\/wp\/v2\/users\/1"}],"replies":[{"embeddable":true,"href":"https:\/\/analyse.optim.biz\/index.php?rest_route=%2Fwp%2Fv2%2Fcomments&post=2126323"}],"version-history":[{"count":0,"href":"https:\/\/analyse.optim.biz\/index.php?rest_route=\/wp\/v2\/posts\/2126323\/revisions"}],"wp:attachment":[{"href":"https:\/\/analyse.optim.biz\/index.php?rest_route=%2Fwp%2Fv2%2Fmedia&parent=2126323"}],"wp:term":[{"taxonomy":"category","embeddable":true,"href":"https:\/\/analyse.optim.biz\/index.php?rest_route=%2Fwp%2Fv2%2Fcategories&post=2126323"},{"taxonomy":"post_tag","embeddable":true,"href":"https:\/\/analyse.optim.biz\/index.php?rest_route=%2Fwp%2Fv2%2Ftags&post=2126323"}],"curies":[{"name":"wp","href":"https:\/\/api.w.org\/{rel}","templated":true}]}}