{"id":2126320,"date":"2026-08-28T08:17:20","date_gmt":"2026-08-28T05:17:20","guid":{"rendered":"https:\/\/analyse.optim.biz\/?p=2126320"},"modified":"2026-08-28T08:17:20","modified_gmt":"2026-08-28T05:17:20","slug":"adio-psd-raman-alaturi-de-felix-borcean-update","status":"publish","type":"post","link":"https:\/\/analyse.optim.biz\/?p=2126320","title":{"rendered":"\u201eAdio, PSD! R\u0103m\u00e2n al\u0103turi de Felix Borcean!\u201d (UPDATE)"},"content":{"rendered":"<p>[analyse_image type=&#8221;featured&#8221; src=&#8221;https:\/\/cdn.expressdebanat.ro\/wp-content\/uploads\/2026\/08\/nedelcu_marin_psd_caransebes.jpg&#8221;]<\/p>\n<div id=\"post-area\" class=\"post-981889 post type-post status-publish format-standard has-post-thumbnail hentry category-caransebes category-caras category-politica tag-articol-principal tag-demsiei-marin-nedelcu-psd tag-express-de-banat tag-felix-borcean tag-important tag-psd-caras-severin tag-viceprimar-caransebes\">\n<div id=\"social-box\">\n<ul class=\"post-social\">\n<li class=\"social-share-button\">\n<li class=\"social-share-button\">\n<li class=\"social-share-button\"><\/ul>\n<\/div>\n<div id=\"content-area\">\n<div class=\"post-image\"><img loading=\"lazy\" decoding=\"async\" width=\"620\" height=\"400\" src=\"https:\/\/cdn.expressdebanat.ro\/wp-content\/uploads\/2026\/08\/nedelcu_marin_psd_caransebes-620x400.jpg\" class=\"attachment-post-thumb size-post-thumb wp-post-image perfmatters-lazy\" alt=\"nedelcu marin psd caransebes\"><img loading=\"lazy\" decoding=\"async\" width=\"620\" height=\"400\" src=\"https:\/\/cdn.expressdebanat.ro\/wp-content\/uploads\/2026\/08\/nedelcu_marin_psd_caransebes-620x400.jpg\" class=\"attachment-post-thumb size-post-thumb wp-post-image\" alt=\"nedelcu marin psd caransebes\"><\/div>\n<p><strong>Fostul viceprimar al Caransebe\u0219ului, Marin Nedelcu, \u0219i-a anun\u021bat demisia din PSD! El acuz\u0103 jocuri de partid!<\/strong><\/p>\n<p><em>\u201eAst\u0103zi am luat o decizie clar\u0103: \u00eemi dau demisia din PSD! Se observ\u0103 limpede c\u0103, \u00een forma actual\u0103, PSD nu mai are nicio \u0219ans\u0103 s\u0103 rec\u00e2\u0219tige \u00eencrederea oamenilor!\u201d,<\/em> a anun\u021bat Nedelcu, lans\u00e2nd acuza\u021bii inclusiv c\u0103tre conducerea jude\u021bean\u0103 a partidului.<\/p>\n<p>Decizia lui Marin Nedelcu pare s\u0103 aib\u0103 leg\u0103tur\u0103 cu ceea ce s-a \u00eent\u00e2mplat ieri, \u00een Consiliul Local Caransebe\u0219, unde social-democra\u021bii n-au reu\u0219it s\u0103 instaleze un nou viceprimar. Culmea, exact pe postul vacantat dup\u0103 demisia lui Nedelcu.<\/p>\n<p>Primarul Felix Borcean a fost nevoit s\u0103 renun\u021be la nominalizarea \u0219i votarea unui nou viceprimar afl\u00e2nd c\u0103 ale\u0219ii Pro Rom\u00e2nia, 2 la num\u0103r, nu sunt de acord cu instalarea lui Adrian Doroban\u021bu. Cum nici PNL \u0219i nici AUR n-au agreat ideea, \u00eencercarea promov\u0103rii lui Doroban\u021bu a e\u0219uat. Acesta ar fi fost dorit cu insisten\u021b\u0103 l\u00e2ng\u0103 Felix Borcean chiar de c\u0103tre Marin Nedelcu. De aici \u0219i sup\u0103rarea acestuia din urm\u0103, care a dus la demisie.<\/p>\n<p><em>\u201eEu voi r\u0103m\u00e2ne al\u0103turi de actualul primar \u0219i \u00eel voi sus\u021bine, \u00eempreun\u0103 cu acei colegi care au caracter, care nu tr\u0103deaz\u0103 \u0219i care pun interesul comunit\u0103\u021bii mai presus de ordinele \u0219i jocurile de partid. Oamenii \u0219i ora\u0219ul trebuie s\u0103 fie \u00eentotdeauna mai importan\u021bi dec\u00e2t func\u021biile politice.\u201d<\/em>, a ad\u0103ugat Nedelcu.<\/p>\n<p><strong>UPDATE, ora 12.30<\/strong><\/p>\n<p>Pre\u0219edintele PSD Cara\u0219-Severin, Silviu Hurduzeu, n-a comentat \u00een vreun fel demisia lui Marin Nedelcu din PSD. <em>\u201e\u00cei transmis mult succes \u00een viitoarea lui carier\u0103 politic\u0103!\u201d,<\/em> a fost mesajul liderului social-democra\u021bilor c\u0103r\u0103\u0219eni pentru fostul viceprimar al Caransebe\u0219ului.<\/p>\n<\/div>\n<div id=\"social-box\">\n<ul class=\"post-social\">\n<li class=\"fb-line\">\n<li><a href=\"http:\/\/twitter.com\/share\" class=\"twitter-share-button\" data-lang=\"en\" data-count=\"horizontal\">Tweet<\/a><\/li>\n<li>\n<li><a href=\"http:\/\/pinterest.com\/pin\/create\/button\/?url=https%3A%2F%2Fexpressdebanat.ro%2Fadio-psd-raman-alaturi-de-felix-borcean%2F&amp;media=https:\/\/cdn.expressdebanat.ro\/wp-content\/uploads\/2026\/08\/nedelcu_marin_psd_caransebes.jpg&amp;description=%E2%80%9EAdio,%20PSD!%20R%C4%83m%C3%A2n%20al%C4%83turi%20de%20Felix%20Borcean!%E2%80%9D%20(UPDATE)\" class=\"pin-it-button\">Pin It<\/a><\/li>\n<\/ul>\n<\/div>\n<\/div>\n<div id=\"content-area\">\n<div class=\"post-image\"><img loading=\"lazy\" decoding=\"async\" width=\"620\" height=\"400\" src=\"https:\/\/cdn.expressdebanat.ro\/wp-content\/uploads\/2026\/08\/nedelcu_marin_psd_caransebes-620x400.jpg\" class=\"attachment-post-thumb size-post-thumb wp-post-image perfmatters-lazy\" alt=\"nedelcu marin psd caransebes\"><img loading=\"lazy\" decoding=\"async\" width=\"620\" height=\"400\" src=\"https:\/\/cdn.expressdebanat.ro\/wp-content\/uploads\/2026\/08\/nedelcu_marin_psd_caransebes-620x400.jpg\" class=\"attachment-post-thumb size-post-thumb wp-post-image\" alt=\"nedelcu marin psd caransebes\"><\/div>\n<p><strong>Fostul viceprimar al Caransebe\u0219ului, Marin Nedelcu, \u0219i-a anun\u021bat demisia din PSD! El acuz\u0103 jocuri de partid!<\/strong><\/p>\n<p><em>\u201eAst\u0103zi am luat o decizie clar\u0103: \u00eemi dau demisia din PSD! Se observ\u0103 limpede c\u0103, \u00een forma actual\u0103, PSD nu mai are nicio \u0219ans\u0103 s\u0103 rec\u00e2\u0219tige \u00eencrederea oamenilor!\u201d,<\/em> a anun\u021bat Nedelcu, lans\u00e2nd acuza\u021bii inclusiv c\u0103tre conducerea jude\u021bean\u0103 a partidului.<\/p>\n<p>Decizia lui Marin Nedelcu pare s\u0103 aib\u0103 leg\u0103tur\u0103 cu ceea ce s-a \u00eent\u00e2mplat ieri, \u00een Consiliul Local Caransebe\u0219, unde social-democra\u021bii n-au reu\u0219it s\u0103 instaleze un nou viceprimar. Culmea, exact pe postul vacantat dup\u0103 demisia lui Nedelcu.<\/p>\n<p>Primarul Felix Borcean a fost nevoit s\u0103 renun\u021be la nominalizarea \u0219i votarea unui nou viceprimar afl\u00e2nd c\u0103 ale\u0219ii Pro Rom\u00e2nia, 2 la num\u0103r, nu sunt de acord cu instalarea lui Adrian Doroban\u021bu. Cum nici PNL \u0219i nici AUR n-au agreat ideea, \u00eencercarea promov\u0103rii lui Doroban\u021bu a e\u0219uat. Acesta ar fi fost dorit cu insisten\u021b\u0103 l\u00e2ng\u0103 Felix Borcean chiar de c\u0103tre Marin Nedelcu. De aici \u0219i sup\u0103rarea acestuia din urm\u0103, care a dus la demisie.<\/p>\n<p><em>\u201eEu voi r\u0103m\u00e2ne al\u0103turi de actualul primar \u0219i \u00eel voi sus\u021bine, \u00eempreun\u0103 cu acei colegi care au caracter, care nu tr\u0103deaz\u0103 \u0219i care pun interesul comunit\u0103\u021bii mai presus de ordinele \u0219i jocurile de partid. Oamenii \u0219i ora\u0219ul trebuie s\u0103 fie \u00eentotdeauna mai importan\u021bi dec\u00e2t func\u021biile politice.\u201d<\/em>, a ad\u0103ugat Nedelcu.<\/p>\n<p><strong>UPDATE, ora 12.30<\/strong><\/p>\n<p>Pre\u0219edintele PSD Cara\u0219-Severin, Silviu Hurduzeu, n-a comentat \u00een vreun fel demisia lui Marin Nedelcu din PSD. <em>\u201e\u00cei transmis mult succes \u00een viitoarea lui carier\u0103 politic\u0103!\u201d,<\/em> a fost mesajul liderului social-democra\u021bilor c\u0103r\u0103\u0219eni pentru fostul viceprimar al Caransebe\u0219ului.<\/p>\n<\/div>\n<p>[analyse_source url=&#8221;https:\/\/expressdebanat.ro\/adio-psd-raman-alaturi-de-felix-borcean\/&#8221;]<\/p>\n","protected":false},"excerpt":{"rendered":"<p>[analyse_image type=&#8221;featured&#8221; src=&#8221;https:\/\/cdn.expressdebanat.ro\/wp-content\/uploads\/2026\/08\/nedelcu_marin_psd_caransebes.jpg&#8221;] Fostul viceprimar al Caransebe\u0219ului, Marin Nedelcu, \u0219i-a anun\u021bat demisia din PSD! El acuz\u0103 jocuri de partid! \u201eAst\u0103zi am luat o decizie clar\u0103: \u00eemi dau demisia din PSD! Se observ\u0103 limpede c\u0103, \u00een forma actual\u0103, PSD nu mai are nicio \u0219ans\u0103 s\u0103 rec\u00e2\u0219tige \u00eencrederea oamenilor!\u201d, a anun\u021bat Nedelcu, lans\u00e2nd acuza\u021bii inclusiv c\u0103tre conducerea [&hellip;]<\/p>\n","protected":false},"author":1,"featured_media":0,"comment_status":"open","ping_status":"","sticky":false,"template":"","format":"standard","meta":{"footnotes":""},"categories":[89],"tags":[226,196],"class_list":["post-2126320","post","type-post","status-publish","format-standard","hentry","category-romania","tag-crawlmanager","tag-expressdebanat-ro"],"_links":{"self":[{"href":"https:\/\/analyse.optim.biz\/index.php?rest_route=\/wp\/v2\/posts\/2126320","targetHints":{"allow":["GET"]}}],"collection":[{"href":"https:\/\/analyse.optim.biz\/index.php?rest_route=\/wp\/v2\/posts"}],"about":[{"href":"https:\/\/analyse.optim.biz\/index.php?rest_route=\/wp\/v2\/types\/post"}],"author":[{"embeddable":true,"href":"https:\/\/analyse.optim.biz\/index.php?rest_route=\/wp\/v2\/users\/1"}],"replies":[{"embeddable":true,"href":"https:\/\/analyse.optim.biz\/index.php?rest_route=%2Fwp%2Fv2%2Fcomments&post=2126320"}],"version-history":[{"count":0,"href":"https:\/\/analyse.optim.biz\/index.php?rest_route=\/wp\/v2\/posts\/2126320\/revisions"}],"wp:attachment":[{"href":"https:\/\/analyse.optim.biz\/index.php?rest_route=%2Fwp%2Fv2%2Fmedia&parent=2126320"}],"wp:term":[{"taxonomy":"category","embeddable":true,"href":"https:\/\/analyse.optim.biz\/index.php?rest_route=%2Fwp%2Fv2%2Fcategories&post=2126320"},{"taxonomy":"post_tag","embeddable":true,"href":"https:\/\/analyse.optim.biz\/index.php?rest_route=%2Fwp%2Fv2%2Ftags&post=2126320"}],"curies":[{"name":"wp","href":"https:\/\/api.w.org\/{rel}","templated":true}]}}