{"id":2126319,"date":"2026-09-01T11:59:29","date_gmt":"2026-09-01T08:59:29","guid":{"rendered":"https:\/\/analyse.optim.biz\/?p=2126319"},"modified":"2026-09-01T11:59:29","modified_gmt":"2026-09-01T08:59:29","slug":"andrei-plujar-nu-vom-vota-niciun-guvern-psd-sau-cu-surogati-ai-acestui-partid","status":"publish","type":"post","link":"https:\/\/analyse.optim.biz\/?p=2126319","title":{"rendered":"Andrei Plujar: \u201eNu vom vota niciun guvern PSD sau cu suroga\u021bi ai acestui partid!\u201d"},"content":{"rendered":"<p>[analyse_image type=&#8221;featured&#8221; src=&#8221;https:\/\/cdn.expressdebanat.ro\/wp-content\/uploads\/2025\/07\/plujar_andrei_deputat_usr_caras-severin-scaled.jpg&#8221;]<\/p>\n<div id=\"post-area\" class=\"post-982237 post type-post status-publish format-standard has-post-thumbnail hentry category-anina category-baile-herculane category-bocsa category-caransebes category-caras category-moldova-noua category-oravita category-otelu-rosu-2 category-politica category-resita tag-andrei-plujar-despre-viitorul-guvern tag-plujar-despre-psd tag-prioritati-legislative tag-sesiune-de-toamna-parlament tag-usr\">\n<div id=\"social-box\">\n<ul class=\"post-social\">\n<li class=\"social-share-button\">\n<li class=\"social-share-button\">\n<li class=\"social-share-button\"><\/ul>\n<\/div>\n<div id=\"content-area\">\n<div class=\"post-image\"><img loading=\"lazy\" decoding=\"async\" width=\"620\" height=\"400\" src=\"https:\/\/cdn.expressdebanat.ro\/wp-content\/uploads\/2025\/07\/plujar_andrei_deputat_usr_caras-severin-620x400.jpg\" class=\"attachment-post-thumb size-post-thumb wp-post-image perfmatters-lazy\" alt=\"plujar andrei, deputat usr de caras-severin\"><img loading=\"lazy\" decoding=\"async\" width=\"620\" height=\"400\" src=\"https:\/\/cdn.expressdebanat.ro\/wp-content\/uploads\/2025\/07\/plujar_andrei_deputat_usr_caras-severin-620x400.jpg\" class=\"attachment-post-thumb size-post-thumb wp-post-image\" alt=\"plujar andrei, deputat usr de caras-severin\"><\/div>\n<p><strong>Pozi\u021bia USR privind votarea unui viitor Guvern din care s\u0103 fac\u0103 parte \u0219i PSD este clar\u0103, sus\u021bine deputatul Andrei Plujar, care subliniaz\u0103 c\u0103 noua sesiune parlamentar\u0103 \u00eencepe cu priorit\u0103\u021bi clare pentru forma\u021biune \u00een ceea ce prive\u0219te modernizarea Rom\u00e2niei.<\/strong><\/p>\n<p>Deputatul USR \u0219i pre\u0219edintele filialei Cara\u0219-Severin, Andrei Plujar, anun\u021b\u0103 priorit\u0103\u021bile legislative ferme pentru noua sesiune parlamentar\u0103. Acesta subliniaz\u0103 c\u0103 grupurile parlamentare USR intr\u0103 \u00een activitate cu un pachet de reforme radicale, axate pe oprirea risipei publice, corectarea abuzurilor fiscale \u0219i protejarea democra\u021biei locale.<\/p>\n<p>\u201e<em>Rom\u00e2nia nu mai poate func\u021biona pe datorie doar pentru a hr\u0103ni un aparat administrativ supradimensionat \u0219i ineficient. Reforma administrativ\u0103 \u0219i digitalizarea nu mai sunt simple op\u021biuni, ci urgen\u021be absolute dac\u0103 vrem ca banii din taxele oamenilor s\u0103 mearg\u0103 \u00een spitale, \u0219coli \u0219i drumuri, nu \u00een institu\u021bii de carton\u201d,<\/em> afirm\u0103 deputatul Andrei Plujar.<\/p>\n<p>Potrivit acestuia, grupurile parlamentare ale USR \u0219i-au stabilit priorit\u0103\u021bile legislative \u00een noua sesiune parlamentar\u0103:<\/p>\n<p>\u2013 Reforma administrativ-teritorial\u0103 \u2013 statul trebuie s\u0103 \u00eenceap\u0103 o reorganizare prin comasarea localit\u0103\u021bilor prea mici pentru a se sus\u021bine, dar \u0219i o comasare a jude\u021belor, iar la reducerea cheltuielilor cu propria func\u021bionare poate contribui \u0219i digitalizarea serioas\u0103 a accesului la servicii publice.<br \/>\n\u2013 Reforma serviciilor secrete \u2013 rapoartele de activitate ale serviciilor secrete trebuie discutate \u00een Parlament pentru a exista un control civil real, nu doar de form\u0103; limitarea la maximum dou\u0103 mandate a c\u00e2te patru ani pentru to\u021bi \u0219efii serviciilor secrete, al\u0103turi de interdic\u021bia angaja\u021bilor serviciilor secrete de a lucra \u00een consultan\u021b\u0103 dup\u0103 \u00eencetarea activit\u0103\u021bii.<br \/>\n\u2013 Eliminarea supraimpozit\u0103rii contractelor cu norm\u0103 par\u021bial\u0103 \u2013 supraimpozitarea contractelor de munc\u0103 ale oamenilor cu cele mai mici venituri trebuie \u00eencetat\u0103 imediat.<br \/>\n\u2013 Protec\u021bia minorilor \u00een mediul online \u2013 mai pu\u021bin timp \u00een fa\u021ba ecranelor, mai mult timp pentru socializarea real\u0103, protec\u021bie sporit\u0103 fa\u021b\u0103 de pr\u0103d\u0103torii online.<br \/>\n\u2013 Reforma electoral\u0103 \u2013 mai mult\u0103 putere pentru oameni prin alegerea primarilor \u0219i a pre\u0219edin\u021bilor de consilii jude\u021bene \u00een dou\u0103 tururi, dar \u0219i reducerea num\u0103rului de parlamentari.<\/p>\n<p>De asemenea, deputatul Andrei Plujar atrage aten\u021bia asupra abuzurilor politice recente \u0219i blocheaz\u0103 din start orice specula\u021bie privind viitoarea guvernare.<\/p>\n<p>\u201e<em>Vom insista pentru modificarea Legii ANI \u00een acord cu legisla\u021bia european\u0103, care interzice sanc\u021biunile retroactive. Este inadmisibil ca 770 de milioane de euro s\u0103 fie puse \u00een pericol de o r\u0103zbunare politic\u0103 a PSD, o ac\u021biune care \u00eencalc\u0103 statul de drept \u0219i anuleaz\u0103 votul timi\u0219orenilor. Iar pozi\u021bia noastr\u0103 politic\u0103 r\u0103m\u00e2ne una de nezdruncinat: USR nu va vota niciodat\u0103 un guvern PSD sau unul care con\u021bine suroga\u021bi ai acestui partid. Singura noastr\u0103 alian\u021b\u0103 este cu modernizarea Rom\u00e2niei \u0219i cu rom\u00e2nii care vor o \u021bar\u0103 curat\u0103 \u0219i dreapt\u0103 \u201d, <\/em>a \u00eencheiat parlamentarul de Cara\u0219-Severin.<\/p>\n<\/div>\n<div id=\"social-box\">\n<ul class=\"post-social\">\n<li class=\"fb-line\">\n<li><a href=\"http:\/\/twitter.com\/share\" class=\"twitter-share-button\" data-lang=\"en\" data-count=\"horizontal\">Tweet<\/a><\/li>\n<li>\n<li><a href=\"http:\/\/pinterest.com\/pin\/create\/button\/?url=https%3A%2F%2Fexpressdebanat.ro%2Fandrei-plujar-nu-vom-vota-niciun-guvern-psd-sau-cu-surogati-ai-acestui-partid%2F&amp;media=https:\/\/cdn.expressdebanat.ro\/wp-content\/uploads\/2025\/07\/plujar_andrei_deputat_usr_caras-severin-scaled.jpg&amp;description=Andrei%20Plujar:%20%E2%80%9ENu%20vom%20vota%20niciun%20guvern%20PSD%20sau%20cu%20suroga%C8%9Bi%20ai%20acestui%20partid!%E2%80%9D\" class=\"pin-it-button\">Pin It<\/a><\/li>\n<\/ul>\n<\/div>\n<\/div>\n<div id=\"content-area\">\n<div class=\"post-image\"><img loading=\"lazy\" decoding=\"async\" width=\"620\" height=\"400\" src=\"https:\/\/cdn.expressdebanat.ro\/wp-content\/uploads\/2025\/07\/plujar_andrei_deputat_usr_caras-severin-620x400.jpg\" class=\"attachment-post-thumb size-post-thumb wp-post-image perfmatters-lazy\" alt=\"plujar andrei, deputat usr de caras-severin\"><img loading=\"lazy\" decoding=\"async\" width=\"620\" height=\"400\" src=\"https:\/\/cdn.expressdebanat.ro\/wp-content\/uploads\/2025\/07\/plujar_andrei_deputat_usr_caras-severin-620x400.jpg\" class=\"attachment-post-thumb size-post-thumb wp-post-image\" alt=\"plujar andrei, deputat usr de caras-severin\"><\/div>\n<p><strong>Pozi\u021bia USR privind votarea unui viitor Guvern din care s\u0103 fac\u0103 parte \u0219i PSD este clar\u0103, sus\u021bine deputatul Andrei Plujar, care subliniaz\u0103 c\u0103 noua sesiune parlamentar\u0103 \u00eencepe cu priorit\u0103\u021bi clare pentru forma\u021biune \u00een ceea ce prive\u0219te modernizarea Rom\u00e2niei.<\/strong><\/p>\n<p>Deputatul USR \u0219i pre\u0219edintele filialei Cara\u0219-Severin, Andrei Plujar, anun\u021b\u0103 priorit\u0103\u021bile legislative ferme pentru noua sesiune parlamentar\u0103. Acesta subliniaz\u0103 c\u0103 grupurile parlamentare USR intr\u0103 \u00een activitate cu un pachet de reforme radicale, axate pe oprirea risipei publice, corectarea abuzurilor fiscale \u0219i protejarea democra\u021biei locale.<\/p>\n<p>\u201e<em>Rom\u00e2nia nu mai poate func\u021biona pe datorie doar pentru a hr\u0103ni un aparat administrativ supradimensionat \u0219i ineficient. Reforma administrativ\u0103 \u0219i digitalizarea nu mai sunt simple op\u021biuni, ci urgen\u021be absolute dac\u0103 vrem ca banii din taxele oamenilor s\u0103 mearg\u0103 \u00een spitale, \u0219coli \u0219i drumuri, nu \u00een institu\u021bii de carton\u201d,<\/em> afirm\u0103 deputatul Andrei Plujar.<\/p>\n<p>Potrivit acestuia, grupurile parlamentare ale USR \u0219i-au stabilit priorit\u0103\u021bile legislative \u00een noua sesiune parlamentar\u0103:<\/p>\n<p>\u2013 Reforma administrativ-teritorial\u0103 \u2013 statul trebuie s\u0103 \u00eenceap\u0103 o reorganizare prin comasarea localit\u0103\u021bilor prea mici pentru a se sus\u021bine, dar \u0219i o comasare a jude\u021belor, iar la reducerea cheltuielilor cu propria func\u021bionare poate contribui \u0219i digitalizarea serioas\u0103 a accesului la servicii publice.<br \/>\n\u2013 Reforma serviciilor secrete \u2013 rapoartele de activitate ale serviciilor secrete trebuie discutate \u00een Parlament pentru a exista un control civil real, nu doar de form\u0103; limitarea la maximum dou\u0103 mandate a c\u00e2te patru ani pentru to\u021bi \u0219efii serviciilor secrete, al\u0103turi de interdic\u021bia angaja\u021bilor serviciilor secrete de a lucra \u00een consultan\u021b\u0103 dup\u0103 \u00eencetarea activit\u0103\u021bii.<br \/>\n\u2013 Eliminarea supraimpozit\u0103rii contractelor cu norm\u0103 par\u021bial\u0103 \u2013 supraimpozitarea contractelor de munc\u0103 ale oamenilor cu cele mai mici venituri trebuie \u00eencetat\u0103 imediat.<br \/>\n\u2013 Protec\u021bia minorilor \u00een mediul online \u2013 mai pu\u021bin timp \u00een fa\u021ba ecranelor, mai mult timp pentru socializarea real\u0103, protec\u021bie sporit\u0103 fa\u021b\u0103 de pr\u0103d\u0103torii online.<br \/>\n\u2013 Reforma electoral\u0103 \u2013 mai mult\u0103 putere pentru oameni prin alegerea primarilor \u0219i a pre\u0219edin\u021bilor de consilii jude\u021bene \u00een dou\u0103 tururi, dar \u0219i reducerea num\u0103rului de parlamentari.<\/p>\n<p>De asemenea, deputatul Andrei Plujar atrage aten\u021bia asupra abuzurilor politice recente \u0219i blocheaz\u0103 din start orice specula\u021bie privind viitoarea guvernare.<\/p>\n<p>\u201e<em>Vom insista pentru modificarea Legii ANI \u00een acord cu legisla\u021bia european\u0103, care interzice sanc\u021biunile retroactive. Este inadmisibil ca 770 de milioane de euro s\u0103 fie puse \u00een pericol de o r\u0103zbunare politic\u0103 a PSD, o ac\u021biune care \u00eencalc\u0103 statul de drept \u0219i anuleaz\u0103 votul timi\u0219orenilor. Iar pozi\u021bia noastr\u0103 politic\u0103 r\u0103m\u00e2ne una de nezdruncinat: USR nu va vota niciodat\u0103 un guvern PSD sau unul care con\u021bine suroga\u021bi ai acestui partid. Singura noastr\u0103 alian\u021b\u0103 este cu modernizarea Rom\u00e2niei \u0219i cu rom\u00e2nii care vor o \u021bar\u0103 curat\u0103 \u0219i dreapt\u0103 \u201d, <\/em>a \u00eencheiat parlamentarul de Cara\u0219-Severin.<\/p>\n<\/div>\n<p>[analyse_source url=&#8221;https:\/\/expressdebanat.ro\/andrei-plujar-nu-vom-vota-niciun-guvern-psd-sau-cu-surogati-ai-acestui-partid\/&#8221;]<\/p>\n","protected":false},"excerpt":{"rendered":"<p>[analyse_image type=&#8221;featured&#8221; src=&#8221;https:\/\/cdn.expressdebanat.ro\/wp-content\/uploads\/2025\/07\/plujar_andrei_deputat_usr_caras-severin-scaled.jpg&#8221;] Pozi\u021bia USR privind votarea unui viitor Guvern din care s\u0103 fac\u0103 parte \u0219i PSD este clar\u0103, sus\u021bine deputatul Andrei Plujar, care subliniaz\u0103 c\u0103 noua sesiune parlamentar\u0103 \u00eencepe cu priorit\u0103\u021bi clare pentru forma\u021biune \u00een ceea ce prive\u0219te modernizarea Rom\u00e2niei. Deputatul USR \u0219i pre\u0219edintele filialei Cara\u0219-Severin, Andrei Plujar, anun\u021b\u0103 priorit\u0103\u021bile legislative ferme pentru noua [&hellip;]<\/p>\n","protected":false},"author":1,"featured_media":0,"comment_status":"open","ping_status":"","sticky":false,"template":"","format":"standard","meta":{"footnotes":""},"categories":[89],"tags":[226,196],"class_list":["post-2126319","post","type-post","status-publish","format-standard","hentry","category-romania","tag-crawlmanager","tag-expressdebanat-ro"],"_links":{"self":[{"href":"https:\/\/analyse.optim.biz\/index.php?rest_route=\/wp\/v2\/posts\/2126319","targetHints":{"allow":["GET"]}}],"collection":[{"href":"https:\/\/analyse.optim.biz\/index.php?rest_route=\/wp\/v2\/posts"}],"about":[{"href":"https:\/\/analyse.optim.biz\/index.php?rest_route=\/wp\/v2\/types\/post"}],"author":[{"embeddable":true,"href":"https:\/\/analyse.optim.biz\/index.php?rest_route=\/wp\/v2\/users\/1"}],"replies":[{"embeddable":true,"href":"https:\/\/analyse.optim.biz\/index.php?rest_route=%2Fwp%2Fv2%2Fcomments&post=2126319"}],"version-history":[{"count":0,"href":"https:\/\/analyse.optim.biz\/index.php?rest_route=\/wp\/v2\/posts\/2126319\/revisions"}],"wp:attachment":[{"href":"https:\/\/analyse.optim.biz\/index.php?rest_route=%2Fwp%2Fv2%2Fmedia&parent=2126319"}],"wp:term":[{"taxonomy":"category","embeddable":true,"href":"https:\/\/analyse.optim.biz\/index.php?rest_route=%2Fwp%2Fv2%2Fcategories&post=2126319"},{"taxonomy":"post_tag","embeddable":true,"href":"https:\/\/analyse.optim.biz\/index.php?rest_route=%2Fwp%2Fv2%2Ftags&post=2126319"}],"curies":[{"name":"wp","href":"https:\/\/api.w.org\/{rel}","templated":true}]}}