{"id":2126314,"date":"2026-09-03T11:08:21","date_gmt":"2026-09-03T08:08:21","guid":{"rendered":"https:\/\/analyse.optim.biz\/?p=2126314"},"modified":"2026-09-03T11:08:21","modified_gmt":"2026-09-03T08:08:21","slug":"jandarmii-timiseni-la-datorie-si-in-acest-weekend","status":"publish","type":"post","link":"https:\/\/analyse.optim.biz\/?p=2126314","title":{"rendered":"Jandarmii timi\u0219eni, la datorie \u0219i \u00een acest weekend"},"content":{"rendered":"<p>[analyse_image type=&#8221;featured&#8221; src=&#8221;https:\/\/www.banatulazi.ro\/wp-content\/uploads\/2026\/09\/IMG-20240809-WA0000.jpg&#8221;]<\/p>\n<div class=\"td_block_wrap tdb_single_content tdi_64 td-pb-border-top td_block_template_1 td-post-content tagdiv-type\" data-td-block-uid=\"tdi_64\">\n<div class=\"tdb-block-inner td-fix-index\">\n<p>Pentru asigurarea unui climat de ordine \u0219i siguran\u021b\u0103 public\u0103, jandarmii timi\u0219eni vor desf\u0103\u0219ura misiuni specifice pe raza \u00eentregului jude\u021b, cu accent pe zonele \u00een care sunt programate manifest\u0103ri cultural \u2013 artistice, sportive \u0219i religioase.<\/p>\n<p>Jandarmii vor ac\u021biona at\u00e2t independent, c\u00e2t \u0219i \u00een sistem integrat, \u00een vederea prevenirii oric\u0103ror incidente \u0219i cre\u0219terii gradului de siguran\u021b\u0103 al comunit\u0103\u021bii. \u00cen aceast\u0103 perioad\u0103, vom fi prezen\u021bi pentru asigurarea ordinii publice la urm\u0103toarele evenimente:<\/p>\n<p>Vineri, 4 septembrie:<\/p>\n<p>\u2013 Meci de baschet Politehnica Timi\u0219oara \u2013 CSU Sibiu, la sala \u201eConstantin Jude\u201d din Timi\u0219oara, de la ora 16:00;<\/p>\n<p>\u2013 Meci de fotbal CSC Ghiroda \u2013 CS Metalurgistul Cugir, pe stadionul \u201eEmilian Pavel\u201d din Ghiroda, \u00eencep\u00e2nd cu ora 17:00;<\/p>\n<p>\u2013 Meci de fotbal CS Timi\u0219ul \u0218ag \u2013 CSM Deva, pe stadionul din \u0218ag, de la ora 17:00;<\/p>\n<p>\u2013 Maratonul dansului s\u00e2rbesc, de la ora 16:00, \u00een Pia\u021ba Libert\u0103\u021bii din Timi\u0219oara;<\/p>\n<p>\u2013 Festivalul Musical Crossroads, \u00een Parcul Carmen Sylva din Timi\u0219oara, de la ora 18:00.<\/p>\n<p>S\u00e2mb\u0103t\u0103, 5 septembrie:<\/p>\n<p>\u2013 Ruga b\u0103n\u0103\u021bean\u0103 \u00een localit\u0103\u021bile Vucova \u0219i R\u0103chita;<\/p>\n<p>\u2013 Evenimentul cultural Tradi\u021bie la Periam, \u00een pa\u0219i de joc b\u0103n\u0103\u021bean, de la ora 19:00;<\/p>\n<p>Duminic\u0103, 6 septembrie:<\/p>\n<p>\u2013 Ruga b\u0103n\u0103\u021bean\u0103 \u00een localit\u0103\u021bile Bencecu de Jos, Seca\u0219 \u0219i Margina;<\/p>\n<p>\u2013 Kirchweih la Buzia\u0219;<\/p>\n<p>\u2013 Festivalul de joac\u0103 Cocolosh, la Muzeul Satului B\u0103n\u0103\u021bean, \u00eentre orele 10:00 \u2013 17:00.<\/p>\n<p>Vineri \u0219i s\u00e2mb\u0103t\u0103, vom fi prezen\u021bi la Hanul Km 6, unde se desf\u0103\u0219oar\u0103 evenimentul caritabil DoomFest 4.0. V\u0103 a\u0219tept\u0103m s\u0103 v\u0103 \u00eencerca\u021bi abilit\u0103\u021bile sportive pe traseul utilitar-aplicativ al Jandarmeriei.<\/p>\n<p>Pentru desf\u0103\u0219urarea \u00een condi\u021bii de siguran\u021b\u0103 a acestor evenimente, v\u0103 recomand\u0103m:<\/p>\n<p>\u2013 s\u0103 respecta\u021bi indica\u021biile for\u021belor de ordine \u0219i ale organizatorilor;<\/p>\n<p>\u2013 s\u0103 manifesta\u021bi r\u0103bdare \u00een zonele aglomerate;<\/p>\n<p>\u2013 s\u0103 evita\u021bi implicarea \u00een conflicte de orice fel;<\/p>\n<p>\u2013 s\u0103 acorda\u021bi o aten\u021bie sporit\u0103 copiilor care v\u0103 \u00eenso\u021besc \u0219i bunurilor personale.<\/p>\n<p>\u00cen caz de pericol, apela\u021bi cu \u00eencredere la cea mai apropiat\u0103 patrul\u0103 de jandarmi sau suna\u021bi la num\u0103rul unic de urgen\u021b\u0103 112.<\/p>\n<p>V\u0103 dorim un sf\u00e2r\u0219it de s\u0103pt\u0103m\u00e2n\u0103 lini\u0219tit, cu amintiri c\u00e2t mai pl\u0103cute! Noi r\u0103m\u00e2nem la datorie pentru siguran\u021ba comunit\u0103\u021bii!<\/p>\n<\/div>\n<\/div>\n<p>[analyse_source url=&#8221;https:\/\/www.banatulazi.ro\/jandarmii-timiseni-la-datorie-si-in-acest-weekend\/&#8221;]<\/p>\n","protected":false},"excerpt":{"rendered":"<p>[analyse_image type=&#8221;featured&#8221; src=&#8221;https:\/\/www.banatulazi.ro\/wp-content\/uploads\/2026\/09\/IMG-20240809-WA0000.jpg&#8221;] Pentru asigurarea unui climat de ordine \u0219i siguran\u021b\u0103 public\u0103, jandarmii timi\u0219eni vor desf\u0103\u0219ura misiuni specifice pe raza \u00eentregului jude\u021b, cu accent pe zonele \u00een care sunt programate manifest\u0103ri cultural \u2013 artistice, sportive \u0219i religioase. Jandarmii vor ac\u021biona at\u00e2t independent, c\u00e2t \u0219i \u00een sistem integrat, \u00een vederea prevenirii oric\u0103ror incidente \u0219i cre\u0219terii gradului [&hellip;]<\/p>\n","protected":false},"author":1,"featured_media":0,"comment_status":"open","ping_status":"","sticky":false,"template":"","format":"standard","meta":{"footnotes":""},"categories":[89],"tags":[185,226],"class_list":["post-2126314","post","type-post","status-publish","format-standard","hentry","category-romania","tag-banatulazi-ro","tag-crawlmanager"],"_links":{"self":[{"href":"https:\/\/analyse.optim.biz\/index.php?rest_route=\/wp\/v2\/posts\/2126314","targetHints":{"allow":["GET"]}}],"collection":[{"href":"https:\/\/analyse.optim.biz\/index.php?rest_route=\/wp\/v2\/posts"}],"about":[{"href":"https:\/\/analyse.optim.biz\/index.php?rest_route=\/wp\/v2\/types\/post"}],"author":[{"embeddable":true,"href":"https:\/\/analyse.optim.biz\/index.php?rest_route=\/wp\/v2\/users\/1"}],"replies":[{"embeddable":true,"href":"https:\/\/analyse.optim.biz\/index.php?rest_route=%2Fwp%2Fv2%2Fcomments&post=2126314"}],"version-history":[{"count":0,"href":"https:\/\/analyse.optim.biz\/index.php?rest_route=\/wp\/v2\/posts\/2126314\/revisions"}],"wp:attachment":[{"href":"https:\/\/analyse.optim.biz\/index.php?rest_route=%2Fwp%2Fv2%2Fmedia&parent=2126314"}],"wp:term":[{"taxonomy":"category","embeddable":true,"href":"https:\/\/analyse.optim.biz\/index.php?rest_route=%2Fwp%2Fv2%2Fcategories&post=2126314"},{"taxonomy":"post_tag","embeddable":true,"href":"https:\/\/analyse.optim.biz\/index.php?rest_route=%2Fwp%2Fv2%2Ftags&post=2126314"}],"curies":[{"name":"wp","href":"https:\/\/api.w.org\/{rel}","templated":true}]}}