{"id":2126311,"date":"2026-09-03T12:15:33","date_gmt":"2026-09-03T09:15:33","guid":{"rendered":"https:\/\/analyse.optim.biz\/?p=2126311"},"modified":"2026-09-03T12:15:33","modified_gmt":"2026-09-03T09:15:33","slug":"contestatie-respinsa-si-contract-semnat-aproape-100-de-milioane-de-lei-pentru-noul-pod-solventul","status":"publish","type":"post","link":"https:\/\/analyse.optim.biz\/?p=2126311","title":{"rendered":"Contesta\u021bie respins\u0103 \u0219i contract semnat. Aproape 100 de milioane de lei pentru noul Pod Solventul"},"content":{"rendered":"<p>[analyse_image type=&#8221;featured&#8221; src=&#8221;https:\/\/www.tion.ro\/wp-content\/uploads\/2022\/09\/+otf\/1200&#215;630\/qnfNojsBbneC7VJn9eg0ok5PVF9WRVJZX1NFQ9fmmPWDYsIHFOok3Nk7kgx2eY7DU7nFXq7HAboJeTCAiit8OjWs+f99OT+Ow2MPj6BkKaNgPJbB6qNmOaEBV6Y=\/2887125podsolventulproiect3.jpg&#8221;]<\/p>\n<article id=\"post-2346318\" class>\n<div class=\"entry-content clearfix\">\n<div class=\"enewsArticleContent\">\n<p>Contractul pentru \u201econstruirea primului pod rutier peste Bega dup\u0103 Revolu\u021bie\u201d, dup\u0103 cum prezint\u0103 Prim\u0103ria Timi\u0219oara, noul Pod Solventul, a fost semnat cu asocierea FREYROM SA (lider) \u2013 PROCONS GROUP SRL, care fusese desemnat\u0103 c\u00e2\u0219tig\u0103toare \u00eenc\u0103 din aprilie. Consta\u021bia formulat\u0103 de Strabag a fost respins\u0103 la \u00eenceput de august, iar procedurile au putut s\u0103 \u00ee\u0219i urmeze cursul.<\/p>\n<blockquote>\n<p>\u201eEste al patrulea pod la care \u00eencepem construc\u021bia anul acesta, dup\u0103 podul Muncii, pasajul Polon\u0103 \u0219i podul pietonal \u0219i velo de la Parcul Copiilor. Leg\u0103tura de la Solventul \u2013 pasaj \u0219i pod \u2013 pe care au a\u0219teptat-o genera\u021bii de timi\u0219oreni devine realitate\u201d, a declarat primarul Dominic Fritz<\/p>\n<\/blockquote>\n<p>Reprezentan\u021bii prim\u0103riei mai spun c\u0103 noua leg\u0103tur\u0103 dintre Ron\u021ba \u0219i D\u00e2mbovi\u021ba reprezint\u0103 o investi\u021bie strategic\u0103 de infrastructur\u0103, conect\u00e2nd cele dou\u0103 zone at\u00e2t rutier, c\u00e2t \u0219i prin transport public, velo \u0219i pietonal, \u0219i prelu\u00e2nd o parte din traficul care traverseaz\u0103 \u00een prezent zona central\u0103.<\/p>\n<h3><strong>Nu se face doar podul<\/strong><\/h3>\n<p>Investi\u021bia municipalit\u0103\u021bii nu se rezum\u0103 doar la construirea noului pod cu linie dubl\u0103 de tramvai, patru benzi auto, piste pentru biciclete \u0219i trotuare generoase, ci prevede \u0219i l\u0103rgirea bulevardului D\u00e2mbovi\u021ba, de la noul pod p\u00e2n\u0103 la intersec\u021bia cu str. Ion Barac \u0219i introducerea liniei de tramvai pe acest tronson. Vor mai fi reconfigurate intersec\u021bia cu bulevardul D\u00e2mbovi\u021ba, pistele de biciclet\u0103 de pe malul Beg\u0103i \u0219i sistemul de iluminat public. Vor fi montate \u0219i dou\u0103 lifturi, dintre care unul va avea \u0219i rol de punct de belvedere.<\/p>\n<p>Podul Solventul \u00een sine va avea o lungime de 55,5 metri \u0219i o l\u0103\u021bime de 35,5 metri, unind strada G\u0103rii cu bulevardul D\u00e2mbovi\u021ba \u0219i complet\u00e2nd Inelul IV de circula\u021bie. Pentru drumul de leg\u0103tur\u0103 \u00eentre Podul Solventul \u0219i pasajul Solventul, \u00een prezent, este \u00een derulare procedura de expropriere.<\/p>\n<p>Valoarea contractului este de 96 de milioane de lei, cu TVA, iar termenul de executare a lucr\u0103rilor este de 24 de luni de la emiterea ordinului de \u00eencepere. Investi\u021bia este finan\u021bat\u0103 prin Programul Regional Vest 2021\u20132027, Interven\u021bia Regional\u0103 4.1 \u2013 Mobilitate urban\u0103 sustenabil\u0103.<\/p>\n<p>V\u0103 amintim, <strong><a href=\"https:\/\/www.tion.ro\/stirile-judetului-timis\/terenul-contaminat-de-la-solventul-un-obstacol-in-calea-pasajului-fritz-este-nevoie-de-solutii-si-actiuni-1703758\/\" target=\"_blank\" rel=\"noopener\">o bun\u0103 parte a terenului din zona fostului combinat Solventul este contaminat\u0103 chimic<\/a><\/strong>, dar \u00een august 2024 <strong><a href=\"https:\/\/www.tion.ro\/stirile-judetului-timis\/incep-exproprierile-terenurilor-de-la-viitorul-pod-solventul-1918566\/\" target=\"_blank\" rel=\"noopener\">a fost g\u0103sit\u0103 o solu\u021bie<\/a><\/strong> \u0219i au \u00eenceput exproprierile.<\/p>\n<p>Podul are studiul de fezabilitate aprobat <strong><a href=\"https:\/\/www.tion.ro\/stirile-judetului-timis\/valoarea-podului-solventul-necesar-pentru-inchiderea-inelului-iv-vest-estimata-la-peste-40-de-milioane-de-euro-1747024\/\" target=\"_blank\" rel=\"noopener\">din august 2024,<\/a><\/strong>iar \u00een iulie 2025, Prim\u0103ria Timi\u0219oara <strong><a href=\"https:\/\/www.tion.ro\/stirile-judetului-timis\/finantare-europeana-de-aproape-20-de-milioane-de-euro-pentru-podul-solventul-2095494\/\" target=\"_blank\" rel=\"noopener\">a ob\u021binut \u0219i finan\u021barea european\u0103 pentru noul proiect<\/a><\/strong>. Licita\u021bia pentru<strong><a href=\"https:\/\/www.tion.ro\/stirile-judetului-timis\/start-la-licitatie-podul-solventul-va-lega-strada-garii-de-bulevardul-dambovita-pentru-peste-100-de-milioane-de-lei-2135280\/\" target=\"_blank\" rel=\"noopener\"><em> \u201eExecu\u021bie lucr\u0103ri aferente obiectivului de investi\u021bii \u00abC9b Inelul IV Vest: conexiunea Str. G\u0103rii \u2013 Bd. D\u00e2mbovi\u0163a, ETAPA 1 \u2013 Lucr\u0103ri de drumuri, poduri, linii de tramvai\u00bb\u201d <\/em><\/a><\/strong>a fost lansat\u0103 \u00een septembrie 2025, la o valoare estimat\u0103 de peste 120 de milioane de lei, cu TVA.<\/p>\n<p>S-au \u00eenscris \u0219apte ofertan\u021bi, iar <strong><a href=\"https:\/\/www.tion.ro\/stirile-judetului-timis\/podul-solventul-primul-construit-de-la-zero-dupa-revolutie-are-constructor-2264137\/\" target=\"_blank\" rel=\"noopener\">\u00een aprilie a fost desemnat c\u00e2\u0219tig\u0103torul<\/a><\/strong>. A urmat o contesta\u021bie, respins\u0103 p\u00e2n\u0103 la urm\u0103 de CNSC, iar acum contractul a putut fi semnat.<\/p>\n<div class=\"fbShareLikeTwitterAndEmailContainer\">\n<div class=\"wrapper\">\n<div class=\"email\">\n<div id=\"mailto-pop\" class=\"pop-form pop-form-mailto\">\n<div class=\"pop-form-header\">\n<h4>Trimite articolul<\/h4>\n<p><a class=\"pop-form-close\">X<\/a><\/div>\n<\/div>\n<\/div>\n<\/div>\n<\/div>\n<div class=\"tagsContainer\">\n<div class=\"tagsLabel\">Taguri:<\/div>\n<div class=\"tags\">\n<div class=\"tag\"><a href=\"https:\/\/www.tion.ro\/cimke\/contestatie-licitatie\" rel=\"tag\"><span class=\"link\">contesta\u021bie licita\u021bie<\/span><span class=\"separator\">,<\/span><\/a><\/div>\n<div class=\"tag\"><a href=\"https:\/\/www.tion.ro\/cimke\/freyrom\" rel=\"tag\"><span class=\"link\">freyrom<\/span><span class=\"separator\">,<\/span><\/a><\/div>\n<div class=\"tag\"><a href=\"https:\/\/www.tion.ro\/cimke\/pod-solventul\" rel=\"tag\"><span class=\"link\">pod solventul<\/span><\/a><\/div>\n<\/div>\n<\/div>\n<div class=\"comments\">\n<div class=\"top\">\n<div class=\"commentsNumber\"><span class=\"number\">0<\/span><span class=\"text\">Comentarii<\/span><\/div>\n<\/div>\n<div class=\"center\">\n<div id=\"respond\" class=\"comment-respond\">\n<h3 id=\"reply-title\" class=\"comment-reply-title\"><small><a rel=\"nofollow\" id=\"cancel-comment-reply-link\" href=\"https:\/\/www.tion.ro\/stirile-judetului-timis\/contestatie-respinsa-si-contract-semnat-aproape-100-de-milioane-de-lei-pentru-noul-pod-solventul-2346318\/#respond\">Cancel reply<\/a><\/small><\/h3>\n<p class=\"comment-notes\"><span id=\"email-notes\">Your email address will not be published.<\/span><span class=\"required-field-message\">Required fields are marked <span class=\"required\">*<\/span><\/span><\/p>\n<p class=\"commentFormComment\"><span id=\"commentFormCount\"><br \/>\n                            inca<br \/>\n                            <span id=\"countCommentText\">1000<\/span><br \/>\n                            caractere ramase<br \/>\n                        <\/span><\/p>\n<\/div>\n<\/div>\n<div class=\"bottom\">\n<p class=\"forumDisclaimerHuRo\">\n            Citi\u021bi principiile noastre de moderare <a href=\"https:\/\/www.tion.ro\/reguli-postare-comentarii\/\" target=\"_blank\">aici<\/a>!\n        <\/p>\n<\/div>\n<\/div>\n<\/div>\n<\/div>\n<\/article>\n<div class=\"entry-content clearfix\">\n<div class=\"enewsArticleContent\">\n<p>Contractul pentru \u201econstruirea primului pod rutier peste Bega dup\u0103 Revolu\u021bie\u201d, dup\u0103 cum prezint\u0103 Prim\u0103ria Timi\u0219oara, noul Pod Solventul, a fost semnat cu asocierea FREYROM SA (lider) \u2013 PROCONS GROUP SRL, care fusese desemnat\u0103 c\u00e2\u0219tig\u0103toare \u00eenc\u0103 din aprilie. Consta\u021bia formulat\u0103 de Strabag a fost respins\u0103 la \u00eenceput de august, iar procedurile au putut s\u0103 \u00ee\u0219i urmeze cursul.<\/p>\n<blockquote>\n<p>\u201eEste al patrulea pod la care \u00eencepem construc\u021bia anul acesta, dup\u0103 podul Muncii, pasajul Polon\u0103 \u0219i podul pietonal \u0219i velo de la Parcul Copiilor. Leg\u0103tura de la Solventul \u2013 pasaj \u0219i pod \u2013 pe care au a\u0219teptat-o genera\u021bii de timi\u0219oreni devine realitate\u201d, a declarat primarul Dominic Fritz<\/p>\n<\/blockquote>\n<p>Reprezentan\u021bii prim\u0103riei mai spun c\u0103 noua leg\u0103tur\u0103 dintre Ron\u021ba \u0219i D\u00e2mbovi\u021ba reprezint\u0103 o investi\u021bie strategic\u0103 de infrastructur\u0103, conect\u00e2nd cele dou\u0103 zone at\u00e2t rutier, c\u00e2t \u0219i prin transport public, velo \u0219i pietonal, \u0219i prelu\u00e2nd o parte din traficul care traverseaz\u0103 \u00een prezent zona central\u0103.<\/p>\n<h3><strong>Nu se face doar podul<\/strong><\/h3>\n<p>Investi\u021bia municipalit\u0103\u021bii nu se rezum\u0103 doar la construirea noului pod cu linie dubl\u0103 de tramvai, patru benzi auto, piste pentru biciclete \u0219i trotuare generoase, ci prevede \u0219i l\u0103rgirea bulevardului D\u00e2mbovi\u021ba, de la noul pod p\u00e2n\u0103 la intersec\u021bia cu str. Ion Barac \u0219i introducerea liniei de tramvai pe acest tronson. Vor mai fi reconfigurate intersec\u021bia cu bulevardul D\u00e2mbovi\u021ba, pistele de biciclet\u0103 de pe malul Beg\u0103i \u0219i sistemul de iluminat public. Vor fi montate \u0219i dou\u0103 lifturi, dintre care unul va avea \u0219i rol de punct de belvedere.<\/p>\n<p>Podul Solventul \u00een sine va avea o lungime de 55,5 metri \u0219i o l\u0103\u021bime de 35,5 metri, unind strada G\u0103rii cu bulevardul D\u00e2mbovi\u021ba \u0219i complet\u00e2nd Inelul IV de circula\u021bie. Pentru drumul de leg\u0103tur\u0103 \u00eentre Podul Solventul \u0219i pasajul Solventul, \u00een prezent, este \u00een derulare procedura de expropriere.<\/p>\n<p>Valoarea contractului este de 96 de milioane de lei, cu TVA, iar termenul de executare a lucr\u0103rilor este de 24 de luni de la emiterea ordinului de \u00eencepere. Investi\u021bia este finan\u021bat\u0103 prin Programul Regional Vest 2021\u20132027, Interven\u021bia Regional\u0103 4.1 \u2013 Mobilitate urban\u0103 sustenabil\u0103.<\/p>\n<p>V\u0103 amintim, <strong><a href=\"https:\/\/www.tion.ro\/stirile-judetului-timis\/terenul-contaminat-de-la-solventul-un-obstacol-in-calea-pasajului-fritz-este-nevoie-de-solutii-si-actiuni-1703758\/\" target=\"_blank\" rel=\"noopener\">o bun\u0103 parte a terenului din zona fostului combinat Solventul este contaminat\u0103 chimic<\/a><\/strong>, dar \u00een august 2024 <strong><a href=\"https:\/\/www.tion.ro\/stirile-judetului-timis\/incep-exproprierile-terenurilor-de-la-viitorul-pod-solventul-1918566\/\" target=\"_blank\" rel=\"noopener\">a fost g\u0103sit\u0103 o solu\u021bie<\/a><\/strong> \u0219i au \u00eenceput exproprierile.<\/p>\n<p>Podul are studiul de fezabilitate aprobat <strong><a href=\"https:\/\/www.tion.ro\/stirile-judetului-timis\/valoarea-podului-solventul-necesar-pentru-inchiderea-inelului-iv-vest-estimata-la-peste-40-de-milioane-de-euro-1747024\/\" target=\"_blank\" rel=\"noopener\">din august 2024,<\/a><\/strong>iar \u00een iulie 2025, Prim\u0103ria Timi\u0219oara <strong><a href=\"https:\/\/www.tion.ro\/stirile-judetului-timis\/finantare-europeana-de-aproape-20-de-milioane-de-euro-pentru-podul-solventul-2095494\/\" target=\"_blank\" rel=\"noopener\">a ob\u021binut \u0219i finan\u021barea european\u0103 pentru noul proiect<\/a><\/strong>. Licita\u021bia pentru<strong><a href=\"https:\/\/www.tion.ro\/stirile-judetului-timis\/start-la-licitatie-podul-solventul-va-lega-strada-garii-de-bulevardul-dambovita-pentru-peste-100-de-milioane-de-lei-2135280\/\" target=\"_blank\" rel=\"noopener\"><em> \u201eExecu\u021bie lucr\u0103ri aferente obiectivului de investi\u021bii \u00abC9b Inelul IV Vest: conexiunea Str. G\u0103rii \u2013 Bd. D\u00e2mbovi\u0163a, ETAPA 1 \u2013 Lucr\u0103ri de drumuri, poduri, linii de tramvai\u00bb\u201d <\/em><\/a><\/strong>a fost lansat\u0103 \u00een septembrie 2025, la o valoare estimat\u0103 de peste 120 de milioane de lei, cu TVA.<\/p>\n<p>S-au \u00eenscris \u0219apte ofertan\u021bi, iar <strong><a href=\"https:\/\/www.tion.ro\/stirile-judetului-timis\/podul-solventul-primul-construit-de-la-zero-dupa-revolutie-are-constructor-2264137\/\" target=\"_blank\" rel=\"noopener\">\u00een aprilie a fost desemnat c\u00e2\u0219tig\u0103torul<\/a><\/strong>. A urmat o contesta\u021bie, respins\u0103 p\u00e2n\u0103 la urm\u0103 de CNSC, iar acum contractul a putut fi semnat.<\/p>\n<div class=\"fbShareLikeTwitterAndEmailContainer\">\n<div class=\"wrapper\">\n<div class=\"email\">\n<div id=\"mailto-pop\" class=\"pop-form pop-form-mailto\">\n<div class=\"pop-form-header\">\n<h4>Trimite articolul<\/h4>\n<p><a class=\"pop-form-close\">X<\/a><\/div>\n<\/div>\n<\/div>\n<\/div>\n<\/div>\n<div class=\"tagsContainer\">\n<div class=\"tagsLabel\">Taguri:<\/div>\n<div class=\"tags\">\n<div class=\"tag\"><a href=\"https:\/\/www.tion.ro\/cimke\/contestatie-licitatie\" rel=\"tag\"><span class=\"link\">contesta\u021bie licita\u021bie<\/span><span class=\"separator\">,<\/span><\/a><\/div>\n<div class=\"tag\"><a href=\"https:\/\/www.tion.ro\/cimke\/freyrom\" rel=\"tag\"><span class=\"link\">freyrom<\/span><span class=\"separator\">,<\/span><\/a><\/div>\n<div class=\"tag\"><a href=\"https:\/\/www.tion.ro\/cimke\/pod-solventul\" rel=\"tag\"><span class=\"link\">pod solventul<\/span><\/a><\/div>\n<\/div>\n<\/div>\n<div class=\"comments\">\n<div class=\"top\">\n<div class=\"commentsNumber\"><span class=\"number\">0<\/span><span class=\"text\">Comentarii<\/span><\/div>\n<\/div>\n<div class=\"center\">\n<div id=\"respond\" class=\"comment-respond\">\n<h3 id=\"reply-title\" class=\"comment-reply-title\"><small><a rel=\"nofollow\" id=\"cancel-comment-reply-link\" href=\"https:\/\/www.tion.ro\/stirile-judetului-timis\/contestatie-respinsa-si-contract-semnat-aproape-100-de-milioane-de-lei-pentru-noul-pod-solventul-2346318\/#respond\">Cancel reply<\/a><\/small><\/h3>\n<p class=\"comment-notes\"><span id=\"email-notes\">Your email address will not be published.<\/span><span class=\"required-field-message\">Required fields are marked <span class=\"required\">*<\/span><\/span><\/p>\n<p class=\"commentFormComment\"><span id=\"commentFormCount\"><br \/>\n                            inca<br \/>\n                            <span id=\"countCommentText\">1000<\/span><br \/>\n                            caractere ramase<br \/>\n                        <\/span><\/p>\n<\/div>\n<\/div>\n<div class=\"bottom\">\n<p class=\"forumDisclaimerHuRo\">\n            Citi\u021bi principiile noastre de moderare <a href=\"https:\/\/www.tion.ro\/reguli-postare-comentarii\/\" target=\"_blank\">aici<\/a>!\n        <\/p>\n<\/div>\n<\/div>\n<\/div>\n<\/div>\n<p>[analyse_source url=&#8221;https:\/\/www.tion.ro\/stirile-judetului-timis\/contestatie-respinsa-si-contract-semnat-aproape-100-de-milioane-de-lei-pentru-noul-pod-solventul-2346318\/&#8221;]<\/p>\n","protected":false},"excerpt":{"rendered":"<p>[analyse_image type=&#8221;featured&#8221; src=&#8221;https:\/\/www.tion.ro\/wp-content\/uploads\/2022\/09\/+otf\/1200&#215;630\/qnfNojsBbneC7VJn9eg0ok5PVF9WRVJZX1NFQ9fmmPWDYsIHFOok3Nk7kgx2eY7DU7nFXq7HAboJeTCAiit8OjWs+f99OT+Ow2MPj6BkKaNgPJbB6qNmOaEBV6Y=\/2887125podsolventulproiect3.jpg&#8221;] Contractul pentru \u201econstruirea primului pod rutier peste Bega dup\u0103 Revolu\u021bie\u201d, dup\u0103 cum prezint\u0103 Prim\u0103ria Timi\u0219oara, noul Pod Solventul, a fost semnat cu asocierea FREYROM SA (lider) \u2013 PROCONS GROUP SRL, care fusese desemnat\u0103 c\u00e2\u0219tig\u0103toare \u00eenc\u0103 din aprilie. Consta\u021bia formulat\u0103 de Strabag a fost respins\u0103 la \u00eenceput de august, iar procedurile au putut [&hellip;]<\/p>\n","protected":false},"author":1,"featured_media":0,"comment_status":"open","ping_status":"","sticky":false,"template":"","format":"standard","meta":{"footnotes":""},"categories":[89],"tags":[226,191],"class_list":["post-2126311","post","type-post","status-publish","format-standard","hentry","category-romania","tag-crawlmanager","tag-tion-ro"],"_links":{"self":[{"href":"https:\/\/analyse.optim.biz\/index.php?rest_route=\/wp\/v2\/posts\/2126311","targetHints":{"allow":["GET"]}}],"collection":[{"href":"https:\/\/analyse.optim.biz\/index.php?rest_route=\/wp\/v2\/posts"}],"about":[{"href":"https:\/\/analyse.optim.biz\/index.php?rest_route=\/wp\/v2\/types\/post"}],"author":[{"embeddable":true,"href":"https:\/\/analyse.optim.biz\/index.php?rest_route=\/wp\/v2\/users\/1"}],"replies":[{"embeddable":true,"href":"https:\/\/analyse.optim.biz\/index.php?rest_route=%2Fwp%2Fv2%2Fcomments&post=2126311"}],"version-history":[{"count":0,"href":"https:\/\/analyse.optim.biz\/index.php?rest_route=\/wp\/v2\/posts\/2126311\/revisions"}],"wp:attachment":[{"href":"https:\/\/analyse.optim.biz\/index.php?rest_route=%2Fwp%2Fv2%2Fmedia&parent=2126311"}],"wp:term":[{"taxonomy":"category","embeddable":true,"href":"https:\/\/analyse.optim.biz\/index.php?rest_route=%2Fwp%2Fv2%2Fcategories&post=2126311"},{"taxonomy":"post_tag","embeddable":true,"href":"https:\/\/analyse.optim.biz\/index.php?rest_route=%2Fwp%2Fv2%2Ftags&post=2126311"}],"curies":[{"name":"wp","href":"https:\/\/api.w.org\/{rel}","templated":true}]}}