{"id":2126308,"date":"2026-09-03T15:36:20","date_gmt":"2026-09-03T12:36:20","guid":{"rendered":"https:\/\/analyse.optim.biz\/?p=2126308"},"modified":"2026-09-03T15:36:20","modified_gmt":"2026-09-03T12:36:20","slug":"barbat-din-timis-care-a-furat-bunurile-unor-angajati-cfr-din-arad-prins-de-politisti","status":"publish","type":"post","link":"https:\/\/analyse.optim.biz\/?p=2126308","title":{"rendered":"B\u0103rbat din Timi\u0219 care a furat bunurile unor angaja\u021bi CFR din Arad, prins de poli\u021bi\u0219ti"},"content":{"rendered":"<p>[analyse_image type=&#8221;featured&#8221; src=&#8221;https:\/\/www.pressalert.ro\/wp-content\/uploads\/2020\/11\/politia-masina-GBZ-15.jpghttps:\/\/www.pressalert.ro\/wp-content\/uploads\/2020\/11\/politia-masina-GBZ-15.jpg&#8221;]<\/p>\n<article id=\"post-590054\" class=\"post-590054 post type-post status-publish format-standard has-post-thumbnail hentry category-editori category-stiri category-arad-stiri-locale category-stiri-locale tag-cartier-gradiste-arad tag-furt-gara-arad tag-furt-statia-cf-arad tag-ipj-arad tag-operatiuni-financiare-frauduloase tag-politia-transporturi-arad tag-retinut-arad tag-stiri-arad\">\n<div class=\"td-post-header td-pb-padding-side\">\n<div class=\"entry-crumbs\"><span><a title class=\"entry-crumb\" href=\"https:\/\/www.pressalert.ro\/\"><span>Acas\u0103<\/span><\/a><\/span><span><a title=\"Vede\u021bi toate articolele \u00een Recomand\u0103rile editorilor\" class=\"entry-crumb\" href=\"https:\/\/www.pressalert.ro\/category\/editori\/\"><span>Recomand\u0103rile editorilor<\/span><\/a><\/span><span class=\"td-bred-no-url-last\">B\u0103rbat din Timi\u0219 care a furat bunurile unor angaja\u021bi CFR din Arad,&#8230;<\/span><\/div>\n<ul class=\"td-category\">\n<li class=\"entry-category\"><a href=\"https:\/\/www.pressalert.ro\/category\/editori\/\">Recomand\u0103rile editorilor<\/a><\/li>\n<li class=\"entry-category\"><a href=\"https:\/\/www.pressalert.ro\/category\/stiri\/\">\u015etiri<\/a><\/li>\n<li class=\"entry-category\"><a href=\"https:\/\/www.pressalert.ro\/category\/stiri\/stiri-locale\/\">\u0218tiri locale<\/a><\/li>\n<li class=\"entry-category\"><a href=\"https:\/\/www.pressalert.ro\/category\/stiri\/stiri-locale\/arad-stiri-locale\/\">\u0218tiri Arad<\/a><\/li>\n<\/ul>\n<header>\n<h1 class=\"entry-title\">B\u0103rbat din Timi\u0219 care a furat bunurile unor angaja\u021bi CFR din Arad, prins de poli\u021bi\u0219ti<\/h1>\n<div class=\"meta-info\">\n<div class=\"td-post-author-name\">\n<div class=\"td-author-by\">De<\/div>\n<p><a href=\"https:\/\/www.pressalert.ro\/author\/marius-popescu\/\">Marius Popescu<\/a><\/p>\n<div class=\"td-author-line\"> &#8211; <\/div>\n<\/div>\n<p><span class=\"td-post-date\"><time class=\"entry-date updated td-module-date\" datetime=\"2026-09-03T15:36:20+00:00\">sept. 3, 2026<\/time><\/span><\/p>\n<div class=\"td-post-comments\"><a href=\"https:\/\/www.pressalert.ro\/2026\/09\/barbat-din-timis-care-a-furat-bunurile-unor-angajati-cfr-din-arad-prins-de-politisti\/#respond\">0<\/a><\/div>\n<\/div>\n<\/header>\n<\/div>\n<div class=\"td-post-sharing td-post-sharing-top td-pb-padding-side\"><span class=\"td-post-share-title\">DISTRIBUI\u021aI<\/span><\/p>\n<div class=\"td-default-sharing \"><a class=\"td-social-sharing-buttons td-social-facebook\" href=\"https:\/\/www.facebook.com\/sharer.php?u=https%3A%2F%2Fwww.pressalert.ro%2F2026%2F09%2Fbarbat-din-timis-care-a-furat-bunurile-unor-angajati-cfr-din-arad-prins-de-politisti%2F\"><\/p>\n<div class=\"td-social-but-text\">Facebook<\/div>\n<p><\/a><a class=\"td-social-sharing-buttons td-social-twitter\" href=\"https:\/\/twitter.com\/intent\/tweet?text=B%C4%83rbat+din+Timi%C8%99+care+a+furat+bunurile+unor+angaja%C8%9Bi+CFR+din+Arad%2C+prins+de+poli%C8%9Bi%C8%99ti&amp;url=https%3A%2F%2Fwww.pressalert.ro%2F2026%2F09%2Fbarbat-din-timis-care-a-furat-bunurile-unor-angajati-cfr-din-arad-prins-de-politisti%2F&amp;via=PRESSALERT.ro\"><\/p>\n<div class=\"td-social-but-text\">Twitter<\/div>\n<p><\/a><\/div>\n<\/div>\n<div class=\"td-post-content td-pb-padding-side\">\n<figure class=\"wp-block-image size-large\"><img loading=\"lazy\" decoding=\"async\" width=\"1162\" height=\"768\" src=\"https:\/\/www.pressalert.ro\/wp-content\/uploads\/2020\/11\/politia-masina-GBZ-15-1162x768.jpg\" alt class=\"wp-image-412588\"><figcaption class=\"wp-element-caption\">Foto: Arhiv\u0103<\/figcaption><\/figure>\n<p>Poli\u021bi\u0219tii Serviciului Jude\u021bean de Poli\u021bie Transporturi Arad au identificat \u0219i re\u021binut un b\u0103rbat \u00een v\u00e2rst\u0103 de 32 de ani, din jude\u021bul Timi\u0219, b\u0103nuit c\u0103 ar fi furat din incinta g\u0103rii din Arad.<\/p>\n<p>Sesizarea a fost f\u0103cut\u0103 pe 2 septembrie 2026, dup\u0103 ce persoane necunoscute au sustras mai multe gen\u021bi \u00een care se aflau bani, carduri bancare \u0219i documente apar\u021bin\u00e2nd unor angaja\u021bi din sta\u021bia C.F.<\/p>\n<p> Arad. \u00cen urma investiga\u021biilor rapide, \u00een noaptea de 2 spre 3 septembrie, poli\u021bi\u0219tii au dat de urma suspectului, acesta fiind depistat \u0219i prins \u00een cartierul Gr\u0103di\u0219te din municipiul Arad.<\/p>\n<p>\u00cen baza probatoriului adunat de oameni legii, b\u0103rbatul a fost re\u021binut pentru 24 de ore. Prejudiciul, evaluat la aproximativ 1.300 de lei, a fost recuperat \u00een totalitate de poli\u021bi\u0219ti.<\/p>\n<p>Cercet\u0103rile sunt continuate \u00eentr-un dosar penal deschis sub aspectul s\u0103v\u00e2r\u0219irii infrac\u021biunilor de furt \u0219i efectuarea de opera\u021biuni financiare \u00een mod fraudulos.<\/p>\n<\/div>\n<footer>\n<div class=\"td-post-source-tags td-pb-padding-side\">\n<ul class=\"td-tags td-post-small-box clearfix\">\n<li><span>ETICHETE<\/span><\/li>\n<li><a href=\"https:\/\/www.pressalert.ro\/tag\/cartier-gradiste-arad\/\">cartier Gradiste Arad<\/a><\/li>\n<li><a href=\"https:\/\/www.pressalert.ro\/tag\/furt-gara-arad\/\">furt gara Arad<\/a><\/li>\n<li><a href=\"https:\/\/www.pressalert.ro\/tag\/furt-statia-cf-arad\/\">furt statia CF Arad<\/a><\/li>\n<li><a href=\"https:\/\/www.pressalert.ro\/tag\/ipj-arad\/\">ipj arad<\/a><\/li>\n<li><a href=\"https:\/\/www.pressalert.ro\/tag\/operatiuni-financiare-frauduloase\/\">operatiuni financiare frauduloase<\/a><\/li>\n<li><a href=\"https:\/\/www.pressalert.ro\/tag\/politia-transporturi-arad\/\">Politia Transporturi Arad<\/a><\/li>\n<li><a href=\"https:\/\/www.pressalert.ro\/tag\/retinut-arad\/\">re\u021binut Arad<\/a><\/li>\n<li><a href=\"https:\/\/www.pressalert.ro\/tag\/stiri-arad\/\">stiri arad<\/a><\/li>\n<\/ul>\n<\/div>\n<div class=\"td-post-sharing td-post-sharing-bottom td-pb-padding-side\"><span class=\"td-post-share-title\">DISTRIBUI\u021aI<\/span><\/p>\n<div class=\"td-default-sharing \"><a class=\"td-social-sharing-buttons td-social-facebook\" href=\"https:\/\/www.facebook.com\/sharer.php?u=https%3A%2F%2Fwww.pressalert.ro%2F2026%2F09%2Fbarbat-din-timis-care-a-furat-bunurile-unor-angajati-cfr-din-arad-prins-de-politisti%2F\"><\/p>\n<div class=\"td-social-but-text\">Facebook<\/div>\n<p><\/a><a class=\"td-social-sharing-buttons td-social-twitter\" href=\"https:\/\/twitter.com\/intent\/tweet?text=B%C4%83rbat+din+Timi%C8%99+care+a+furat+bunurile+unor+angaja%C8%9Bi+CFR+din+Arad%2C+prins+de+poli%C8%9Bi%C8%99ti&amp;url=https%3A%2F%2Fwww.pressalert.ro%2F2026%2F09%2Fbarbat-din-timis-care-a-furat-bunurile-unor-angajati-cfr-din-arad-prins-de-politisti%2F&amp;via=PRESSALERT.ro\"><\/p>\n<div class=\"td-social-but-text\">Twitter<\/div>\n<p><\/a><\/div>\n<\/div>\n<div class=\"td-block-row td-post-next-prev\">\n<div class=\"td-block-span6 td-post-prev-post\">\n<div class=\"td-post-next-prev-content\"><span>Articolul precedent<\/span><a href=\"https:\/\/www.pressalert.ro\/2026\/09\/cciat-deschide-inscrierile-pentru-ultima-grupa-a-cursului-gratuit-de-marketing-online-destinat-angajatilor-din-regiunea-vest\/\">CCIAT deschide \u00eenscrierile pentru ultima grup\u0103 a cursului gratuit de Marketing Online destinat angaja\u021bilor din Regiunea Vest<\/a><\/div>\n<\/div>\n<div class=\"td-block-span6 td-post-next-post\">\n<div class=\"td-post-next-prev-content\"><span>Articolul urm\u0103tor<\/span><a href=\"https:\/\/www.pressalert.ro\/2026\/09\/15-milioane-de-euro-mita-la-anaf-timisoara-pentru-rambursare-de-tva\/\">1,5 milioane de euro mit\u0103 la ANAF Timi\u0219oara, pentru rambursare de TVA<\/a><\/div>\n<\/div>\n<\/div>\n<div class=\"author-box-wrap\"><a href=\"https:\/\/www.pressalert.ro\/author\/marius-popescu\/\"><img loading=\"lazy\" decoding=\"async\" alt src=\"https:\/\/secure.gravatar.com\/avatar\/6ff5b29455ffa79f6eac9c7ee3cb2891?s=96&amp;d=mm&amp;r=g\" class=\"avatar avatar-96 photo\" height=\"96\" width=\"96\"><\/a><\/p>\n<div class=\"desc\">\n<div class=\"td-author-name vcard author\"><span class=\"fn\"><a href=\"https:\/\/www.pressalert.ro\/author\/marius-popescu\/\">Marius Popescu<\/a><\/span><\/div>\n<div class=\"td-author-url\"><a href=\"https:\/\/www.pressalert.ro\">http:\/\/www.pressalert.ro<\/a><\/div>\n<\/div>\n<\/div>\n<p><span><\/span><span><span><\/span><\/span><span><\/span><\/footer>\n<\/article>\n<div class=\"td-post-content td-pb-padding-side\">\n<figure class=\"wp-block-image size-large\"><img loading=\"lazy\" decoding=\"async\" width=\"1162\" height=\"768\" src=\"https:\/\/www.pressalert.ro\/wp-content\/uploads\/2020\/11\/politia-masina-GBZ-15-1162x768.jpg\" alt class=\"wp-image-412588\"><figcaption class=\"wp-element-caption\">Foto: Arhiv\u0103<\/figcaption><\/figure>\n<p>Poli\u021bi\u0219tii Serviciului Jude\u021bean de Poli\u021bie Transporturi Arad au identificat \u0219i re\u021binut un b\u0103rbat \u00een v\u00e2rst\u0103 de 32 de ani, din jude\u021bul Timi\u0219, b\u0103nuit c\u0103 ar fi furat din incinta g\u0103rii din Arad.<\/p>\n<p>Sesizarea a fost f\u0103cut\u0103 pe 2 septembrie 2026, dup\u0103 ce persoane necunoscute au sustras mai multe gen\u021bi \u00een care se aflau bani, carduri bancare \u0219i documente apar\u021bin\u00e2nd unor angaja\u021bi din sta\u021bia C.F.<\/p>\n<p> Arad. \u00cen urma investiga\u021biilor rapide, \u00een noaptea de 2 spre 3 septembrie, poli\u021bi\u0219tii au dat de urma suspectului, acesta fiind depistat \u0219i prins \u00een cartierul Gr\u0103di\u0219te din municipiul Arad.<\/p>\n<p>\u00cen baza probatoriului adunat de oameni legii, b\u0103rbatul a fost re\u021binut pentru 24 de ore. Prejudiciul, evaluat la aproximativ 1.300 de lei, a fost recuperat \u00een totalitate de poli\u021bi\u0219ti.<\/p>\n<p>Cercet\u0103rile sunt continuate \u00eentr-un dosar penal deschis sub aspectul s\u0103v\u00e2r\u0219irii infrac\u021biunilor de furt \u0219i efectuarea de opera\u021biuni financiare \u00een mod fraudulos.<\/p>\n<\/div>\n<p>[analyse_source url=&#8221;https:\/\/www.pressalert.ro\/2026\/09\/barbat-din-timis-care-a-furat-bunurile-unor-angajati-cfr-din-arad-prins-de-politisti\/&#8221;]<\/p>\n","protected":false},"excerpt":{"rendered":"<p>[analyse_image type=&#8221;featured&#8221; src=&#8221;https:\/\/www.pressalert.ro\/wp-content\/uploads\/2020\/11\/politia-masina-GBZ-15.jpghttps:\/\/www.pressalert.ro\/wp-content\/uploads\/2020\/11\/politia-masina-GBZ-15.jpg&#8221;] Acas\u0103Recomand\u0103rile editorilorB\u0103rbat din Timi\u0219 care a furat bunurile unor angaja\u021bi CFR din Arad,&#8230; Recomand\u0103rile editorilor \u015etiri \u0218tiri locale \u0218tiri Arad B\u0103rbat din Timi\u0219 care a furat bunurile unor angaja\u021bi CFR din Arad, prins de poli\u021bi\u0219ti De Marius Popescu &#8211; sept. 3, 2026 0 DISTRIBUI\u021aI Facebook Twitter Foto: Arhiv\u0103 Poli\u021bi\u0219tii Serviciului Jude\u021bean de [&hellip;]<\/p>\n","protected":false},"author":1,"featured_media":0,"comment_status":"open","ping_status":"","sticky":false,"template":"","format":"standard","meta":{"footnotes":""},"categories":[89],"tags":[226,176],"class_list":["post-2126308","post","type-post","status-publish","format-standard","hentry","category-romania","tag-crawlmanager","tag-pressalert-ro"],"_links":{"self":[{"href":"https:\/\/analyse.optim.biz\/index.php?rest_route=\/wp\/v2\/posts\/2126308","targetHints":{"allow":["GET"]}}],"collection":[{"href":"https:\/\/analyse.optim.biz\/index.php?rest_route=\/wp\/v2\/posts"}],"about":[{"href":"https:\/\/analyse.optim.biz\/index.php?rest_route=\/wp\/v2\/types\/post"}],"author":[{"embeddable":true,"href":"https:\/\/analyse.optim.biz\/index.php?rest_route=\/wp\/v2\/users\/1"}],"replies":[{"embeddable":true,"href":"https:\/\/analyse.optim.biz\/index.php?rest_route=%2Fwp%2Fv2%2Fcomments&post=2126308"}],"version-history":[{"count":0,"href":"https:\/\/analyse.optim.biz\/index.php?rest_route=\/wp\/v2\/posts\/2126308\/revisions"}],"wp:attachment":[{"href":"https:\/\/analyse.optim.biz\/index.php?rest_route=%2Fwp%2Fv2%2Fmedia&parent=2126308"}],"wp:term":[{"taxonomy":"category","embeddable":true,"href":"https:\/\/analyse.optim.biz\/index.php?rest_route=%2Fwp%2Fv2%2Fcategories&post=2126308"},{"taxonomy":"post_tag","embeddable":true,"href":"https:\/\/analyse.optim.biz\/index.php?rest_route=%2Fwp%2Fv2%2Ftags&post=2126308"}],"curies":[{"name":"wp","href":"https:\/\/api.w.org\/{rel}","templated":true}]}}