{"id":2126304,"date":"2026-09-03T14:30:22","date_gmt":"2026-09-03T11:30:22","guid":{"rendered":"https:\/\/analyse.optim.biz\/?p=2126304"},"modified":"2026-09-03T14:30:22","modified_gmt":"2026-09-03T11:30:22","slug":"punctul-de-trecere-a-frontierei-isaccea-orlivka-redevine-functional","status":"publish","type":"post","link":"https:\/\/analyse.optim.biz\/?p=2126304","title":{"rendered":"Punctul de trecere a frontierei Isaccea \u2013 Orlivka redevine func\u021bional"},"content":{"rendered":"<p>[analyse_image type=&#8221;featured&#8221; src=&#8221;https:\/\/img.svnews.ro\/foto\/2026\/09\/03\/557710\/2b8bad847c10b6fc1a956ce29.jpg&#8221;]<\/p>\n<div class=\"entry\"><img loading=\"lazy\" decoding=\"async\" width=\"650\" height=\"325\" src=\"https:\/\/img.svnews.ro\/foto\/2026\/09\/03\/557710\/2b8bad847c10b6fc1a956ce2906500325.jpg\" alt><\/p>\n<div class=\"entry_content\">\n<p>Autoritatea Vamal\u0103 Rom\u00e2n\u0103 informeaz\u0103 c\u0103, \u00eencep\u00e2nd cu data de 3 septembrie 2026, ora 09:00, se reia traficul prin punctul de trecere a frontierei Isaccea \u2013 Orlivka.<\/p>\n<p>Reluarea activit\u0103\u021bii are loc dup\u0103 finalizarea verific\u0103rilor \u0219i probelor efectuate la infrastructura punctului de trecere \u0219i la traversarea cu bacul, ca urmare a suspend\u0103rii temporare dispuse la 1 septembrie 2026.<\/p>\n<p>\u00cencep\u00e2nd cu ora men\u021bionat\u0103, persoanele, m\u0103rfurile \u0219i mijloacele de transport pot utiliza din nou leg\u0103tura cu bacul Isaccea \u2013 Orlivka, formalit\u0103\u021bile vamale urm\u00e2nd a se efectua \u00een condi\u021bii normale.<\/p>\n<p>Operatorii economici care \u0219i-au redirec\u021bionat cursele c\u0103tre alte puncte de trecere a frontierei pe perioada suspend\u0103rii pot reveni la utilizarea rutei prin Isaccea, \u00een func\u021bie de propriul program de transport.<\/p>\n<p>Inspectorii vamali din cadrul Biroului Vamal de Frontier\u0103 Isaccea asigur\u0103 procesarea fluxurilor de trafic \u00een condi\u021bii de normalitate \u0219i men\u021bin leg\u0103tura cu autorit\u0103\u021bile partenere.<\/p>\n<p>Informa\u021biile actualizate sunt disponibile pe <a href=\"http:\/\/www.customs.ro\">www.customs.ro<\/a> \u0219i pe paginile oficiale ale Autorit\u0103\u021bii Vamale Rom\u00e2ne.<\/p>\n<\/div>\n<div>\n<div>VN:F [1.9.22_1171]<\/div>\n<div class=\"ratingblock \">\n<div class=\"ratingstars \">\n<div id=\"article_loader_557710\" class=\"ratingloaderarticle\">\n<div class=\"loader arrows \">\n<div class=\"loaderinner\">se actualizeaz\u0103&#8230;<\/div>\n<\/div>\n<\/div>\n<\/div>\n<div class=\"ratingtext \">\n<div id=\"gdr_text_a557710\">Rating: 0.0\/<strong>10<\/strong> (0 votes cast)<\/div>\n<\/div>\n<\/div>\n<\/div>\n<\/div>\n<div class=\"entry_content\">\n<p>Autoritatea Vamal\u0103 Rom\u00e2n\u0103 informeaz\u0103 c\u0103, \u00eencep\u00e2nd cu data de 3 septembrie 2026, ora 09:00, se reia traficul prin punctul de trecere a frontierei Isaccea \u2013 Orlivka.<\/p>\n<p>Reluarea activit\u0103\u021bii are loc dup\u0103 finalizarea verific\u0103rilor \u0219i probelor efectuate la infrastructura punctului de trecere \u0219i la traversarea cu bacul, ca urmare a suspend\u0103rii temporare dispuse la 1 septembrie 2026.<\/p>\n<p>\u00cencep\u00e2nd cu ora men\u021bionat\u0103, persoanele, m\u0103rfurile \u0219i mijloacele de transport pot utiliza din nou leg\u0103tura cu bacul Isaccea \u2013 Orlivka, formalit\u0103\u021bile vamale urm\u00e2nd a se efectua \u00een condi\u021bii normale.<\/p>\n<p>Operatorii economici care \u0219i-au redirec\u021bionat cursele c\u0103tre alte puncte de trecere a frontierei pe perioada suspend\u0103rii pot reveni la utilizarea rutei prin Isaccea, \u00een func\u021bie de propriul program de transport.<\/p>\n<p>Inspectorii vamali din cadrul Biroului Vamal de Frontier\u0103 Isaccea asigur\u0103 procesarea fluxurilor de trafic \u00een condi\u021bii de normalitate \u0219i men\u021bin leg\u0103tura cu autorit\u0103\u021bile partenere.<\/p>\n<p>Informa\u021biile actualizate sunt disponibile pe <a href=\"http:\/\/www.customs.ro\">www.customs.ro<\/a> \u0219i pe paginile oficiale ale Autorit\u0103\u021bii Vamale Rom\u00e2ne.<\/p>\n<\/div>\n<p>[analyse_source url=&#8221;https:\/\/www.svnews.ro\/punctul-de-trecere-a-frontierei-isaccea-orlivka-redevine-functional\/557710\/&#8221;]<\/p>\n","protected":false},"excerpt":{"rendered":"<p>[analyse_image type=&#8221;featured&#8221; src=&#8221;https:\/\/img.svnews.ro\/foto\/2026\/09\/03\/557710\/2b8bad847c10b6fc1a956ce29.jpg&#8221;] Autoritatea Vamal\u0103 Rom\u00e2n\u0103 informeaz\u0103 c\u0103, \u00eencep\u00e2nd cu data de 3 septembrie 2026, ora 09:00, se reia traficul prin punctul de trecere a frontierei Isaccea \u2013 Orlivka. Reluarea activit\u0103\u021bii are loc dup\u0103 finalizarea verific\u0103rilor \u0219i probelor efectuate la infrastructura punctului de trecere \u0219i la traversarea cu bacul, ca urmare a suspend\u0103rii temporare dispuse [&hellip;]<\/p>\n","protected":false},"author":1,"featured_media":0,"comment_status":"open","ping_status":"","sticky":false,"template":"","format":"standard","meta":{"footnotes":""},"categories":[89],"tags":[226,175],"class_list":["post-2126304","post","type-post","status-publish","format-standard","hentry","category-romania","tag-crawlmanager","tag-svnews-ro"],"_links":{"self":[{"href":"https:\/\/analyse.optim.biz\/index.php?rest_route=\/wp\/v2\/posts\/2126304","targetHints":{"allow":["GET"]}}],"collection":[{"href":"https:\/\/analyse.optim.biz\/index.php?rest_route=\/wp\/v2\/posts"}],"about":[{"href":"https:\/\/analyse.optim.biz\/index.php?rest_route=\/wp\/v2\/types\/post"}],"author":[{"embeddable":true,"href":"https:\/\/analyse.optim.biz\/index.php?rest_route=\/wp\/v2\/users\/1"}],"replies":[{"embeddable":true,"href":"https:\/\/analyse.optim.biz\/index.php?rest_route=%2Fwp%2Fv2%2Fcomments&post=2126304"}],"version-history":[{"count":0,"href":"https:\/\/analyse.optim.biz\/index.php?rest_route=\/wp\/v2\/posts\/2126304\/revisions"}],"wp:attachment":[{"href":"https:\/\/analyse.optim.biz\/index.php?rest_route=%2Fwp%2Fv2%2Fmedia&parent=2126304"}],"wp:term":[{"taxonomy":"category","embeddable":true,"href":"https:\/\/analyse.optim.biz\/index.php?rest_route=%2Fwp%2Fv2%2Fcategories&post=2126304"},{"taxonomy":"post_tag","embeddable":true,"href":"https:\/\/analyse.optim.biz\/index.php?rest_route=%2Fwp%2Fv2%2Ftags&post=2126304"}],"curies":[{"name":"wp","href":"https:\/\/api.w.org\/{rel}","templated":true}]}}