{"id":2126267,"date":"2026-09-03T11:54:50","date_gmt":"2026-09-03T08:54:50","guid":{"rendered":"https:\/\/analyse.optim.biz\/?p=2126267"},"modified":"2026-09-03T11:54:50","modified_gmt":"2026-09-03T08:54:50","slug":"psd-acuza-usr-ca-vrea-sanctiuni-pentru-romania-la-bruxelles-incearca-sa-l-salveze-pe-condamnatul-fritz","status":"publish","type":"post","link":"https:\/\/analyse.optim.biz\/?p=2126267","title":{"rendered":"PSD acuz\u0103 USR c\u0103 vrea sanc\u021biuni pentru Rom\u00e2nia la Bruxelles: \u201e\u00cencearc\u0103 s\u0103-l salveze pe condamnatul Fritz\u201d"},"content":{"rendered":"<p>[analyse_image type=&#8221;featured&#8221; src=&#8221;https:\/\/s.iw.ro\/gateway\/g\/ZmlsZVNvdXJjZT1odHRwJTNBJTJGJTJG\/c3RvcmFnZTA4dHJhbnNjb2Rlci5yY3Mt\/cmRzLnJvJTJGc3RvcmFnZSUyRjIwMjYl\/MkYwOSUyRjAyJTJGMjkzNjA3OF8yOTM2\/MDc4X0lEMjYyNTg1LUlOUVVBTS1QSE9U\/T1MtR0VPUkdFLUNBTElOLmpwZyZ3PTEy\/MDAmaD02MzAmemM9MSZoYXNoPWJhMDA1\/ZjE3ODIwODY4ZDllYTliYjY5ZGRlMDk3NGNl.thumb.jpg&#8221;]<\/p>\n<div class=\"entry data-app-meta data-app-meta-article\" data-embed-base-url-canonical=\"https:\/\/www.digi24.ro\/embed\/stiri\/actualitate\/politica\/psd-acuza-usr-ca-vrea-sanctiuni-pentru-romania-la-bruxelles-incearca-sa-l-salveze-pe-condamnatul-fritz-3933687\">\n<p data-index=\"1\"><strong>PSD acuz\u0103 USR c\u0103 \u00eencearc\u0103 s\u0103 determine institu\u021biile europene s\u0103 intervin\u0103 \u00een cazul lui Dominic Fritz \u0219i sus\u021bine c\u0103 partidul ar urm\u0103ri astfel s\u0103 evite aplicarea unor sanc\u021biuni \u00een cazul conflictului de interese. Social-democra\u021bii afirm\u0103 c\u0103 demersurile USR la nivel european reprezint\u0103 \u201eun act iresponsabil de tr\u0103dare na\u021bional\u0103\u201d.<\/strong><\/p>\n<p data-index=\"2\">\u00centr-un comunicat transmis joi, PSD sus\u021bine c\u0103 USR ar \u00eencerca s\u0103 prezinte institu\u021biilor europene o situa\u021bie incomplet\u0103 \u00een leg\u0103tur\u0103 cu cazul lui Dominic Fritz.<\/p>\n<p data-index=\"3\">\u201ePSD condamn\u0103 ferm ac\u021biunile incalificabile \u00eentreprinse de USR la nivelul Uniunii Europene \u00eempotriva Rom\u00e2niei, \u00een \u00eencercarea de a-l salva pe condamnatul Dominic Fritz de sanc\u021biunile legale aplicabile \u00een cazul conflictului de interese\u201d, afirm\u0103 social-democra\u021bii.<\/p>\n<p data-index=\"4\">PSD acuz\u0103 USR c\u0103 ar solicita interven\u021bia institu\u021biilor europene \u00eempotriva Rom\u00e2niei, f\u0103r\u0103 s\u0103 men\u021bioneze, \u00een opinia partidului, situa\u021bia juridic\u0103 a lui Fritz.<\/p>\n<p data-index=\"5\">\u201e\u00cencercarea USR de a dezinforma Parlamentul European \u0219i Comisia European\u0103 pentru a interveni cu rezolu\u021bii \u0219i sanc\u021biuni \u00eempotriva Rom\u00e2niei reprezint\u0103 un act iresponsabil de tr\u0103dare na\u021bional\u0103!\u201d, arat\u0103 comunicatul de pres\u0103.<\/p>\n<p data-index=\"6\">Social-democra\u021bii sus\u021bin c\u0103 USR le-ar cere oficialilor europeni s\u0103 sanc\u021bioneze Rom\u00e2nia \u201e\u00een favoarea pre\u0219edintelui lor de partid\u201d, omi\u021b\u00e2nd faptul c\u0103 acesta ar fi fost condamnat definitiv pentru conflict de interese.<\/p>\n<p data-index=\"7\"><strong>Cite\u0219te \u0219i: <a href=\"https:\/\/www.digi24.ro\/stiri\/actualitate\/politica\/nicusor-dan-a-promulgat-legea-ani-dar-cere-parlamentului-sa-o-discute-din-nou-nu-ne-permitem-sa-nu-accesam-fonduri-pnrr-3925905\" data-skip-linkfix=\"1\">Legea ANI a fost publicat\u0103 \u00een Monitorul Oficial, dup\u0103 ce a fost promulgat\u0103 de Nicu\u0219or Dan. Nemul\u021bumirile pre\u0219edintelui<\/a><\/strong><\/p>\n<h2 id=\"highlight-3933687-1\">PSD invoc\u0103 recomand\u0103ri europene privind integritatea<\/h2>\n<p data-index=\"8\">PSD \u00ee\u0219i sus\u021bine acuza\u021biile prin referiri la rapoarte mai vechi ale Comisiei Europene privind statul de drept \u0219i integritatea \u00een Rom\u00e2nia.<\/p>\n<p data-index=\"9\">Partidul citeaz\u0103 Raportul anticorup\u021bie al UE din 2014, potrivit c\u0103ruia \u201eodat\u0103 definitive, deciziile de conflict de interese trebuie s\u0103 duc\u0103 la \u00eencetarea mandatului func\u021bionarului ales\u201d.<\/p>\n<p data-index=\"10\">\u00cen comunicat, PSD afirm\u0103 c\u0103 acest principiu ar fi fost ignorat de Dominic Fritz \u0219i de prefectul USR de Timi\u0219 \u0219i sus\u021bine c\u0103 acesta este prev\u0103zut at\u00e2t \u00een recomand\u0103rile europene, c\u00e2t \u0219i \u00een jurispruden\u021ba \u00cenaltei Cur\u021bi de Casa\u021bie \u0219i Justi\u021bie.<\/p>\n<p data-index=\"11\">Social-democra\u021bii invoc\u0103 \u0219i Raportul MCV din 2015, \u00een care Comisia European\u0103 recomanda Rom\u00e2niei \u201es\u0103 adopte legi stricte \u00een materie de integritate\u201d \u00een cazul ale\u0219ilor locali, \u201eav\u00e2nd \u00een vedere rolul-cheie jucat de ace\u0219tia \u00een cadrul procedurilor de achizi\u021bii publice\u201d.<\/p>\n<p data-index=\"12\"><strong>Cite\u0219te \u0219i: <a href=\"https:\/\/www.digi24.ro\/stiri\/externe\/ue\/comisia-europeana-cere-clarificari-din-partea-romaniei-privind-amendamentul-fritz-ca-parte-a-reformei-din-pnrr-surse-3932673\" data-skip-linkfix=\"1\">Comisia European\u0103 cere clarific\u0103ri din partea Rom\u00e2niei privind \u201eamendamentul Fritz\u201d, ca parte a reformei din PNRR (surse)<\/a><\/strong><\/p>\n<h2 id=\"highlight-3933687-2\">Critici la adresa modific\u0103rilor legislative propuse de USR<\/h2>\n<p data-index=\"13\">\u00cen ceea ce prive\u0219te situa\u021bia actual\u0103, PSD sus\u021bine c\u0103 USR ar fi \u00eencercat s\u0103 elimine sanc\u021biunile aplicabile \u00een cazul unor condamn\u0103ri definitive pentru conflict de interese prin amendamente la <a href=\"https:\/\/www.digi24.ro\/stiri\/actualitate\/politica\/usr-a-depus-o-noua-lege-a-integritatii-fara-amendamentul-anti-fritz-actuala-lege-incalca-normele-europene-3921089\" data-skip-linkfix=\"1\">noua Lege a Integrit\u0103\u021bii<\/a>.<\/p>\n<p data-index=\"14\">Partidul face referire la Raportul MCV din 2019, despre care afirm\u0103 c\u0103 a criticat propunerile de relaxare a sanc\u021biunilor pentru conflict de interese \u0219i incompatibilit\u0103\u021bi \u00een cazul ale\u0219ilor locali.<\/p>\n<p data-index=\"15\">PSD citeaz\u0103 din document recomandarea potrivit c\u0103reia \u201eaplicarea unor sanc\u021biuni suficient de disuasive \u00een caz de incompatibilitate \u0219i conflict de interese reprezint\u0103 un element important \u00een prevenirea corup\u021biei\u201d.<\/p>\n<p data-index=\"16\">Social-democra\u021bii sus\u021bin c\u0103 amendamentele propuse de USR ar fi urm\u0103rit \u201es\u0103 \u0219tearg\u0103 sanc\u021biunile aplicabile \u00een cazul condamn\u0103rii definitive a primarului Fritz \u0219i a altor ale\u0219i locali\u201d.<\/p>\n<p data-index=\"17\"><strong>Cite\u0219te \u0219i: <a href=\"https:\/\/www.digi24.ro\/stiri\/actualitate\/politica\/usr-vrea-sa-convinga-parlamentarii-sa-anuleze-amendamentul-fritz-ce-se-intampla-cu-clotilde-armand-condamnata-la-inchisoare-3930559\" data-skip-linkfix=\"1\">USR vrea s\u0103 conving\u0103 parlamentarii s\u0103 anuleze \u201eamendamentul Fritz\u201d. Ce se \u00eent\u00e2mpl\u0103 cu Clotilde Armand, condamnat\u0103 la \u00eenchisoare<\/a><\/strong><\/p>\n<p data-index=\"18\">\u201eDin fericire, aceast\u0103 tentativ\u0103 a USR a fost respins\u0103 \u00een Parlament\u201d, afirm\u0103 PSD, care sus\u021bine c\u0103 propriul amendament privind norma tranzitorie a noii legisla\u021bii a urm\u0103rit principiul formulat de Comisia European\u0103 \u00een 2019, respectiv evitarea situa\u021biei \u00een care sanc\u021biunile nu mai pot fi aplicate dup\u0103 pronun\u021barea unei hot\u0103r\u00e2ri judec\u0103tore\u0219ti definitive.<\/p>\n<p data-index=\"19\">\u00cen final, PSD calific\u0103 demersurile atribuite USR drept \u201eo campanie antina\u021bional\u0103, dar \u0219i antieuropean\u0103\u201d, sus\u021bin\u00e2nd c\u0103 acestea ar fi \u00een contradic\u021bie cu standardele europene privind integritatea.<\/p>\n<p data-index=\"20\">Legea privind integritatea va fi evaluat\u0103 \u00een cadrul celei <a href=\"https:\/\/www.digi24.ro\/stiri\/actualitate\/comisia-europeana-anunta-ca-legea-ani-cu-amendamentul-fritz-va-fi-evaluata-in-cadrul-ultimei-cereri-de-plata-a-romaniei-3921307\" data-skip-linkfix=\"1\">de-a \u015fasea \u015fi ultima cerere de plat\u0103<\/a>, care nu a fost \u00eenc\u0103 depus\u0103 de autorit\u0103\u0163ile rom\u00e2ne, precizeaz\u0103 Comisia European\u0103 \u00eentr-un r\u0103spuns pentru Agerpres, preciz\u00e2nd c\u0103 serviciile CE sunt angajate cu acestea \u00een discu\u0163ii tehnice care sus\u0163in implementarea PNRR p\u00e2n\u0103 la termenul-limit\u0103 de 31 august 2026.<\/p>\n<p> Editor : <a href=\"https:\/\/www.digi24.ro\/autor\/ana-petrescu\"> Ana Petrescu <\/a><\/p>\n<\/div>\n<p>[analyse_source url=&#8221;https:\/\/www.digi24.ro\/stiri\/actualitate\/politica\/psd-acuza-usr-ca-vrea-sanctiuni-pentru-romania-la-bruxelles-incearca-sa-l-salveze-pe-condamnatul-fritz-3933687&#8243;]<\/p>\n","protected":false},"excerpt":{"rendered":"<p>[analyse_image type=&#8221;featured&#8221; src=&#8221;https:\/\/s.iw.ro\/gateway\/g\/ZmlsZVNvdXJjZT1odHRwJTNBJTJGJTJG\/c3RvcmFnZTA4dHJhbnNjb2Rlci5yY3Mt\/cmRzLnJvJTJGc3RvcmFnZSUyRjIwMjYl\/MkYwOSUyRjAyJTJGMjkzNjA3OF8yOTM2\/MDc4X0lEMjYyNTg1LUlOUVVBTS1QSE9U\/T1MtR0VPUkdFLUNBTElOLmpwZyZ3PTEy\/MDAmaD02MzAmemM9MSZoYXNoPWJhMDA1\/ZjE3ODIwODY4ZDllYTliYjY5ZGRlMDk3NGNl.thumb.jpg&#8221;] PSD acuz\u0103 USR c\u0103 \u00eencearc\u0103 s\u0103 determine institu\u021biile europene s\u0103 intervin\u0103 \u00een cazul lui Dominic Fritz \u0219i sus\u021bine c\u0103 partidul ar urm\u0103ri astfel s\u0103 evite aplicarea unor sanc\u021biuni \u00een cazul conflictului de interese. Social-democra\u021bii afirm\u0103 c\u0103 demersurile USR la nivel european reprezint\u0103 \u201eun act iresponsabil de tr\u0103dare na\u021bional\u0103\u201d. \u00centr-un comunicat transmis joi, [&hellip;]<\/p>\n","protected":false},"author":1,"featured_media":0,"comment_status":"open","ping_status":"","sticky":false,"template":"","format":"standard","meta":{"footnotes":""},"categories":[89],"tags":[226,11],"class_list":["post-2126267","post","type-post","status-publish","format-standard","hentry","category-romania","tag-crawlmanager","tag-digi24"],"_links":{"self":[{"href":"https:\/\/analyse.optim.biz\/index.php?rest_route=\/wp\/v2\/posts\/2126267","targetHints":{"allow":["GET"]}}],"collection":[{"href":"https:\/\/analyse.optim.biz\/index.php?rest_route=\/wp\/v2\/posts"}],"about":[{"href":"https:\/\/analyse.optim.biz\/index.php?rest_route=\/wp\/v2\/types\/post"}],"author":[{"embeddable":true,"href":"https:\/\/analyse.optim.biz\/index.php?rest_route=\/wp\/v2\/users\/1"}],"replies":[{"embeddable":true,"href":"https:\/\/analyse.optim.biz\/index.php?rest_route=%2Fwp%2Fv2%2Fcomments&post=2126267"}],"version-history":[{"count":0,"href":"https:\/\/analyse.optim.biz\/index.php?rest_route=\/wp\/v2\/posts\/2126267\/revisions"}],"wp:attachment":[{"href":"https:\/\/analyse.optim.biz\/index.php?rest_route=%2Fwp%2Fv2%2Fmedia&parent=2126267"}],"wp:term":[{"taxonomy":"category","embeddable":true,"href":"https:\/\/analyse.optim.biz\/index.php?rest_route=%2Fwp%2Fv2%2Fcategories&post=2126267"},{"taxonomy":"post_tag","embeddable":true,"href":"https:\/\/analyse.optim.biz\/index.php?rest_route=%2Fwp%2Fv2%2Ftags&post=2126267"}],"curies":[{"name":"wp","href":"https:\/\/api.w.org\/{rel}","templated":true}]}}