{"id":2126264,"date":"2026-09-03T11:15:36","date_gmt":"2026-09-03T08:15:36","guid":{"rendered":"https:\/\/analyse.optim.biz\/?p=2126264"},"modified":"2026-09-03T11:15:36","modified_gmt":"2026-09-03T08:15:36","slug":"spitalul-nehoiu-trece-greu-etapa-acuzatiilor-banii-nu-s-au-pierdut-care-ar-fi-noile-termene","status":"publish","type":"post","link":"https:\/\/analyse.optim.biz\/?p=2126264","title":{"rendered":"Spitalul Nehoiu trece greu etapa acuza\u021biilor! Banii nu s-au pierdut! Care ar fi noile termene"},"content":{"rendered":"<p>[analyse_image type=&#8221;featured&#8221; src=&#8221;https:\/\/sansanews.ro\/wp-content\/uploads\/2025\/10\/553424379_1352944186839247_3006581347030903859_n.jpghttps:\/\/sansanews.ro\/wp-content\/uploads\/2025\/10\/553424379_1352944186839247_3006581347030903859_n.jpg&#8221;]<\/p>\n<div class=\"entry-content herald-entry-content\">\n<div class=\"herald-ad herald-ad-above-single\"><a href=\"https:\/\/buzau.21k.ro\/\"><img loading=\"lazy\" decoding=\"async\" src=\"https:\/\/sansanews.ro\/wp-content\/uploads\/2026\/08\/300x300-k21.gif\" alt width=\"300\" height=\"300\" class=\"aligncenter size-full wp-image-124436\"><\/a><\/div>\n<p>Spitalul Or\u0103\u0219enesc Nehoiu a trecut cu bine peste perioada de impas pe care a \u00eent\u00e2mpinat-o \u00een derularea proiectului finan\u021bat cu fonduri PNRR, iar primarul Ionu\u021b Milea d\u0103 asigur\u0103ri c\u0103 finan\u021barea european\u0103 nu s-a pierdut, de\u0219i lucr\u0103rile nu s-au \u00eencheiat p\u00e2n\u0103 la 31 august, termenul-limit\u0103 impus de Comisia European\u0103.<\/p>\n<p>Ionu\u021b Milea, primarul ora\u0219ului Nehoiu, a explicat<br \/>\ncare este situa\u021bia de la spital dup\u0103 ce \u00een spa\u021biul public au ap\u0103rut informa\u021bii<br \/>\nc\u0103, de fapt, s-ar fi pierdut bani din PNRR tocmai pentru c\u0103 lucr\u0103rile de<br \/>\nmodernizare \u00eenc\u0103 sunt \u00een derulare \u0219i acestea ar fi trebuit \u00eencheiate p\u00e2n\u0103 la<br \/>\nfinalul lunii august.<\/p>\n<blockquote class=\"wp-block-quote\">\n<p>\u201eLa momentul de fa\u021b\u0103 s-au depus toate documentele justificative pentru lucr\u0103rile care s-au executat. Proiectul PNRR a fost pe eficien\u021b\u0103 energetic\u0103. Noi, \u00eens\u0103, am hot\u0103r\u00e2t c\u0103, dac\u0103 tot lucr\u0103m \u0219i moderniz\u0103m un spital, s\u0103-l facem la standardele zilelor noastre. Adic\u0103 am recompartimentat toate saloanele cu b\u0103i proprii, iar aceste lucr\u0103ri nu au intrat \u00een finan\u021barea aceasta. Nu erau lucr\u0103ri eligibile. Toate aceste lucr\u0103ri ne-au \u021binut \u00een oarecare m\u0103sur\u0103 pe loc \u0219i nu s-au putut face astfel \u00eenc\u00e2t s\u0103 putem face recep\u021bia pe Legea 141, s\u0103 fie \u0219i ISU. S-a f\u0103cut un proces-verbal de recep\u021bie la stadiu fizic al lucr\u0103rilor, stadiu fizic care dep\u0103\u0219e\u0219te 90 \u0219i ceva la sut\u0103, din contractul pe PNRR pe care l-am avut. Am depus toate documentele, situa\u021biile de lucr\u0103ri. Finan\u021barea nu s-a pierdut\u201d, a declarat primarul Ionu\u021b Milea.<\/p>\n<\/blockquote>\n<p>\u00cen acela\u0219i timp, Mircea Onetz, consilier local, a<br \/>\ntras un semnal de alarm\u0103 public cu privire la situa\u021bia de la Nehoiu, subliniind<br \/>\nimportan\u021ba acestui proiect pentru comunitate.<\/p>\n<div class=\"wp-block-image\">\n<figure class=\"alignright is-resized\"><img loading=\"lazy\" decoding=\"async\" src=\"https:\/\/sansanews.ro\/wp-content\/uploads\/2026\/09\/790732036_1392333713042034_135775084090980346_n-1024x473.jpg\" alt class=\"wp-image-125785\" width=\"420\" height=\"193\"><figcaption>Mircea Onetz \u0219i prefectul Dimian<\/figcaption><\/figure>\n<\/div>\n<blockquote class=\"wp-block-quote\">\n<p>\u201eSpitalul trebuia s\u0103 fie gata, \u00eens\u0103 lucr\u0103rile nu au fost finalizate la timp. Pentru acest proiect, bugetul local a asigurat o cofinan\u021bare de 3,5 milioane de lei, ob\u021binut\u0103 printr-un \u00eemprumut. Practic, comunitatea noastr\u0103 \u0219i-a asumat deja o datorie important\u0103 pentru realizarea acestei investi\u021bii. Ieri, \u00een \u0219edin\u021ba Consiliului Local, domnul primar ne-a spus c\u0103 au fost depuse documentele necesare pentru a beneficia de \u00eenc\u0103 120 de zile pentru finalizarea lucr\u0103rilor, \u00een baza Legii nr. 141\/2026. Din informa\u021biile pe care le-am ob\u021binut ast\u0103zi, documentele necesare pentru \u00eencadrarea \u00een aceste prevederi nu au fost depuse\u201d, a scris pe Facebook Mircea Onetz.<\/p>\n<\/blockquote>\n<p>Consilierul local spune c\u0103 nu este vorba despre un<br \/>\natac politic \u0219i cere ca situa\u021bia s\u0103 fie l\u0103murit\u0103 public.<\/p>\n<blockquote class=\"wp-block-quote\">\n<p>\u201eNu este un atac politic, ci o situa\u021bie care trebuie explicat\u0103 \u0219i l\u0103murit\u0103. Dac\u0103 Nehoiu pierde bani europeni din cauza nerespect\u0103rii termenelor \u0219i a unor demersuri care nu au fost f\u0103cute la timp, cineva trebuie s\u0103 \u00ee\u0219i asume responsabilitatea\u201d.<\/p>\n<\/blockquote>\n<p>La r\u00e2ndul s\u0103u, primarul Ionu\u021b Milea d\u0103 asigur\u0103ri c\u0103<br \/>\nlucrarea \u00eenceput\u0103 la spital va fi dus\u0103 la cap\u0103t, iar la finalul anului<br \/>\npacien\u021bii vor avea o unitate medical\u0103 modern\u0103.<\/p>\n<blockquote class=\"wp-block-quote\">\n<p>\u201eNoi am \u00eencasat aproape to\u021bi banii din aceast\u0103 finan\u021bare, urm\u00e2nd ca, \u00een termen de 120 de zile, p\u00e2n\u0103 la 31 decembrie, s\u0103 \u00eencheiem toate lucr\u0103rile care vor fi suportate din bugetul local. Dar, \u00een propor\u021bie de 97-98%, s-au absorbit banii din PNRR. Nu v\u0103d niciun pericol ca aceast\u0103 investi\u021bie s\u0103 nu se finalizeze. Noi ne-am f\u0103cut datoria, tot ceea ce \u00eenseamn\u0103 documentele, le-am depus p\u00e2n\u0103 la 31 august. Am v\u0103zut \u0219i pe re\u021bele de socializare. Nu intru \u00een clinciuri cu nimeni. Lucr\u0103rile sunt \u00een regul\u0103, se lucreaz\u0103 intens \u0219i sunt \u00eencrez\u0103tor c\u0103, p\u00e2n\u0103 la 31 decembrie, o s\u0103 avem procesul-verbal la terminarea lucr\u0103rilor\u201d, a spus Ionu\u021b Milea.<\/p>\n<\/blockquote>\n<p>Potrivit primarului, valoarea lucr\u0103rilor din PNRR a<br \/>\nfost de circa 24 de milioane de lei, iar pentru cele neeligibile a mai fost<br \/>\nsuplimentat bugetul cu \u00eenc\u0103 6 milioane de lei, din alte surse.<\/p>\n<div class=\"meta-tags\"><span>Etichete<\/span><a href=\"https:\/\/sansanews.ro\/tag\/lucrari-pnrr-nehoiu\/\" rel=\"tag\">lucrari pnrr nehoiu<\/a><a href=\"https:\/\/sansanews.ro\/tag\/spital-nehoiu\/\" rel=\"tag\">spital Nehoiu<\/a><\/div>\n<div class=\"herald-share-content\">\n<div class=\"meks_ess rectangle no-labels outline\"><a class=\"meks_ess-item socicon-facebook\" data-url=\"http:\/\/www.facebook.com\/sharer\/sharer.php?u=https%3A%2F%2Fsansanews.ro%2Fspitalul-nehoiu-trece-greu-etapa-acuzatiilor-banii-nu-s-au-pierdut-care-ar-fi-noile-termene%2F&amp;t=Spitalul%20Nehoiu%20trece%20greu%20etapa%20acuza%C8%9Biilor%21%20Banii%20nu%20s-au%20pierdut%21%20Care%20ar%20fi%20noile%20termene\"><span>Facebook<\/span><\/a><a href=\"https:\/\/api.whatsapp.com\/send?text=Spitalul%20Nehoiu%20trece%20greu%20etapa%20acuza%C8%9Biilor%21%20Banii%20nu%20s-au%20pierdut%21%20Care%20ar%20fi%20noile%20termene%20https%3A%2F%2Fsansanews.ro%2Fspitalul-nehoiu-trece-greu-etapa-acuzatiilor-banii-nu-s-au-pierdut-care-ar-fi-noile-termene%2F\" class=\"meks_ess-item socicon-whatsapp prevent-share-popup\"><span>WhatsApp<\/span><\/a><a class=\"meks_ess-item socicon-twitter\" data-url=\"http:\/\/twitter.com\/intent\/tweet?url=https%3A%2F%2Fsansanews.ro%2Fspitalul-nehoiu-trece-greu-etapa-acuzatiilor-banii-nu-s-au-pierdut-care-ar-fi-noile-termene%2F&amp;text=Spitalul%20Nehoiu%20trece%20greu%20etapa%20acuza%C8%9Biilor%21%20Banii%20nu%20s-au%20pierdut%21%20Care%20ar%20fi%20noile%20termene\"><span>Twitter<\/span><\/a><a class=\"meks_ess-item socicon-pinterest\" data-url=\"http:\/\/pinterest.com\/pin\/create\/button\/?url=https%3A%2F%2Fsansanews.ro%2Fspitalul-nehoiu-trece-greu-etapa-acuzatiilor-banii-nu-s-au-pierdut-care-ar-fi-noile-termene%2F&amp;media=https%3A%2F%2Fsansanews.ro%2Fwp-content%2Fuploads%2F2025%2F10%2F553424379_1352944186839247_3006581347030903859_n.jpg&amp;description=Spitalul%20Nehoiu%20trece%20greu%20etapa%20acuza%C8%9Biilor%21%20Banii%20nu%20s-au%20pierdut%21%20Care%20ar%20fi%20noile%20termene\"><span>Pinterest<\/span><\/a><\/div>\n<\/div>\n<\/div>\n<div class=\"entry-content herald-entry-content\">\n<div class=\"herald-ad herald-ad-above-single\"><a href=\"https:\/\/buzau.21k.ro\/\"><img loading=\"lazy\" decoding=\"async\" src=\"https:\/\/sansanews.ro\/wp-content\/uploads\/2026\/08\/300x300-k21.gif\" alt width=\"300\" height=\"300\" class=\"aligncenter size-full wp-image-124436\"><\/a><\/div>\n<p>Spitalul Or\u0103\u0219enesc Nehoiu a trecut cu bine peste perioada de impas pe care a \u00eent\u00e2mpinat-o \u00een derularea proiectului finan\u021bat cu fonduri PNRR, iar primarul Ionu\u021b Milea d\u0103 asigur\u0103ri c\u0103 finan\u021barea european\u0103 nu s-a pierdut, de\u0219i lucr\u0103rile nu s-au \u00eencheiat p\u00e2n\u0103 la 31 august, termenul-limit\u0103 impus de Comisia European\u0103.<\/p>\n<p>Ionu\u021b Milea, primarul ora\u0219ului Nehoiu, a explicat<br \/>\ncare este situa\u021bia de la spital dup\u0103 ce \u00een spa\u021biul public au ap\u0103rut informa\u021bii<br \/>\nc\u0103, de fapt, s-ar fi pierdut bani din PNRR tocmai pentru c\u0103 lucr\u0103rile de<br \/>\nmodernizare \u00eenc\u0103 sunt \u00een derulare \u0219i acestea ar fi trebuit \u00eencheiate p\u00e2n\u0103 la<br \/>\nfinalul lunii august.<\/p>\n<blockquote class=\"wp-block-quote\">\n<p>\u201eLa momentul de fa\u021b\u0103 s-au depus toate documentele justificative pentru lucr\u0103rile care s-au executat. Proiectul PNRR a fost pe eficien\u021b\u0103 energetic\u0103. Noi, \u00eens\u0103, am hot\u0103r\u00e2t c\u0103, dac\u0103 tot lucr\u0103m \u0219i moderniz\u0103m un spital, s\u0103-l facem la standardele zilelor noastre. Adic\u0103 am recompartimentat toate saloanele cu b\u0103i proprii, iar aceste lucr\u0103ri nu au intrat \u00een finan\u021barea aceasta. Nu erau lucr\u0103ri eligibile. Toate aceste lucr\u0103ri ne-au \u021binut \u00een oarecare m\u0103sur\u0103 pe loc \u0219i nu s-au putut face astfel \u00eenc\u00e2t s\u0103 putem face recep\u021bia pe Legea 141, s\u0103 fie \u0219i ISU. S-a f\u0103cut un proces-verbal de recep\u021bie la stadiu fizic al lucr\u0103rilor, stadiu fizic care dep\u0103\u0219e\u0219te 90 \u0219i ceva la sut\u0103, din contractul pe PNRR pe care l-am avut. Am depus toate documentele, situa\u021biile de lucr\u0103ri. Finan\u021barea nu s-a pierdut\u201d, a declarat primarul Ionu\u021b Milea.<\/p>\n<\/blockquote>\n<p>\u00cen acela\u0219i timp, Mircea Onetz, consilier local, a<br \/>\ntras un semnal de alarm\u0103 public cu privire la situa\u021bia de la Nehoiu, subliniind<br \/>\nimportan\u021ba acestui proiect pentru comunitate.<\/p>\n<div class=\"wp-block-image\">\n<figure class=\"alignright is-resized\"><img loading=\"lazy\" decoding=\"async\" src=\"https:\/\/sansanews.ro\/wp-content\/uploads\/2026\/09\/790732036_1392333713042034_135775084090980346_n-1024x473.jpg\" alt class=\"wp-image-125785\" width=\"420\" height=\"193\"><figcaption>Mircea Onetz \u0219i prefectul Dimian<\/figcaption><\/figure>\n<\/div>\n<blockquote class=\"wp-block-quote\">\n<p>\u201eSpitalul trebuia s\u0103 fie gata, \u00eens\u0103 lucr\u0103rile nu au fost finalizate la timp. Pentru acest proiect, bugetul local a asigurat o cofinan\u021bare de 3,5 milioane de lei, ob\u021binut\u0103 printr-un \u00eemprumut. Practic, comunitatea noastr\u0103 \u0219i-a asumat deja o datorie important\u0103 pentru realizarea acestei investi\u021bii. Ieri, \u00een \u0219edin\u021ba Consiliului Local, domnul primar ne-a spus c\u0103 au fost depuse documentele necesare pentru a beneficia de \u00eenc\u0103 120 de zile pentru finalizarea lucr\u0103rilor, \u00een baza Legii nr. 141\/2026. Din informa\u021biile pe care le-am ob\u021binut ast\u0103zi, documentele necesare pentru \u00eencadrarea \u00een aceste prevederi nu au fost depuse\u201d, a scris pe Facebook Mircea Onetz.<\/p>\n<\/blockquote>\n<p>Consilierul local spune c\u0103 nu este vorba despre un<br \/>\natac politic \u0219i cere ca situa\u021bia s\u0103 fie l\u0103murit\u0103 public.<\/p>\n<blockquote class=\"wp-block-quote\">\n<p>\u201eNu este un atac politic, ci o situa\u021bie care trebuie explicat\u0103 \u0219i l\u0103murit\u0103. Dac\u0103 Nehoiu pierde bani europeni din cauza nerespect\u0103rii termenelor \u0219i a unor demersuri care nu au fost f\u0103cute la timp, cineva trebuie s\u0103 \u00ee\u0219i asume responsabilitatea\u201d.<\/p>\n<\/blockquote>\n<p>La r\u00e2ndul s\u0103u, primarul Ionu\u021b Milea d\u0103 asigur\u0103ri c\u0103<br \/>\nlucrarea \u00eenceput\u0103 la spital va fi dus\u0103 la cap\u0103t, iar la finalul anului<br \/>\npacien\u021bii vor avea o unitate medical\u0103 modern\u0103.<\/p>\n<blockquote class=\"wp-block-quote\">\n<p>\u201eNoi am \u00eencasat aproape to\u021bi banii din aceast\u0103 finan\u021bare, urm\u00e2nd ca, \u00een termen de 120 de zile, p\u00e2n\u0103 la 31 decembrie, s\u0103 \u00eencheiem toate lucr\u0103rile care vor fi suportate din bugetul local. Dar, \u00een propor\u021bie de 97-98%, s-au absorbit banii din PNRR. Nu v\u0103d niciun pericol ca aceast\u0103 investi\u021bie s\u0103 nu se finalizeze. Noi ne-am f\u0103cut datoria, tot ceea ce \u00eenseamn\u0103 documentele, le-am depus p\u00e2n\u0103 la 31 august. Am v\u0103zut \u0219i pe re\u021bele de socializare. Nu intru \u00een clinciuri cu nimeni. Lucr\u0103rile sunt \u00een regul\u0103, se lucreaz\u0103 intens \u0219i sunt \u00eencrez\u0103tor c\u0103, p\u00e2n\u0103 la 31 decembrie, o s\u0103 avem procesul-verbal la terminarea lucr\u0103rilor\u201d, a spus Ionu\u021b Milea.<\/p>\n<\/blockquote>\n<p>Potrivit primarului, valoarea lucr\u0103rilor din PNRR a<br \/>\nfost de circa 24 de milioane de lei, iar pentru cele neeligibile a mai fost<br \/>\nsuplimentat bugetul cu \u00eenc\u0103 6 milioane de lei, din alte surse.<\/p>\n<div class=\"meta-tags\"><span>Etichete<\/span><a href=\"https:\/\/sansanews.ro\/tag\/lucrari-pnrr-nehoiu\/\" rel=\"tag\">lucrari pnrr nehoiu<\/a><a href=\"https:\/\/sansanews.ro\/tag\/spital-nehoiu\/\" rel=\"tag\">spital Nehoiu<\/a><\/div>\n<div class=\"herald-share-content\">\n<div class=\"meks_ess rectangle no-labels outline\"><a class=\"meks_ess-item socicon-facebook\" data-url=\"http:\/\/www.facebook.com\/sharer\/sharer.php?u=https%3A%2F%2Fsansanews.ro%2Fspitalul-nehoiu-trece-greu-etapa-acuzatiilor-banii-nu-s-au-pierdut-care-ar-fi-noile-termene%2F&amp;t=Spitalul%20Nehoiu%20trece%20greu%20etapa%20acuza%C8%9Biilor%21%20Banii%20nu%20s-au%20pierdut%21%20Care%20ar%20fi%20noile%20termene\"><span>Facebook<\/span><\/a><a href=\"https:\/\/api.whatsapp.com\/send?text=Spitalul%20Nehoiu%20trece%20greu%20etapa%20acuza%C8%9Biilor%21%20Banii%20nu%20s-au%20pierdut%21%20Care%20ar%20fi%20noile%20termene%20https%3A%2F%2Fsansanews.ro%2Fspitalul-nehoiu-trece-greu-etapa-acuzatiilor-banii-nu-s-au-pierdut-care-ar-fi-noile-termene%2F\" class=\"meks_ess-item socicon-whatsapp prevent-share-popup\"><span>WhatsApp<\/span><\/a><a class=\"meks_ess-item socicon-twitter\" data-url=\"http:\/\/twitter.com\/intent\/tweet?url=https%3A%2F%2Fsansanews.ro%2Fspitalul-nehoiu-trece-greu-etapa-acuzatiilor-banii-nu-s-au-pierdut-care-ar-fi-noile-termene%2F&amp;text=Spitalul%20Nehoiu%20trece%20greu%20etapa%20acuza%C8%9Biilor%21%20Banii%20nu%20s-au%20pierdut%21%20Care%20ar%20fi%20noile%20termene\"><span>Twitter<\/span><\/a><a class=\"meks_ess-item socicon-pinterest\" data-url=\"http:\/\/pinterest.com\/pin\/create\/button\/?url=https%3A%2F%2Fsansanews.ro%2Fspitalul-nehoiu-trece-greu-etapa-acuzatiilor-banii-nu-s-au-pierdut-care-ar-fi-noile-termene%2F&amp;media=https%3A%2F%2Fsansanews.ro%2Fwp-content%2Fuploads%2F2025%2F10%2F553424379_1352944186839247_3006581347030903859_n.jpg&amp;description=Spitalul%20Nehoiu%20trece%20greu%20etapa%20acuza%C8%9Biilor%21%20Banii%20nu%20s-au%20pierdut%21%20Care%20ar%20fi%20noile%20termene\"><span>Pinterest<\/span><\/a><\/div>\n<\/div>\n<\/div>\n<p>[analyse_source url=&#8221;https:\/\/sansanews.ro\/spitalul-nehoiu-trece-greu-etapa-acuzatiilor-banii-nu-s-au-pierdut-care-ar-fi-noile-termene\/&#8221;]<\/p>\n","protected":false},"excerpt":{"rendered":"<p>[analyse_image type=&#8221;featured&#8221; src=&#8221;https:\/\/sansanews.ro\/wp-content\/uploads\/2025\/10\/553424379_1352944186839247_3006581347030903859_n.jpghttps:\/\/sansanews.ro\/wp-content\/uploads\/2025\/10\/553424379_1352944186839247_3006581347030903859_n.jpg&#8221;] Spitalul Or\u0103\u0219enesc Nehoiu a trecut cu bine peste perioada de impas pe care a \u00eent\u00e2mpinat-o \u00een derularea proiectului finan\u021bat cu fonduri PNRR, iar primarul Ionu\u021b Milea d\u0103 asigur\u0103ri c\u0103 finan\u021barea european\u0103 nu s-a pierdut, de\u0219i lucr\u0103rile nu s-au \u00eencheiat p\u00e2n\u0103 la 31 august, termenul-limit\u0103 impus de Comisia European\u0103. Ionu\u021b Milea, primarul ora\u0219ului [&hellip;]<\/p>\n","protected":false},"author":1,"featured_media":0,"comment_status":"open","ping_status":"","sticky":false,"template":"","format":"standard","meta":{"footnotes":""},"categories":[2],"tags":[226,51],"class_list":["post-2126264","post","type-post","status-publish","format-standard","hentry","category-politics","tag-crawlmanager","tag-sansanews-ro"],"_links":{"self":[{"href":"https:\/\/analyse.optim.biz\/index.php?rest_route=\/wp\/v2\/posts\/2126264","targetHints":{"allow":["GET"]}}],"collection":[{"href":"https:\/\/analyse.optim.biz\/index.php?rest_route=\/wp\/v2\/posts"}],"about":[{"href":"https:\/\/analyse.optim.biz\/index.php?rest_route=\/wp\/v2\/types\/post"}],"author":[{"embeddable":true,"href":"https:\/\/analyse.optim.biz\/index.php?rest_route=\/wp\/v2\/users\/1"}],"replies":[{"embeddable":true,"href":"https:\/\/analyse.optim.biz\/index.php?rest_route=%2Fwp%2Fv2%2Fcomments&post=2126264"}],"version-history":[{"count":0,"href":"https:\/\/analyse.optim.biz\/index.php?rest_route=\/wp\/v2\/posts\/2126264\/revisions"}],"wp:attachment":[{"href":"https:\/\/analyse.optim.biz\/index.php?rest_route=%2Fwp%2Fv2%2Fmedia&parent=2126264"}],"wp:term":[{"taxonomy":"category","embeddable":true,"href":"https:\/\/analyse.optim.biz\/index.php?rest_route=%2Fwp%2Fv2%2Fcategories&post=2126264"},{"taxonomy":"post_tag","embeddable":true,"href":"https:\/\/analyse.optim.biz\/index.php?rest_route=%2Fwp%2Fv2%2Ftags&post=2126264"}],"curies":[{"name":"wp","href":"https:\/\/api.w.org\/{rel}","templated":true}]}}