{"id":2126262,"date":"2026-09-03T11:48:02","date_gmt":"2026-09-03T08:48:02","guid":{"rendered":"https:\/\/analyse.optim.biz\/?p=2126262"},"modified":"2026-09-03T11:48:02","modified_gmt":"2026-09-03T08:48:02","slug":"a-murit-gloria-steinem-una-dintre-cele-mai-influente-voci-ale-miscarii-feministe-americane","status":"publish","type":"post","link":"https:\/\/analyse.optim.biz\/?p=2126262","title":{"rendered":"A murit Gloria Steinem, una dintre cele mai influente voci ale mi\u0219c\u0103rii feministe americane"},"content":{"rendered":"<p>[analyse_image type=&#8221;featured&#8221; src=&#8221;https:\/\/s.iw.ro\/gateway\/g\/ZmlsZVNvdXJjZT1odHRwJTNBJTJGJTJG\/c3RvcmFnZTA4dHJhbnNjb2Rlci5yY3Mt\/cmRzLnJvJTJGc3RvcmFnZSUyRjIwMjYl\/MkYwOSUyRjAzJTJGMjk0NTQzNF8yOTQ1\/NDM0X0dsb3JpYS1TdGVpbmVtLS5qcGcm\/dz0xMjAwJmg9NjMwJnpjPTEmaGFzaD0z\/MTM4NzEwNTJiMmZkZjI2MTkyYzRiYWEyMjQxMzQ0OA==.thumb.jpg&#8221;]<\/p>\n<div class=\"entry data-app-meta data-app-meta-article\" data-embed-base-url-canonical=\"https:\/\/www.digi24.ro\/embed\/stiri\/actualitate\/a-murit-gloria-steinem-una-dintre-cele-mai-influente-voci-ale-miscarii-feministe-americane-3933689\">\n<p data-index=\"1\"><strong>Jurnalista, scriitoarea \u0219i activista Gloria Steinem a murit la v\u00e2rsta de 92 de ani, \u00een locuin\u021ba sa din New York, \u00eenconjurat\u0103 de apropia\u021bi. Timp de peste o jum\u0103tate de secol, ea a militat pentru egalitatea \u00een drepturi, drepturile reproductive ale femeilor \u0219i numeroase alte cauze sociale.<\/strong><\/p>\n<p data-index=\"2\">\u00centr-o postare pe Instagram, funda\u021bia sa a precizat c\u0103 Steinem \u201es-a stins \u00een pace\u201d \u00een locuin\u021ba sa din New York, \u201e\u00eenconjurat\u0103 de mul\u021bi dintre cei care au iubit-o\u201d.<\/p>\n<p class=\"gdpr-placeholder gdpr-social-media \" data-index=\"3\"> Setarile tale privind cookie-urile nu permit afisarea continutul din aceasta sectiune. Poti actualiza setarile modulelor coookie direct din browser sau de <a class=\"ot-sdk-show-settings\" data-skip-linkfix=\"1\">aici<\/a> \u2013 e nevoie sa accepti cookie-urile social media<\/p>\n<p data-index=\"4\">Scriitoare \u0219i editoare de revist\u0103, Steinem a cofondat \u00een urm\u0103 cu peste 50 de ani Women&#8217;s Action Alliance, o organiza\u021bie dedicat\u0103 combaterii sexismului, scrie <a href=\"https:\/\/www.bbc.com\/news\/articles\/clyeq3ngwe4o\" target=\"_blank\" rel=\"noopener\" data-skip-linkfix=\"1\">BBC<\/a>. \u0218i-a \u00eenceput cariera de jurnalist\u0103 la New York, iar ulterior a cofondat revista Ms., una dintre primele publica\u021bii care au abordat problemele femeilor dincolo de subiectele tradi\u021bionale legate de gospod\u0103rie \u0219i frumuse\u021be.<\/p>\n<p data-index=\"5\">\u00cen anii 1970, Steinem a devenit una dintre principalele voci ale campaniilor pentru drepturile reproductive ale femeilor, al\u0103turi de numeroase alte cauze. La v\u00e2rsta de 22 de ani, a f\u0103cut ea \u00eens\u0103\u0219i un avort ilegal la Londra, iar ani mai t\u00e2rziu a salutat hot\u0103r\u00e2rea Cur\u021bii Supreme a SUA din 1973 \u00een cazul Roe v. Wade, care a consacrat la nivel constitu\u021bional dreptul femeilor la avort. Aproape o jum\u0103tate de secol mai t\u00e2rziu, Steinem avea s\u0103 asiste \u0219i la anularea acestei decizii.<\/p>\n<p data-index=\"6\">De asemenea, s-a pronun\u021bat \u00een favoarea legaliz\u0103rii c\u0103s\u0103toriilor \u00eentre persoane de acela\u0219i sex \u0219i pentru egalitatea \u00een drepturi \u0219i salarizare a femeilor \u0219i a militat \u00eempotriva pedepsei cu moartea \u0219i a mutil\u0103rii genitale feminine. Funda\u021bia sa a transmis c\u0103 Steinem \u201ea continuat s\u0103 lupte pentru egalitate p\u00e2n\u0103 la sf\u00e2r\u0219it\u201d.<\/p>\n<h2 id=\"highlight-3933689-1\">Cine a fost Gloria Steinem<\/h2>\n<p data-index=\"7\">N\u0103scut\u0103 la 25 martie 1934, \u00een Toledo, Ohio, Gloria Steinem a avut o copil\u0103rie dificil\u0103 \u0219i nu a urmat cursurile \u0219colare cu regularitate p\u00e2n\u0103 la v\u00e2rsta de 12 ani.<\/p>\n<p data-index=\"8\">Dup\u0103 terminarea facult\u0103\u021bii, la sf\u00e2r\u0219itul anilor 1950, a plecat \u00een India cu o burs\u0103 de cercetare \u0219i a petrecut acolo doi ani, implic\u00e2ndu-se \u00een diferite activit\u0103\u021bi. Printre acestea s-a num\u0103rat sprijinirea femeilor din sate pentru organizarea unor proteste nonviolente \u00eempotriva politicilor guvernamentale, experien\u021b\u0103 care i-a trezit interesul pentru activismul la nivelul comunit\u0103\u021bilor locale.<\/p>\n<p data-index=\"9\">La \u00eenceputul anilor 1960, s-a mutat la New York pentru a-\u0219i \u00eencepe cariera de jurnalist\u0103 independent\u0103. Momentul care a propulsat-o \u00een aten\u021bia publicului a fost o investiga\u021bie despre condi\u021biile de munc\u0103 ale angajatelor Playboy Bunny. Ulterior, a devenit editorialist\u0103 la New York Magazine, \u00eenainte de a fonda revista Ms., \u00een 1972.<\/p>\n<p data-index=\"10\">\u201eCel mai mare dar al Gloriei a fost capacitatea ei de a-i asculta pe ceilal\u021bi, de a-i face s\u0103 simt\u0103 c\u0103 sunt v\u0103zu\u021bi \u0219i auzi\u021bi. Cuvintele, ac\u021biunile \u0219i exemplul ei le-au dat oamenilor permisiunea de a fi cea mai autentic\u0103 versiune a lor. Gloria a tr\u0103it fidel\u0103 spiritului s\u0103u independent, \u00eentotdeauna cu curiozitate \u0219i cu un extraordinar sim\u021b al umorului\u201d, a transmis funda\u021bia.<\/p>\n<p data-index=\"11\">Potrivit acesteia, Steinem \u0219i-a petrecut ultimii ani scriind \u0219i tr\u0103ind \u00een mijlocul comunit\u0103\u021bii, primind oameni \u00een casa sa pentru \u201eTalking Circles\u201d, \u00eent\u00e2lniri de dialog a c\u0103ror tradi\u021bie va continua.<\/p>\n<p data-index=\"12\">Dorin\u021ba sa ca locuin\u021ba s\u0103 devin\u0103 un centru pentru mi\u0219c\u0103rile dedicate justi\u021biei sociale, precum \u0219i viitoarea sa carte, \u201eAn Unexpected Life\u201d, se num\u0103r\u0103 \u201eprintre numeroasele daruri pe care Gloria le-a oferit lumii, cu speran\u021ba c\u0103 efectele lor se vor propaga de-a lungul genera\u021biilor\u201d, a transmis funda\u021bia.<\/p>\n<p> Editor : <a href=\"https:\/\/www.digi24.ro\/autor\/maria-isopescu\"> M.I. <\/a><\/p>\n<\/div>\n<p>[analyse_source url=&#8221;https:\/\/www.digi24.ro\/stiri\/actualitate\/a-murit-gloria-steinem-una-dintre-cele-mai-influente-voci-ale-miscarii-feministe-americane-3933689&#8243;]<\/p>\n","protected":false},"excerpt":{"rendered":"<p>[analyse_image type=&#8221;featured&#8221; src=&#8221;https:\/\/s.iw.ro\/gateway\/g\/ZmlsZVNvdXJjZT1odHRwJTNBJTJGJTJG\/c3RvcmFnZTA4dHJhbnNjb2Rlci5yY3Mt\/cmRzLnJvJTJGc3RvcmFnZSUyRjIwMjYl\/MkYwOSUyRjAzJTJGMjk0NTQzNF8yOTQ1\/NDM0X0dsb3JpYS1TdGVpbmVtLS5qcGcm\/dz0xMjAwJmg9NjMwJnpjPTEmaGFzaD0z\/MTM4NzEwNTJiMmZkZjI2MTkyYzRiYWEyMjQxMzQ0OA==.thumb.jpg&#8221;] Jurnalista, scriitoarea \u0219i activista Gloria Steinem a murit la v\u00e2rsta de 92 de ani, \u00een locuin\u021ba sa din New York, \u00eenconjurat\u0103 de apropia\u021bi. Timp de peste o jum\u0103tate de secol, ea a militat pentru egalitatea \u00een drepturi, drepturile reproductive ale femeilor \u0219i numeroase alte cauze sociale. \u00centr-o postare pe Instagram, funda\u021bia sa [&hellip;]<\/p>\n","protected":false},"author":1,"featured_media":0,"comment_status":"open","ping_status":"","sticky":false,"template":"","format":"standard","meta":{"footnotes":""},"categories":[89],"tags":[226,11],"class_list":["post-2126262","post","type-post","status-publish","format-standard","hentry","category-romania","tag-crawlmanager","tag-digi24"],"_links":{"self":[{"href":"https:\/\/analyse.optim.biz\/index.php?rest_route=\/wp\/v2\/posts\/2126262","targetHints":{"allow":["GET"]}}],"collection":[{"href":"https:\/\/analyse.optim.biz\/index.php?rest_route=\/wp\/v2\/posts"}],"about":[{"href":"https:\/\/analyse.optim.biz\/index.php?rest_route=\/wp\/v2\/types\/post"}],"author":[{"embeddable":true,"href":"https:\/\/analyse.optim.biz\/index.php?rest_route=\/wp\/v2\/users\/1"}],"replies":[{"embeddable":true,"href":"https:\/\/analyse.optim.biz\/index.php?rest_route=%2Fwp%2Fv2%2Fcomments&post=2126262"}],"version-history":[{"count":0,"href":"https:\/\/analyse.optim.biz\/index.php?rest_route=\/wp\/v2\/posts\/2126262\/revisions"}],"wp:attachment":[{"href":"https:\/\/analyse.optim.biz\/index.php?rest_route=%2Fwp%2Fv2%2Fmedia&parent=2126262"}],"wp:term":[{"taxonomy":"category","embeddable":true,"href":"https:\/\/analyse.optim.biz\/index.php?rest_route=%2Fwp%2Fv2%2Fcategories&post=2126262"},{"taxonomy":"post_tag","embeddable":true,"href":"https:\/\/analyse.optim.biz\/index.php?rest_route=%2Fwp%2Fv2%2Ftags&post=2126262"}],"curies":[{"name":"wp","href":"https:\/\/api.w.org\/{rel}","templated":true}]}}