{"id":2126261,"date":"2026-09-03T10:56:54","date_gmt":"2026-09-03T07:56:54","guid":{"rendered":"https:\/\/analyse.optim.biz\/?p=2126261"},"modified":"2026-09-03T10:56:54","modified_gmt":"2026-09-03T07:56:54","slug":"neatentia-costa-carambol-pe-un-drum-judetean-aproape-de-buzau","status":"publish","type":"post","link":"https:\/\/analyse.optim.biz\/?p=2126261","title":{"rendered":"Neaten\u021bia cost\u0103! Carambol pe un drum jude\u021bean, aproape de Buz\u0103u"},"content":{"rendered":"<p>[analyse_image type=&#8221;featured&#8221; src=&#8221;https:\/\/sansanews.ro\/wp-content\/uploads\/2024\/08\/763a51d602e2c1f56cf32119cc69b3c7_w800.jpghttps:\/\/sansanews.ro\/wp-content\/uploads\/2024\/08\/763a51d602e2c1f56cf32119cc69b3c7_w800.jpg&#8221;]<\/p>\n<div class=\"entry-content herald-entry-content\">\n<div class=\"herald-ad herald-ad-above-single\"><a href=\"https:\/\/buzau.21k.ro\/\"><img loading=\"lazy\" decoding=\"async\" src=\"https:\/\/sansanews.ro\/wp-content\/uploads\/2026\/08\/300x300-k21.gif\" alt width=\"300\" height=\"300\" class=\"aligncenter size-full wp-image-124436\"><\/a><\/div>\n<p>O clip\u0103 de neaten\u021bie \u00een trafic poate avea consecin\u021be nedorite! Un accident \u00een care au fost implicate trei ma\u0219ini s-a produs ast\u0103zi pe DJ 203 D, la ie\u0219irea din Maxenu spre Buz\u0103u. Din primele date, accidentul a avut loc chiar \u00een apropiere de sensul giratoriu de pe traseul DJ 203 D. <\/p>\n<p>Un \u0219ofer care circula spre municipiu a redus viteza la intrarea \u00een rond. Al\u021bi conduc\u0103tori auto care veneau din spate nu au observat la timp manevra acestuia \u0219i nu au mai reu\u0219it s\u0103 fr\u00e2neze. Astfel, a urmat un impact \u00eentre trei ma\u0219ini. <\/p>\n<p>O t\u00e2n\u0103r\u0103 de 24 de ani a acuzat dureri, fiind solicitate echipajele medicale.<\/p>\n<blockquote class=\"wp-block-quote\">\n<p>\u201cDin primele date de la fa\u021ba locului a reie\u0219it c\u0103 este vorba  despre o coliziune \u00eentre 3 autoturisme conduse pe direc\u021bia Maxenu c\u0103tre Buz\u0103u, de 3 \u0219oferi de 38, 24 \u0219i 32 de ani, din Berca, P\u0103t\u00e2rlagele \u0219i Z\u0103rne\u0219ti. <\/p>\n<p>Accidentul s-a soldat cu r\u0103nirea \u0219oferi\u021bei de 24 de ani, care a fost preluat\u0103 de ambulan\u021b\u0103 pentru \u00eengrijiri medicale. <\/p>\n<p>\u00cen cauz\u0103 se va \u00eentocmi dosar penal iar poli\u021bi\u0219tii continu\u0103 cercet\u0103rile pentru stabilirea tuturor \u00eemprejur\u0103rilor \u00een care s-a produs accidentul\u201d, anun\u021b\u0103 IPJ Buz\u0103u.<\/p>\n<\/blockquote>\n<div class=\"meta-tags\"><span>Etichete<\/span><a href=\"https:\/\/sansanews.ro\/tag\/accident\/\" rel=\"tag\">accident<\/a><a href=\"https:\/\/sansanews.ro\/tag\/maxenu\/\" rel=\"tag\">maxenu<\/a><\/div>\n<div class=\"herald-share-content\">\n<div class=\"meks_ess rectangle no-labels outline\"><a class=\"meks_ess-item socicon-facebook\" data-url=\"http:\/\/www.facebook.com\/sharer\/sharer.php?u=https%3A%2F%2Fsansanews.ro%2Fneatentia-costa-carambol-pe-un-drum-judetean-aproape-de-buzau%2F&amp;t=Neaten%C8%9Bia%20cost%C4%83%21%20Carambol%20pe%20un%20drum%20jude%C8%9Bean%2C%20aproape%20de%20Buz%C4%83u\"><span>Facebook<\/span><\/a><a href=\"https:\/\/api.whatsapp.com\/send?text=Neaten%C8%9Bia%20cost%C4%83%21%20Carambol%20pe%20un%20drum%20jude%C8%9Bean%2C%20aproape%20de%20Buz%C4%83u%20https%3A%2F%2Fsansanews.ro%2Fneatentia-costa-carambol-pe-un-drum-judetean-aproape-de-buzau%2F\" class=\"meks_ess-item socicon-whatsapp prevent-share-popup\"><span>WhatsApp<\/span><\/a><a class=\"meks_ess-item socicon-twitter\" data-url=\"http:\/\/twitter.com\/intent\/tweet?url=https%3A%2F%2Fsansanews.ro%2Fneatentia-costa-carambol-pe-un-drum-judetean-aproape-de-buzau%2F&amp;text=Neaten%C8%9Bia%20cost%C4%83%21%20Carambol%20pe%20un%20drum%20jude%C8%9Bean%2C%20aproape%20de%20Buz%C4%83u\"><span>Twitter<\/span><\/a><a class=\"meks_ess-item socicon-pinterest\" data-url=\"http:\/\/pinterest.com\/pin\/create\/button\/?url=https%3A%2F%2Fsansanews.ro%2Fneatentia-costa-carambol-pe-un-drum-judetean-aproape-de-buzau%2F&amp;media=https%3A%2F%2Fsansanews.ro%2Fwp-content%2Fuploads%2F2024%2F08%2F763a51d602e2c1f56cf32119cc69b3c7_w800.jpg&amp;description=Neaten%C8%9Bia%20cost%C4%83%21%20Carambol%20pe%20un%20drum%20jude%C8%9Bean%2C%20aproape%20de%20Buz%C4%83u\"><span>Pinterest<\/span><\/a><\/div>\n<\/div>\n<\/div>\n<div class=\"entry-content herald-entry-content\">\n<div class=\"herald-ad herald-ad-above-single\"><a href=\"https:\/\/buzau.21k.ro\/\"><img loading=\"lazy\" decoding=\"async\" src=\"https:\/\/sansanews.ro\/wp-content\/uploads\/2026\/08\/300x300-k21.gif\" alt width=\"300\" height=\"300\" class=\"aligncenter size-full wp-image-124436\"><\/a><\/div>\n<p>O clip\u0103 de neaten\u021bie \u00een trafic poate avea consecin\u021be nedorite! Un accident \u00een care au fost implicate trei ma\u0219ini s-a produs ast\u0103zi pe DJ 203 D, la ie\u0219irea din Maxenu spre Buz\u0103u. Din primele date, accidentul a avut loc chiar \u00een apropiere de sensul giratoriu de pe traseul DJ 203 D. <\/p>\n<p>Un \u0219ofer care circula spre municipiu a redus viteza la intrarea \u00een rond. Al\u021bi conduc\u0103tori auto care veneau din spate nu au observat la timp manevra acestuia \u0219i nu au mai reu\u0219it s\u0103 fr\u00e2neze. Astfel, a urmat un impact \u00eentre trei ma\u0219ini. <\/p>\n<p>O t\u00e2n\u0103r\u0103 de 24 de ani a acuzat dureri, fiind solicitate echipajele medicale.<\/p>\n<blockquote class=\"wp-block-quote\">\n<p>\u201cDin primele date de la fa\u021ba locului a reie\u0219it c\u0103 este vorba  despre o coliziune \u00eentre 3 autoturisme conduse pe direc\u021bia Maxenu c\u0103tre Buz\u0103u, de 3 \u0219oferi de 38, 24 \u0219i 32 de ani, din Berca, P\u0103t\u00e2rlagele \u0219i Z\u0103rne\u0219ti. <\/p>\n<p>Accidentul s-a soldat cu r\u0103nirea \u0219oferi\u021bei de 24 de ani, care a fost preluat\u0103 de ambulan\u021b\u0103 pentru \u00eengrijiri medicale. <\/p>\n<p>\u00cen cauz\u0103 se va \u00eentocmi dosar penal iar poli\u021bi\u0219tii continu\u0103 cercet\u0103rile pentru stabilirea tuturor \u00eemprejur\u0103rilor \u00een care s-a produs accidentul\u201d, anun\u021b\u0103 IPJ Buz\u0103u.<\/p>\n<\/blockquote>\n<div class=\"meta-tags\"><span>Etichete<\/span><a href=\"https:\/\/sansanews.ro\/tag\/accident\/\" rel=\"tag\">accident<\/a><a href=\"https:\/\/sansanews.ro\/tag\/maxenu\/\" rel=\"tag\">maxenu<\/a><\/div>\n<div class=\"herald-share-content\">\n<div class=\"meks_ess rectangle no-labels outline\"><a class=\"meks_ess-item socicon-facebook\" data-url=\"http:\/\/www.facebook.com\/sharer\/sharer.php?u=https%3A%2F%2Fsansanews.ro%2Fneatentia-costa-carambol-pe-un-drum-judetean-aproape-de-buzau%2F&amp;t=Neaten%C8%9Bia%20cost%C4%83%21%20Carambol%20pe%20un%20drum%20jude%C8%9Bean%2C%20aproape%20de%20Buz%C4%83u\"><span>Facebook<\/span><\/a><a href=\"https:\/\/api.whatsapp.com\/send?text=Neaten%C8%9Bia%20cost%C4%83%21%20Carambol%20pe%20un%20drum%20jude%C8%9Bean%2C%20aproape%20de%20Buz%C4%83u%20https%3A%2F%2Fsansanews.ro%2Fneatentia-costa-carambol-pe-un-drum-judetean-aproape-de-buzau%2F\" class=\"meks_ess-item socicon-whatsapp prevent-share-popup\"><span>WhatsApp<\/span><\/a><a class=\"meks_ess-item socicon-twitter\" data-url=\"http:\/\/twitter.com\/intent\/tweet?url=https%3A%2F%2Fsansanews.ro%2Fneatentia-costa-carambol-pe-un-drum-judetean-aproape-de-buzau%2F&amp;text=Neaten%C8%9Bia%20cost%C4%83%21%20Carambol%20pe%20un%20drum%20jude%C8%9Bean%2C%20aproape%20de%20Buz%C4%83u\"><span>Twitter<\/span><\/a><a class=\"meks_ess-item socicon-pinterest\" data-url=\"http:\/\/pinterest.com\/pin\/create\/button\/?url=https%3A%2F%2Fsansanews.ro%2Fneatentia-costa-carambol-pe-un-drum-judetean-aproape-de-buzau%2F&amp;media=https%3A%2F%2Fsansanews.ro%2Fwp-content%2Fuploads%2F2024%2F08%2F763a51d602e2c1f56cf32119cc69b3c7_w800.jpg&amp;description=Neaten%C8%9Bia%20cost%C4%83%21%20Carambol%20pe%20un%20drum%20jude%C8%9Bean%2C%20aproape%20de%20Buz%C4%83u\"><span>Pinterest<\/span><\/a><\/div>\n<\/div>\n<\/div>\n<p>[analyse_source url=&#8221;https:\/\/sansanews.ro\/neatentia-costa-carambol-pe-un-drum-judetean-aproape-de-buzau\/&#8221;]<\/p>\n","protected":false},"excerpt":{"rendered":"<p>[analyse_image type=&#8221;featured&#8221; src=&#8221;https:\/\/sansanews.ro\/wp-content\/uploads\/2024\/08\/763a51d602e2c1f56cf32119cc69b3c7_w800.jpghttps:\/\/sansanews.ro\/wp-content\/uploads\/2024\/08\/763a51d602e2c1f56cf32119cc69b3c7_w800.jpg&#8221;] O clip\u0103 de neaten\u021bie \u00een trafic poate avea consecin\u021be nedorite! Un accident \u00een care au fost implicate trei ma\u0219ini s-a produs ast\u0103zi pe DJ 203 D, la ie\u0219irea din Maxenu spre Buz\u0103u. Din primele date, accidentul a avut loc chiar \u00een apropiere de sensul giratoriu de pe traseul DJ 203 D. Un [&hellip;]<\/p>\n","protected":false},"author":1,"featured_media":0,"comment_status":"open","ping_status":"","sticky":false,"template":"","format":"standard","meta":{"footnotes":""},"categories":[2],"tags":[226,51],"class_list":["post-2126261","post","type-post","status-publish","format-standard","hentry","category-politics","tag-crawlmanager","tag-sansanews-ro"],"_links":{"self":[{"href":"https:\/\/analyse.optim.biz\/index.php?rest_route=\/wp\/v2\/posts\/2126261","targetHints":{"allow":["GET"]}}],"collection":[{"href":"https:\/\/analyse.optim.biz\/index.php?rest_route=\/wp\/v2\/posts"}],"about":[{"href":"https:\/\/analyse.optim.biz\/index.php?rest_route=\/wp\/v2\/types\/post"}],"author":[{"embeddable":true,"href":"https:\/\/analyse.optim.biz\/index.php?rest_route=\/wp\/v2\/users\/1"}],"replies":[{"embeddable":true,"href":"https:\/\/analyse.optim.biz\/index.php?rest_route=%2Fwp%2Fv2%2Fcomments&post=2126261"}],"version-history":[{"count":0,"href":"https:\/\/analyse.optim.biz\/index.php?rest_route=\/wp\/v2\/posts\/2126261\/revisions"}],"wp:attachment":[{"href":"https:\/\/analyse.optim.biz\/index.php?rest_route=%2Fwp%2Fv2%2Fmedia&parent=2126261"}],"wp:term":[{"taxonomy":"category","embeddable":true,"href":"https:\/\/analyse.optim.biz\/index.php?rest_route=%2Fwp%2Fv2%2Fcategories&post=2126261"},{"taxonomy":"post_tag","embeddable":true,"href":"https:\/\/analyse.optim.biz\/index.php?rest_route=%2Fwp%2Fv2%2Ftags&post=2126261"}],"curies":[{"name":"wp","href":"https:\/\/api.w.org\/{rel}","templated":true}]}}