{"id":2126242,"date":"2026-09-03T00:00:00","date_gmt":"2026-09-02T21:00:00","guid":{"rendered":"https:\/\/analyse.optim.biz\/?p=2126242"},"modified":"2026-09-03T00:00:00","modified_gmt":"2026-09-02T21:00:00","slug":"bihor-tiff-oradea-va-avea-loc-in-perioada-25-27-septembrie-cu-comedia-spaniola-cina-in-deschidere","status":"publish","type":"post","link":"https:\/\/analyse.optim.biz\/?p=2126242","title":{"rendered":"Bihor: TIFF Oradea va avea loc \u00een perioada 25-27 septembrie, cu comedia spaniol\u0103 &#8216;Cina&#8217; \u00een deschidere"},"content":{"rendered":"<p>[analyse_image type=&#8221;featured&#8221; src=&#8221;https:\/\/agerpres.ro\/data\/202609\/20260903153004_414341.jpg&#8221;]<\/p>\n<div class=\"mx-auto pt-3\">\n<p><strong>Festivalul de Film Transilvania (TIFF) Oradea revine, \u00eentre 25 \u0219i 27 septembrie 2026, cu filme premiate, avanpremiere, \u00eent\u00e2lniri cu publicul \u0219i evenimente speciale.<\/strong><\/p>\n<p>Potrivit organizatorilor, festivalul se va deschide vineri, 25 septembrie, la Teatrul Regina Maria, cu Gala de Deschidere \u0219i proiec\u021bia comediei spaniole &#8216;Cina&#8217; (&#8216;La Cena\/The Dinner&#8217;), regizat\u0103 de Manuel Gomez Pereira.<\/p>\n<p>Seara va \u00eencepe la ora 19:00 cu un cocktail de bun venit, \u00een atmosfera creat\u0103 de Lazy Boys (Rogvaiv &amp; Dubase). De la ora 20:00, Corina S\u00eerghi &amp; Toma Dimitriu Group vor sus\u021bine un moment muzical cu influen\u021be de jazz, swing, roman\u021b\u0103 \u0219i c\u00e2ntec urban, \u00eenaintea proiec\u021biei filmului.<\/p>\n<p>Ac\u021biunea peliculei &#8216;Cina&#8217; este plasat\u0103 \u00een Madrid, \u00een 1939, la doar dou\u0103 s\u0103pt\u0103m\u00e2ni dup\u0103 \u00eencheierea R\u0103zboiului Civil Spaniol. Generalul Franco \u00ee\u0219i preg\u0103te\u0219te s\u0103rb\u0103torirea victoriei al\u0103turi de principalii s\u0103i generali, \u00eentr-un banchet organizat la Hotel Palace. Problema este c\u0103 buc\u0103tarii chema\u021bi s\u0103 preg\u0103teasc\u0103 masa sunt republicani, afla\u021bi de partea celor \u00eenvin\u0219i.<\/p>\n<p>Filmul combin\u0103 comedia neagr\u0103, tensiunea politic\u0103 \u0219i atmosfera de epoc\u0103. &#8216;Cina&#8217; a ob\u021binut opt nominaliz\u0103ri la Premiile Goya 2026, inclusiv pentru cel mai bun scenariu adaptat \u0219i cele mai bune costume, \u0219i a c\u00e2\u0219tigat trofeul pentru cel mai bun film de comedie la Premiile Feroz.<\/p>\n<p>Biletele pentru Gala de Deschidere sunt disponibile online pe TIFF Eventbook \u0219i pe site-ul TIFF Oradea.<\/p>\n<p>\u00cen cadrul edi\u021biei din acest an, cei mai tineri spectatori se pot \u00eenscrie \u0219i la atelierul de anima\u021bie stop motion coordonat de Roxana Coman. Participarea este gratuit\u0103, \u00een limita a 20 de locuri pentru fiecare atelier, iar \u00eenscrierile sunt deschise p\u00e2n\u0103 pe 21 septembrie.<\/p>\n<p>Organizatorii au pus \u00een v\u00e2nzare \u0219i TIFF ORADEA CARD.5, un abonament virtual care ofer\u0103 acces la cinci proiec\u021bii diferite, la alegere, din programul festivalului. Cardul poate fi oferit cadou, \u00eens\u0103 nu este valabil pentru evenimentele speciale.<\/p>\n<p>Programul complet al edi\u021biei a noua a TIFF Oradea urmeaz\u0103 s\u0103 fie anun\u021bat \u0219i va include filme premiate la festivaluri interna\u021bionale, avanpremiere \u00een Rom\u00e2nia \u0219i evenimente speciale.<\/p>\n<p>TIFF Oradea este organizat de Asocia\u021bia Festivalul de Film Transilvania, \u00een parteneriat cu Prim\u0103ria Oradea, prin Visit Oradea, cu sprijinul Centrului Na\u021bional al Cinematografiei, National Film Institute Hungary \u0219i al unor al\u021bi parteneri. AGERPRES\/(AS &#8211; redactor: Eugenia Pa\u0219ca, editor: George Onea, editor online: Simona Aru\u015ftei)<\/p>\n<\/div>\n<div class=\"mx-auto pt-3\">\n                                Afisari: 140\n                            <\/div>\n<p>[analyse_source url=&#8221;https:\/\/agerpres.ro\/cultura-media\/2026\/09\/03\/bihor-tiff-oradea-va-avea-loc-in-perioada-25-27-septembrie-cu-comedia-spaniola-cina-in-deschidere&#8211;1590421&#8243;]<\/p>\n","protected":false},"excerpt":{"rendered":"<p>[analyse_image type=&#8221;featured&#8221; src=&#8221;https:\/\/agerpres.ro\/data\/202609\/20260903153004_414341.jpg&#8221;] Festivalul de Film Transilvania (TIFF) Oradea revine, \u00eentre 25 \u0219i 27 septembrie 2026, cu filme premiate, avanpremiere, \u00eent\u00e2lniri cu publicul \u0219i evenimente speciale. Potrivit organizatorilor, festivalul se va deschide vineri, 25 septembrie, la Teatrul Regina Maria, cu Gala de Deschidere \u0219i proiec\u021bia comediei spaniole &#8216;Cina&#8217; (&#8216;La Cena\/The Dinner&#8217;), regizat\u0103 de Manuel Gomez [&hellip;]<\/p>\n","protected":false},"author":1,"featured_media":0,"comment_status":"open","ping_status":"","sticky":false,"template":"","format":"standard","meta":{"footnotes":""},"categories":[2],"tags":[37,226],"class_list":["post-2126242","post","type-post","status-publish","format-standard","hentry","category-politics","tag-agerpres-ro","tag-crawlmanager"],"_links":{"self":[{"href":"https:\/\/analyse.optim.biz\/index.php?rest_route=\/wp\/v2\/posts\/2126242","targetHints":{"allow":["GET"]}}],"collection":[{"href":"https:\/\/analyse.optim.biz\/index.php?rest_route=\/wp\/v2\/posts"}],"about":[{"href":"https:\/\/analyse.optim.biz\/index.php?rest_route=\/wp\/v2\/types\/post"}],"author":[{"embeddable":true,"href":"https:\/\/analyse.optim.biz\/index.php?rest_route=\/wp\/v2\/users\/1"}],"replies":[{"embeddable":true,"href":"https:\/\/analyse.optim.biz\/index.php?rest_route=%2Fwp%2Fv2%2Fcomments&post=2126242"}],"version-history":[{"count":0,"href":"https:\/\/analyse.optim.biz\/index.php?rest_route=\/wp\/v2\/posts\/2126242\/revisions"}],"wp:attachment":[{"href":"https:\/\/analyse.optim.biz\/index.php?rest_route=%2Fwp%2Fv2%2Fmedia&parent=2126242"}],"wp:term":[{"taxonomy":"category","embeddable":true,"href":"https:\/\/analyse.optim.biz\/index.php?rest_route=%2Fwp%2Fv2%2Fcategories&post=2126242"},{"taxonomy":"post_tag","embeddable":true,"href":"https:\/\/analyse.optim.biz\/index.php?rest_route=%2Fwp%2Fv2%2Ftags&post=2126242"}],"curies":[{"name":"wp","href":"https:\/\/api.w.org\/{rel}","templated":true}]}}