{"id":2126239,"date":"2026-09-03T00:00:00","date_gmt":"2026-09-02T21:00:00","guid":{"rendered":"https:\/\/analyse.optim.biz\/?p=2126239"},"modified":"2026-09-03T00:00:00","modified_gmt":"2026-09-02T21:00:00","slug":"harghita-sute-de-elevi-de-la-opt-scoli-din-nordul-judetului-implicati-intr-un-proiect-de-arta-urbana","status":"publish","type":"post","link":"https:\/\/analyse.optim.biz\/?p=2126239","title":{"rendered":"Harghita: Sute de elevi de la opt \u0219coli din nordul jude\u021bului, implica\u021bi \u00eentr-un proiect de art\u0103 urban\u0103"},"content":{"rendered":"<p>[analyse_image type=&#8221;featured&#8221; src=&#8221;https:\/\/agerpres.ro\/data\/202609\/20260903153150_759155.jpg&#8221;]<\/p>\n<div class=\"mx-auto pt-3\">\n<p><strong>Sute de elevi de la opt \u0219coli din nordul jude\u021bului Harghita vor participa la proiectul de art\u0103 urban\u0103 &#8216;Harghita Street Art EDU Fest &#8211; Educa\u021bie prin art\u0103 urban\u0103 \u0219i identitate cultural\u0103&#8217;, derulat de Asocia\u021bia de Dezvoltare Intercomunitar\u0103 (ADI) C\u0103limani-Giurgeu, se arat\u0103 \u00eentr-un comunicat transmis AGERPRES.<\/strong><\/p>\n<p>Potrivit sursei citate, proiectul continu\u0103 experien\u021ba edi\u021biei din 2025, desf\u0103\u0219urat\u0103 la Topli\u021ba, unde au fost realizate 11 lucr\u0103ri murale pe o suprafa\u021b\u0103 de 400 de metri p\u0103tra\u021bi, cu participarea a zece arti\u0219ti.<\/p>\n<p>Peste 400 de copii, tineri \u0219i membri ai comunit\u0103\u021bii au fost implica\u021bi atunci \u00een activit\u0103\u021bile artistice \u0219i educa\u021bionale, iar aproximativ 100 de tineri au participat la un concurs de crea\u021bie artistic\u0103.<\/p>\n<p>&#8216;Experien\u021ba a demonstrat c\u0103 street art-ul poate \u00eensemna mult mai mult dec\u00e2t o interven\u021bie estetic\u0103 \u00eentr-un spa\u021biu public. Poate aduce \u00eempreun\u0103 copii, profesori, arti\u0219ti, p\u0103rin\u021bi \u0219i comunitatea \u0219i poate transforma educa\u021bia nonformal\u0103 \u00eentr-o experien\u021b\u0103 care r\u0103m\u00e2ne&#8217;, se arat\u0103 \u00een comunicatul de pres\u0103.<\/p>\n<p>\u00cen acest an, proiectul se extinde \u00een opt comunit\u0103\u021bi din nordul jude\u021bului Harghita, respectiv Topli\u021ba, Subcetate, S\u0103rma\u0219, G\u0103l\u0103u\u021ba\u0219, Bilbor, Borsec, Corbu \u0219i Tulghe\u0219.<\/p>\n<p>&#8216;Elevii vor descoperi ce \u00eenseamn\u0103 street art-ul ca form\u0103 de expresie artistic\u0103, cum se construie\u0219te conceptul unei lucr\u0103ri murale \u0219i cum pot fi transformate \u00een limbaj vizual identitatea, tradi\u021biile \u0219i particularit\u0103\u021bile fiec\u0103rei comunit\u0103\u021bi. Pentru c\u0103 proiectul nu este despre a veni \u00eentr-o \u0219coal\u0103, a picta un zid \u0219i a pleca. Este despre a-i face pe copii parte din poveste&#8217;, se arat\u0103 \u00een comunicat.<\/p>\n<p>\u00cen \u0219colile participante, arti\u0219ti consacra\u021bi vor realiza, \u00een total, aproximativ 320 de metri p\u0103tra\u021bi de art\u0103 mural\u0103, dar ini\u021biatorii proiectului spun c\u0103 adev\u0103rata miz\u0103 a Harghita Street Art EDU Fest 2026 sunt copii \u0219i educa\u021bia prin cultur\u0103.<\/p>\n<p>&#8216;\u00cen 2025 am v\u0103zut la Topli\u021ba ce se poate \u00eent\u00e2mpla atunci c\u00e2nd aduci \u00eempreun\u0103 arta, educa\u021bia \u0219i comunitatea. Am v\u0103zut copii care au prins curaj s\u0103 creeze, profesori care s-au implicat, arti\u0219ti care au lucrat al\u0103turi de tineri \u0219i o comunitate care a \u00eenceput s\u0103 priveasc\u0103 altfel un spa\u021biu urban. Anul acesta ducem aceast\u0103 experien\u021b\u0103 mai departe. Nu mai a\u0219tept\u0103m ca elevii s\u0103 vin\u0103 c\u0103tre street art &#8211; mergem noi cu proiectul direct \u00een \u0219colile lor. De la o comunitate ajungem la opt. De la o experien\u021b\u0103 local\u0103 construim o poveste a \u00eentregii zone&#8217;, a declarat directorul executiv ADI C\u0103limani-Giurgeu, Mihai Calinovici, citat \u00een comunicatul de pres\u0103.<\/p>\n<p>Acesta a mai ar\u0103tat c\u0103 printre activit\u0103\u021bi se num\u0103r\u0103 workshopuri \u0219i ateliere de crea\u021bie, inclusiv &#8216;Amprenta mea pe zidul \u0219colii&#8217;, prin care elevii vor putea contribui direct la realizarea pove\u0219tii vizuale a comunit\u0103\u021bii lor.<\/p>\n<p>&#8216;La final vom organiza \u0219i concursul de crea\u021bie artistic\u0103, dup\u0103 modelul edi\u021biei de anul trecut, dar \u00eentr-o formul\u0103 extins\u0103: 30 de premii, \u00een valoare total\u0103 de 12.000 de lei&#8217;, a mai spus Mihai Calinovici.<\/p>\n<p>La r\u00e2ndul s\u0103u, pre\u0219edintele Consiliului Jude\u021bean Harghita, B\u00edr\u00f3 Barna-Botond, a apreciat activitatea ADI C\u0103limani-Giurgeu \u0219i capacitatea asocia\u021biei de a continua proiectele dedicate tinerilor \u0219i comunit\u0103\u021bilor locale.<\/p>\n<p>Proiectul este finan\u021bat cu sprijinul Secretariatului General al Guvernului, prin Serviciul Dezvoltare Comunitar\u0103. AGERPRES\/(AS &#8211; redactor: Gina \u0218tefan, editor: George Onea, editor online: Simona Aru\u015ftei)<\/p>\n<\/div>\n<div class=\"mx-auto pt-3\">\n                                Afisari: 131\n                            <\/div>\n<p>[analyse_source url=&#8221;https:\/\/agerpres.ro\/educatie-stiinta\/2026\/09\/03\/harghita-sute-de-elevi-de-la-opt-scoli-din-nordul-judetului-implicati-intr-un-proiect-de-arta-urbana&#8211;1590423&#8243;]<\/p>\n","protected":false},"excerpt":{"rendered":"<p>[analyse_image type=&#8221;featured&#8221; src=&#8221;https:\/\/agerpres.ro\/data\/202609\/20260903153150_759155.jpg&#8221;] Sute de elevi de la opt \u0219coli din nordul jude\u021bului Harghita vor participa la proiectul de art\u0103 urban\u0103 &#8216;Harghita Street Art EDU Fest &#8211; Educa\u021bie prin art\u0103 urban\u0103 \u0219i identitate cultural\u0103&#8217;, derulat de Asocia\u021bia de Dezvoltare Intercomunitar\u0103 (ADI) C\u0103limani-Giurgeu, se arat\u0103 \u00eentr-un comunicat transmis AGERPRES. Potrivit sursei citate, proiectul continu\u0103 experien\u021ba edi\u021biei [&hellip;]<\/p>\n","protected":false},"author":1,"featured_media":0,"comment_status":"open","ping_status":"","sticky":false,"template":"","format":"standard","meta":{"footnotes":""},"categories":[2],"tags":[37,226],"class_list":["post-2126239","post","type-post","status-publish","format-standard","hentry","category-politics","tag-agerpres-ro","tag-crawlmanager"],"_links":{"self":[{"href":"https:\/\/analyse.optim.biz\/index.php?rest_route=\/wp\/v2\/posts\/2126239","targetHints":{"allow":["GET"]}}],"collection":[{"href":"https:\/\/analyse.optim.biz\/index.php?rest_route=\/wp\/v2\/posts"}],"about":[{"href":"https:\/\/analyse.optim.biz\/index.php?rest_route=\/wp\/v2\/types\/post"}],"author":[{"embeddable":true,"href":"https:\/\/analyse.optim.biz\/index.php?rest_route=\/wp\/v2\/users\/1"}],"replies":[{"embeddable":true,"href":"https:\/\/analyse.optim.biz\/index.php?rest_route=%2Fwp%2Fv2%2Fcomments&post=2126239"}],"version-history":[{"count":0,"href":"https:\/\/analyse.optim.biz\/index.php?rest_route=\/wp\/v2\/posts\/2126239\/revisions"}],"wp:attachment":[{"href":"https:\/\/analyse.optim.biz\/index.php?rest_route=%2Fwp%2Fv2%2Fmedia&parent=2126239"}],"wp:term":[{"taxonomy":"category","embeddable":true,"href":"https:\/\/analyse.optim.biz\/index.php?rest_route=%2Fwp%2Fv2%2Fcategories&post=2126239"},{"taxonomy":"post_tag","embeddable":true,"href":"https:\/\/analyse.optim.biz\/index.php?rest_route=%2Fwp%2Fv2%2Ftags&post=2126239"}],"curies":[{"name":"wp","href":"https:\/\/api.w.org\/{rel}","templated":true}]}}