{"id":2126235,"date":"2026-09-03T10:33:47","date_gmt":"2026-09-03T07:33:47","guid":{"rendered":"https:\/\/analyse.optim.biz\/?p=2126235"},"modified":"2026-09-03T10:33:47","modified_gmt":"2026-09-03T07:33:47","slug":"victor-negrescu-atac-la-usr-pentru-ca-a-cerut-la-bruxelles-sanctionarea-propriei-tari","status":"publish","type":"post","link":"https:\/\/analyse.optim.biz\/?p=2126235","title":{"rendered":"Victor Negrescu, atac la USR pentru c\u0103 a cerut la Bruxelles \u201esanc\u021bionarea propriei \u021b\u0103ri\u201d"},"content":{"rendered":"<p>[analyse_image type=&#8221;featured&#8221; src=&#8221;https:\/\/s.iw.ro\/gateway\/g\/ZmlsZVNvdXJjZT1odHRwJTNBJTJGJTJG\/c3RvcmFnZTA4dHJhbnNjb2Rlci5yY3Mt\/cmRzLnJvJTJGc3RvcmFnZSUyRjIwMjQl\/MkYxMSUyRjExJTJGMjEyNTc4NV8yMTI1\/Nzg1X3ZpY3Rvci1uZWdyZXNjdS5qcGcm\/dz0xMjAwJmg9NjMwJnpjPTEmaGFzaD05\/NTI2ZmFmNWNhN2UxMjAyZjJlMjUyMWRkMDczOTlkOQ==.thumb.jpg&#8221;]<\/p>\n<div class=\"entry data-app-meta data-app-meta-article\" data-embed-base-url-canonical=\"https:\/\/www.digi24.ro\/embed\/stiri\/actualitate\/politica\/victor-negrescu-atac-la-usr-pentru-ca-a-cerut-la-bruxelles-sanctionarea-propriei-tari-3933569\">\n<p data-index=\"1\"><strong>Europarlamentarul Victor Negrescu, vicepre\u0219edinte al Parlamentului European, a acuzat USR \u0219i Renew c\u0103 au \u00eencercat s\u0103 promoveze o rezolu\u021bie privind statul de drept \u00een Rom\u00e2nia, dup\u0103 adoptarea legii integrit\u0103\u021bii cu \u201eamendamentul Fritz\u201d. \u201ePutem s\u0103 critic\u0103m legi, guverne \u0219i decizii politice. Dar este cu totul altceva s\u0103 mergi la Bruxelles pentru a cere sanc\u021bionarea propriei \u021b\u0103ri\u201d, spune Victor Negrescu.<\/strong><\/p>\n<p data-index=\"2\">\u201eLa Bruxelles trebuie s\u0103 ne ap\u0103r\u0103m \u021bara, nu s\u0103 o punem la zid. Zilele trecute am atras aten\u021bia asupra demersurilor f\u0103cute de PNL \u0219i USR, prin PPE \u0219i Renew, pentru a pune \u00een pericol, la nivel european, 770 de milioane de euro din PNRR pentru Rom\u00e2nia \u0219i am f\u0103cut apel la calm \u0219i decen\u021b\u0103. De aceea, Partidul Social Democrat a aprobat o rezolu\u021bie prin care propunem un pact politic pentru protejarea intereselor economice, financiare \u0219i strategice na\u021bionale.<\/p>\n<p data-index=\"3\">Acum apar informa\u021bii \u00een pres\u0103 potrivit c\u0103rora ar fi existat \u0219i interven\u021bii directe la Comisia European\u0103 \u00een acest sens. Sunt acuza\u021bii grave \u0219i trebuie clarificate imediat. Un alt episod consumat recent este demersul prin care Renew-USR a \u00eencercat promovarea de urgen\u021b\u0103 a unei rezolu\u021bii critice privind statul de drept \u00een Rom\u00e2nia\u201d, a scris Victor Negrescu joi, \u00eentr-un mesaj pe Facebook.<\/p>\n<p class=\"gdpr-placeholder gdpr-social-media gdpr-iframe-fix\" data-index=\"5\"> Setarile tale privind cookie-urile nu permit afisarea continutul din aceasta sectiune. Poti actualiza setarile modulelor coookie direct din browser sau de <a class=\"ot-sdk-show-settings\" data-skip-linkfix=\"1\">aici<\/a> \u2013 e nevoie sa accepti cookie-urile social media<\/p>\n<p data-index=\"6\">El spune c\u0103\u00a0\u201esocial-democra\u021bii s-au opus unei asemenea abord\u0103ri. \u00centr-un final, nici PPE nu a mai sus\u021binut acest demers. Putem s\u0103 ne contrazicem \u00een Rom\u00e2nia. Putem s\u0103 critic\u0103m legi, guverne \u0219i decizii politice. Dar este cu totul altceva s\u0103 mergi la Bruxelles pentru a cere sanc\u021bionarea propriei \u021b\u0103ri, blocarea banilor europeni sau adoptarea unor rezolu\u021bii \u00eempotriva Rom\u00e2niei\u201d.<\/p>\n<p data-index=\"7\">Europarlamentarul mai afirm\u0103\u00a0c\u0103 \u201eexist\u0103 \u0219i o alt\u0103 cale. Chiar acum, social-democra\u021bii europeni cer o dezbatere despre atacurile hibride \u0219i dezinformarea care afecteaz\u0103 inclusiv Rom\u00e2nia: ac\u021biune european\u0103, solidaritate \u0219i f\u0103r\u0103 rezolu\u021bie \u00eempotriva \u021b\u0103rii noastre. Totodat\u0103, printr-o serie de amendamente aprobate la bugetul rectificativ al UE pe anul acesta, solicit\u0103m fonduri pentru opera\u021bionalizarea hubului de securitate maritim\u0103 la Marea Neagr\u0103 \u0219i fonduri pentru IMM-urile \u0219i sectorul turismului afectate de situa\u021bia regional\u0103\u201d.<\/p>\n<p data-index=\"8\">\u201eDreapta \u00eent\u00e2i pune \u00een pericol milioane de euro. Apoi propune o rezolu\u021bie \u00eempotriva Rom\u00e2niei. Unde se opresc? Luptele politice de acas\u0103 nu trebuie purtate \u00eempotriva Rom\u00e2niei la Bruxelles. Deja investi\u021biile str\u0103ine au sc\u0103zut cu 80% \u00een primele luni ale anului din cauza slabei guvern\u0103ri. Europa trebuie folosit\u0103 pentru Rom\u00e2nia, nu \u00eempotriva rom\u00e2nilor\u201d, a mai ar\u0103tat Victor Negrescu.<\/p>\n<p data-index=\"9\"><strong>Cite\u0219te \u0219i: <a href=\"https:\/\/www.digi24.ro\/stiri\/actualitate\/politica\/grindeanu-acuza-usr-ca-isi-tradeaza-tara-prin-rezolutia-privind-statul-de-drept-in-romania-in-parlamentul-european-3933333\" target=\"_blank\" rel=\"noopener\" data-skip-linkfix=\"1\">Grindeanu acuz\u0103 USR c\u0103 \u201e\u00ee\u0219i tr\u0103deaz\u0103 \u021bara\u201d prin rezolu\u021bia privind statul de drept \u00een Rom\u00e2nia, \u00een Parlamentul European<\/a><\/strong><\/p>\n<p> Editor : <a href=\"https:\/\/www.digi24.ro\/autor\/bogdan-pacurar\"> B.P. <\/a><\/p>\n<\/div>\n<p>[analyse_source url=&#8221;https:\/\/www.digi24.ro\/stiri\/actualitate\/politica\/victor-negrescu-atac-la-usr-pentru-ca-a-cerut-la-bruxelles-sanctionarea-propriei-tari-3933569&#8243;]<\/p>\n","protected":false},"excerpt":{"rendered":"<p>[analyse_image type=&#8221;featured&#8221; src=&#8221;https:\/\/s.iw.ro\/gateway\/g\/ZmlsZVNvdXJjZT1odHRwJTNBJTJGJTJG\/c3RvcmFnZTA4dHJhbnNjb2Rlci5yY3Mt\/cmRzLnJvJTJGc3RvcmFnZSUyRjIwMjQl\/MkYxMSUyRjExJTJGMjEyNTc4NV8yMTI1\/Nzg1X3ZpY3Rvci1uZWdyZXNjdS5qcGcm\/dz0xMjAwJmg9NjMwJnpjPTEmaGFzaD05\/NTI2ZmFmNWNhN2UxMjAyZjJlMjUyMWRkMDczOTlkOQ==.thumb.jpg&#8221;] Europarlamentarul Victor Negrescu, vicepre\u0219edinte al Parlamentului European, a acuzat USR \u0219i Renew c\u0103 au \u00eencercat s\u0103 promoveze o rezolu\u021bie privind statul de drept \u00een Rom\u00e2nia, dup\u0103 adoptarea legii integrit\u0103\u021bii cu \u201eamendamentul Fritz\u201d. \u201ePutem s\u0103 critic\u0103m legi, guverne \u0219i decizii politice. Dar este cu totul altceva s\u0103 mergi la Bruxelles pentru a cere [&hellip;]<\/p>\n","protected":false},"author":1,"featured_media":0,"comment_status":"open","ping_status":"","sticky":false,"template":"","format":"standard","meta":{"footnotes":""},"categories":[89],"tags":[226,11],"class_list":["post-2126235","post","type-post","status-publish","format-standard","hentry","category-romania","tag-crawlmanager","tag-digi24"],"_links":{"self":[{"href":"https:\/\/analyse.optim.biz\/index.php?rest_route=\/wp\/v2\/posts\/2126235","targetHints":{"allow":["GET"]}}],"collection":[{"href":"https:\/\/analyse.optim.biz\/index.php?rest_route=\/wp\/v2\/posts"}],"about":[{"href":"https:\/\/analyse.optim.biz\/index.php?rest_route=\/wp\/v2\/types\/post"}],"author":[{"embeddable":true,"href":"https:\/\/analyse.optim.biz\/index.php?rest_route=\/wp\/v2\/users\/1"}],"replies":[{"embeddable":true,"href":"https:\/\/analyse.optim.biz\/index.php?rest_route=%2Fwp%2Fv2%2Fcomments&post=2126235"}],"version-history":[{"count":0,"href":"https:\/\/analyse.optim.biz\/index.php?rest_route=\/wp\/v2\/posts\/2126235\/revisions"}],"wp:attachment":[{"href":"https:\/\/analyse.optim.biz\/index.php?rest_route=%2Fwp%2Fv2%2Fmedia&parent=2126235"}],"wp:term":[{"taxonomy":"category","embeddable":true,"href":"https:\/\/analyse.optim.biz\/index.php?rest_route=%2Fwp%2Fv2%2Fcategories&post=2126235"},{"taxonomy":"post_tag","embeddable":true,"href":"https:\/\/analyse.optim.biz\/index.php?rest_route=%2Fwp%2Fv2%2Ftags&post=2126235"}],"curies":[{"name":"wp","href":"https:\/\/api.w.org\/{rel}","templated":true}]}}