{"id":2126221,"date":"2026-09-03T00:00:00","date_gmt":"2026-09-02T21:00:00","guid":{"rendered":"https:\/\/analyse.optim.biz\/?p=2126221"},"modified":"2026-09-03T00:00:00","modified_gmt":"2026-09-02T21:00:00","slug":"fotbal-luis-enrique-nu-e-preocupat-de-momentul-in-care-psg-va-fi-la-cel-mai-inalt-nivel","status":"publish","type":"post","link":"https:\/\/analyse.optim.biz\/?p=2126221","title":{"rendered":"Fotbal: Luis Enrique &#8216;nu e preocupat de momentul&#8217; \u00een care PSG &#8216;va fi la cel mai \u00eenalt nivel&#8217;"},"content":{"rendered":"<p>[analyse_image type=&#8221;featured&#8221; src=&#8221;https:\/\/agerpres.ro\/data\/202609\/20260903153153_905319.jpg&#8221;]<\/p>\n<div class=\"mx-auto pt-3\">\n<p>Antrenorul lui PSG, Luis Enrique, a declarat c\u0103 &#8216;nu este preocupat de momentul&#8217; \u00een care echipa sa &#8216;va fi la cel mai \u00eenalt nivel&#8217;, \u00een ajunul meciului cu Monaco, dup\u0103 dou\u0103 remize \u00een campionatul de fotbal al Fran\u021bei, \u00eempotriva lui Rennes \u0219i Lille (2-2), relateaz\u0103 AFP.<\/p>\n<p>\u00centrebat, \u00eentr-o conferin\u021b\u0103 de pres\u0103, c\u00e2nd va fi PSG la capacitate maxim\u0103, Luis Enrique a r\u0103spuns: &#8216;Asta depinde de mul\u021bi factori pe care nu \u00eei pot controla. Treaba mea este s\u0103 g\u0103sesc cei mai buni 11 juc\u0103tori pentru fiecare meci. Nu sunt preocupat de momentul \u00een care vom fi la cel mai \u00eenalt nivel.&#8217;<\/p>\n<p>&#8216;Trebuie s\u0103 accept\u0103m asta \u0219i s\u0103 ne preg\u0103tim. Nu am v\u00e2ndut niciun juc\u0103tor care a fost titular \u00een finala Ligii Campionilor \u0219i am adus juc\u0103tori tineri, cred c\u0103 aceasta ar putea fi o combina\u021bie foarte pozitiv\u0103. Trebuie s\u0103 a\u0219tept\u0103m \u0219i s\u0103 vedem cum vor evolua lucrurile&#8217;, a explicat tehnicianul.<\/p>\n<p>Potrivit lui, &#8216;exist\u0103 o perioad\u0103 de adaptare pentru juc\u0103tori. \u00cemi amintesc c\u0103, \u00een al doilea meu an, toat\u0103 lumea avea dubii \u00een privin\u021ba juc\u0103torilor pe care \u00eei transferasem. \u00cens\u0103 ace\u0219tia au ajuns s\u0103-\u0219i demonstreze valoarea Am cump\u0103rat juc\u0103torii pe care ni-i doream&#8217;, a ad\u0103ugat el, declar\u00e2ndu-se satisf\u0103cut de perioada de transferuri.<\/p>\n<p>\u00centrebat despre plecarea lui Bradley Barcola la Liverpool, antrenorul a afirmat c\u0103 &#8216;este o situa\u021bie \u00een care ambele p\u0103r\u021bi au de c\u00e2\u0219tigat. El a vrut s\u0103 plece pentru c\u0103 \u00ee\u0219i dorea un rol mai important \u00een echip\u0103. Iar acesta este un lucru pe care trebuie s\u0103 \u021bi-l c\u00e2\u0219tigi la antrenamente, nu-l pot garanta niciunui juc\u0103tor. A fost un juc\u0103tor foarte important, este o persoan\u0103 extraordinar\u0103, era iubit de coechipieri. Mai avea doi ani de contract, dar a decis s\u0103 plece, iar eu \u00eei doresc tot binele. Trebuie s\u0103 accep\u021bi acest lucru&#8217;.<\/p>\n<p>El a spus c\u0103 este mul\u021bumit de cei trei juc\u0103tori noi din linia de atac, Torres, Godts, Akliouche. &#8216;Nu ar trebui s\u0103 facem compara\u021bii. Vom vedea ce se va \u00eent\u00e2mpla, dar sunt mul\u021bumit de aceast\u0103 fereastr\u0103 de transferuri.&#8217;<\/p>\n<p>&#8216;\u00cen prezent exist\u0103 reguli privind fair-play-ul financiar \u0219i cred c\u0103 suntem una dintre cele mai bune echipe din Europa, at\u00e2t pe teren, c\u00e2t \u0219i \u00een afara lui&#8217;, a asigurat spaniolul.<\/p>\n<p>Pentru el, &#8216;obiectivele sunt clare. Am spus-o de multe ori: vreau s\u0103 c\u00e2\u0219tig cele mai importante trofee \u0219i nu exist\u0103 trofeu mai mare dec\u00e2t Liga Campionilor&#8217;.<br \/>\nAGERPRES (AS\/editor: Mircea Lazaroniu, editor online: Anda Badea)<\/p>\n<\/div>\n<div class=\"mx-auto pt-3\">\n                                Afisari: 37\n                            <\/div>\n<p>[analyse_source url=&#8221;https:\/\/agerpres.ro\/sport-extern\/2026\/09\/03\/fotbal-luis-enrique-nu-e-preocupat-de-momentul-in-care-psg-va-fi-la-cel-mai-inalt-nivel&#8211;1590422&#8243;]<\/p>\n","protected":false},"excerpt":{"rendered":"<p>[analyse_image type=&#8221;featured&#8221; src=&#8221;https:\/\/agerpres.ro\/data\/202609\/20260903153153_905319.jpg&#8221;] Antrenorul lui PSG, Luis Enrique, a declarat c\u0103 &#8216;nu este preocupat de momentul&#8217; \u00een care echipa sa &#8216;va fi la cel mai \u00eenalt nivel&#8217;, \u00een ajunul meciului cu Monaco, dup\u0103 dou\u0103 remize \u00een campionatul de fotbal al Fran\u021bei, \u00eempotriva lui Rennes \u0219i Lille (2-2), relateaz\u0103 AFP. \u00centrebat, \u00eentr-o conferin\u021b\u0103 de pres\u0103, c\u00e2nd [&hellip;]<\/p>\n","protected":false},"author":1,"featured_media":0,"comment_status":"open","ping_status":"","sticky":false,"template":"","format":"standard","meta":{"footnotes":""},"categories":[2],"tags":[37,226],"class_list":["post-2126221","post","type-post","status-publish","format-standard","hentry","category-politics","tag-agerpres-ro","tag-crawlmanager"],"_links":{"self":[{"href":"https:\/\/analyse.optim.biz\/index.php?rest_route=\/wp\/v2\/posts\/2126221","targetHints":{"allow":["GET"]}}],"collection":[{"href":"https:\/\/analyse.optim.biz\/index.php?rest_route=\/wp\/v2\/posts"}],"about":[{"href":"https:\/\/analyse.optim.biz\/index.php?rest_route=\/wp\/v2\/types\/post"}],"author":[{"embeddable":true,"href":"https:\/\/analyse.optim.biz\/index.php?rest_route=\/wp\/v2\/users\/1"}],"replies":[{"embeddable":true,"href":"https:\/\/analyse.optim.biz\/index.php?rest_route=%2Fwp%2Fv2%2Fcomments&post=2126221"}],"version-history":[{"count":0,"href":"https:\/\/analyse.optim.biz\/index.php?rest_route=\/wp\/v2\/posts\/2126221\/revisions"}],"wp:attachment":[{"href":"https:\/\/analyse.optim.biz\/index.php?rest_route=%2Fwp%2Fv2%2Fmedia&parent=2126221"}],"wp:term":[{"taxonomy":"category","embeddable":true,"href":"https:\/\/analyse.optim.biz\/index.php?rest_route=%2Fwp%2Fv2%2Fcategories&post=2126221"},{"taxonomy":"post_tag","embeddable":true,"href":"https:\/\/analyse.optim.biz\/index.php?rest_route=%2Fwp%2Fv2%2Ftags&post=2126221"}],"curies":[{"name":"wp","href":"https:\/\/api.w.org\/{rel}","templated":true}]}}