{"id":2126206,"date":"2026-09-03T09:40:33","date_gmt":"2026-09-03T06:40:33","guid":{"rendered":"https:\/\/analyse.optim.biz\/?p=2126206"},"modified":"2026-09-03T09:40:33","modified_gmt":"2026-09-03T06:40:33","slug":"oana-toiu-avertizeaza-ue-asupra-intrarilor-repetate-ale-dronelor-rusesti-in-romania-si-cere-intarirea","status":"publish","type":"post","link":"https:\/\/analyse.optim.biz\/?p=2126206","title":{"rendered":"Oana \u021aoiu avertizeaz\u0103 UE asupra intr\u0103rilor repetate ale dronelor ruse\u0219ti \u00een Rom\u00e2nia \u0219i cere \u00eent\u0103rirea&#8230;"},"content":{"rendered":"<p>[analyse_image type=&#8221;featured&#8221; src=&#8221;https:\/\/s.iw.ro\/gateway\/g\/ZmlsZVNvdXJjZT1odHRwJTNBJTJGJTJG\/c3RvcmFnZTA4dHJhbnNjb2Rlci5yY3Mt\/cmRzLnJvJTJGc3RvcmFnZSUyRjIwMjYl\/MkYwOSUyRjAzJTJGMjk0NTEzNF8yOTQ1\/MTM0X29hbmEtdG9pdS5qcGVnJnc9MTIw\/MCZoPTYzMCZ6Yz0xJmhhc2g9ZGVlNjc2\/MzhjNzU1ODNhYmVhNmVmMDFmZjZmZGVjODc=.thumb.jpg&#8221;]<\/p>\n<div class=\"entry data-app-meta data-app-meta-article\" data-embed-base-url-canonical=\"https:\/\/www.digi24.ro\/embed\/stiri\/externe\/ue\/oana-toiu-avertizeaza-ue-asupra-intrarilor-repetate-ale-dronelor-rusesti-in-romania-si-cere-intarirea-flancului-estic-3933493\">\n<p data-index=\"1\"><strong>Ministrul interimar al Afacerilor Externe, Oana \u0162oiu, i-a informat pe omologii s\u0103i din UE cu privire la incursiunile ilegale repetate ale dronelor ruse\u015fti \u00een spa\u0163iul aerian na\u0163ional \u015fi \u00een zona economic\u0103 exclusiv\u0103 a Rom\u00e2niei \u015fi a accentuat necesitatea de m\u0103suri sporite de protejare a Flancului Estic, cu luarea \u00een considerare a complementarit\u0103\u0163ii \u015fi a instrumentelor UE &#8211; NATO.<\/strong><\/p>\n<p data-index=\"2\">Oana \u0162oiu a participat, mar\u0163i \u015fi miercuri, la reuniunea informal\u0103 a mini\u015ftrilor afacerilor externe ai UE, la Wicklow, \u00een Irlanda, \u0163ara care de\u0163ine Pre\u015fedin\u0163ia Consiliului UE. Potrivit unui comunicat al MAE transmis joi, \u00een cadrul primei sesiuni, la care au fost invita\u0163i s\u0103 se al\u0103ture discu\u0163iei \u015fi mini\u015ftrii din Canada, Elve\u0163ia, Islanda, Norvegia, Marea Britanie \u015fi Ucraina, a fost abordat r\u0103spunsul la agresiunea Rusiei asupra Ucrainei \u015fi escaladarea conflictului, inclusiv \u00een contextul extinderii incidentelor de securitate din Marea Neagr\u0103 \u015fi al concluziilor autorit\u0103\u0163ilor germane \u00een leg\u0103tur\u0103 cu incidentul cu dron\u0103 de la aeroportul Leipzig\/Halle.<\/p>\n<p data-index=\"3\">Oana \u0162oiu a eviden\u0163iat c\u0103 situa\u0163ia de securitate la Marea Neagr\u0103, ca urmare a agresiunii Ruse, are un impact puternic asupra exporturilor de gr\u00e2ne, securit\u0103\u0163ii globale alimentare \u015fi asupra pre\u0163ului acestora.<\/p>\n<p data-index=\"4\">\u201eRom\u00e2nia se coordoneaz\u0103 str\u00e2ns cu R. Moldova, Ucraina \u015fi Comisia European\u0103 pentru a facilita exportul de cereale \u015fi a atenua provoc\u0103rile asupra pre\u0163ului acestora. A accentuat rolul portului Constan\u0163a \u015fi al Coridoarelor Solidarit\u0103\u0163ii \u00een cre\u015fterea tranzitului gr\u00e2nelor c\u0103tre Orientul Mijlociu \u015fi Africa \u015fi a eviden\u0163iat nevoia unor ac\u0163iuni care s\u0103 protejeze \u015fi pia\u0163a local\u0103 \u015fi produc\u0103torii agricoli locali din UE\u201d, se arat\u0103 \u00een comunicatul MAE.<\/p>\n<p data-index=\"5\">De asemenea, Oana \u0162oiu i-a informat pe omologii s\u0103i cu privire la incursiunile ilegale repetate ale dronelor ruse\u015fti \u00een spa\u0163iul aerian na\u0163ional \u015fi \u00een zona economic\u0103 exclusiv\u0103 a Rom\u00e2niei \u015fi a accentuat necesitatea de m\u0103suri sporite de protejare a Flancului Estic, cu luarea \u00een considerare a complementarit\u0103\u0163ii \u015fi a instrumentelor UE &#8211; NATO.<\/p>\n<p data-index=\"6\">\u201eA men\u0163ionat intensificarea ac\u0163iunilor hibride ale Rusiei \u00eempotriva statelor membre UE \u015fi a partenerilor, exprim\u00e2nd solidaritatea cu cei afecta\u0163i \u015fi nevoia unei abord\u0103ri coerente \u015fi coordonate la adresa acestor ac\u0163iuni. \u00cen cadrul sesiunii privind \u00eembun\u0103t\u0103\u0163irea ac\u0163iunii UE pe dimensiunea de Politic\u0103 extern\u0103 \u015fi de securitate comun\u0103\/PESC, ministrul Oana \u0162oiu a subliniat demersul comun al Rom\u00e2niei al\u0103turi de alte state membre UE \u015fi al Serviciului European de Ac\u0163iune Extern\u0103 \u00een sprijinul consolid\u0103rii profilului global al UE, cu accent pe valorificarea punctelor forte ale UE, unit\u0103\u0163ii \u015fi solidarit\u0103\u0163ii, concomitent cu \u00eembun\u0103t\u0103\u0163irea procesului decizional la nivel european\u201d, a precizat MAE.<\/p>\n<p data-index=\"7\">Astfel de m\u0103suri pot conduce la rezultate care s\u0103 vizeze intensificarea schimburilor comerciale \u015fi consolidarea parteneriatelor necesare securit\u0103\u0163ii \u015fi respect\u0103rii dreptului interna\u0163ional, a men\u0163ionat sursa citat\u0103.<\/p>\n<p data-index=\"8\">Oana \u0162oiu a apreciat oportunit\u0103\u0163ile pe care viitoarea Adunare General\u0103 a ONU le poate oferi pentru un efort comun al UE pentru reforma ONU \u015fi multilateralism, precum \u015fi pentru o coordonare mai eficient\u0103 \u00een sus\u0163inerea priorit\u0103\u0163ilor europene.<\/p>\n<p class=\"gdpr-placeholder gdpr-social-media \" data-index=\"9\"> Setarile tale privind cookie-urile nu permit afisarea continutul din aceasta sectiune. Poti actualiza setarile modulelor coookie direct din browser sau de <a class=\"ot-sdk-show-settings\" data-skip-linkfix=\"1\">aici<\/a> \u2013 e nevoie sa accepti cookie-urile social media<\/p>\n<p data-index=\"10\">\u00cen cadrul ultimei sesiuni dedicate situa\u0163iei din Orientul Mijlociu, accentul a fost pus pe sprijinirea ini\u0163iativelor care vizeaz\u0103 securitatea maritim\u0103 \u015fi libertatea de naviga\u0163ie, cu respectarea dreptului interna\u0163ional. Ministrul rom\u00e2n a atras aten\u0163ia c\u0103 instabilitatea continu\u0103 \u00een regiune afecteaz\u0103 lan\u0163urile de aprovizionare \u015fi pre\u0163ul energiei la nivel global.<\/p>\n<p data-index=\"11\">Oficialul rom\u00e2n a punctat cel mai recent ajutor oferit de Rom\u00e2nia pentru Gaza, prin organizarea, la 31 august, a celui de-al 12-lea zbor pentru evacuarea medical\u0103 de urgen\u0163\u0103 a cinci pacien\u0163i pediatrici. Ac\u0163iunea reflect\u0103 direct angajamentele asumate de Rom\u00e2nia \u00een cadrul Consiliului de Pace de la Washington \u015fi confirm\u0103 eforturile de a veni \u00een sprijinul popula\u0163iei civile grav afectate de criza umanitar\u0103 din F\u00e2\u015fia Gaza.<\/p>\n<p> Editor : <a href=\"https:\/\/www.digi24.ro\/autor\/maria-isopescu\"> M.I. <\/a><\/p>\n<\/div>\n<p>[analyse_source url=&#8221;https:\/\/www.digi24.ro\/stiri\/externe\/ue\/oana-toiu-avertizeaza-ue-asupra-intrarilor-repetate-ale-dronelor-rusesti-in-romania-si-cere-intarirea-flancului-estic-3933493&#8243;]<\/p>\n","protected":false},"excerpt":{"rendered":"<p>[analyse_image type=&#8221;featured&#8221; src=&#8221;https:\/\/s.iw.ro\/gateway\/g\/ZmlsZVNvdXJjZT1odHRwJTNBJTJGJTJG\/c3RvcmFnZTA4dHJhbnNjb2Rlci5yY3Mt\/cmRzLnJvJTJGc3RvcmFnZSUyRjIwMjYl\/MkYwOSUyRjAzJTJGMjk0NTEzNF8yOTQ1\/MTM0X29hbmEtdG9pdS5qcGVnJnc9MTIw\/MCZoPTYzMCZ6Yz0xJmhhc2g9ZGVlNjc2\/MzhjNzU1ODNhYmVhNmVmMDFmZjZmZGVjODc=.thumb.jpg&#8221;] Ministrul interimar al Afacerilor Externe, Oana \u0162oiu, i-a informat pe omologii s\u0103i din UE cu privire la incursiunile ilegale repetate ale dronelor ruse\u015fti \u00een spa\u0163iul aerian na\u0163ional \u015fi \u00een zona economic\u0103 exclusiv\u0103 a Rom\u00e2niei \u015fi a accentuat necesitatea de m\u0103suri sporite de protejare a Flancului Estic, cu luarea \u00een considerare a complementarit\u0103\u0163ii [&hellip;]<\/p>\n","protected":false},"author":1,"featured_media":0,"comment_status":"open","ping_status":"","sticky":false,"template":"","format":"standard","meta":{"footnotes":""},"categories":[89],"tags":[226,11],"class_list":["post-2126206","post","type-post","status-publish","format-standard","hentry","category-romania","tag-crawlmanager","tag-digi24"],"_links":{"self":[{"href":"https:\/\/analyse.optim.biz\/index.php?rest_route=\/wp\/v2\/posts\/2126206","targetHints":{"allow":["GET"]}}],"collection":[{"href":"https:\/\/analyse.optim.biz\/index.php?rest_route=\/wp\/v2\/posts"}],"about":[{"href":"https:\/\/analyse.optim.biz\/index.php?rest_route=\/wp\/v2\/types\/post"}],"author":[{"embeddable":true,"href":"https:\/\/analyse.optim.biz\/index.php?rest_route=\/wp\/v2\/users\/1"}],"replies":[{"embeddable":true,"href":"https:\/\/analyse.optim.biz\/index.php?rest_route=%2Fwp%2Fv2%2Fcomments&post=2126206"}],"version-history":[{"count":0,"href":"https:\/\/analyse.optim.biz\/index.php?rest_route=\/wp\/v2\/posts\/2126206\/revisions"}],"wp:attachment":[{"href":"https:\/\/analyse.optim.biz\/index.php?rest_route=%2Fwp%2Fv2%2Fmedia&parent=2126206"}],"wp:term":[{"taxonomy":"category","embeddable":true,"href":"https:\/\/analyse.optim.biz\/index.php?rest_route=%2Fwp%2Fv2%2Fcategories&post=2126206"},{"taxonomy":"post_tag","embeddable":true,"href":"https:\/\/analyse.optim.biz\/index.php?rest_route=%2Fwp%2Fv2%2Ftags&post=2126206"}],"curies":[{"name":"wp","href":"https:\/\/api.w.org\/{rel}","templated":true}]}}