{"id":2126204,"date":"2026-09-03T09:39:27","date_gmt":"2026-09-03T06:39:27","guid":{"rendered":"https:\/\/analyse.optim.biz\/?p=2126204"},"modified":"2026-09-03T09:39:27","modified_gmt":"2026-09-03T06:39:27","slug":"nicusor-dan-la-csm-imensa-majoritate-a-magistratilor-din-romania-sunt-oameni-corecti-ce-spune-despre","status":"publish","type":"post","link":"https:\/\/analyse.optim.biz\/?p=2126204","title":{"rendered":"Nicu\u0219or Dan, la CSM: \u201eImensa majoritate a magistra\u021bilor din Rom\u00e2nia sunt oameni corec\u021bi\u201d. Ce spune despre&#8230;"},"content":{"rendered":"<p>[analyse_image type=&#8221;featured&#8221; src=&#8221;https:\/\/s.iw.ro\/gateway\/g\/ZmlsZVNvdXJjZT1odHRwJTNBJTJGJTJG\/c3RvcmFnZTA4dHJhbnNjb2Rlci5yY3Mt\/cmRzLnJvJTJGc3RvcmFnZSUyRjIwMjYl\/MkYwOCUyRjI4JTJGMjkyODIzM18yOTI4\/MjMzX25pY3Vzb3ItZGFuLXByb2ZpbWVk\/aWEuanBnJnc9MTIwMCZoPTYzMCZ6Yz0x\/Jmhhc2g9ZDM5YTU1NmI2ZjBjZmI5OGQ0OWZjMTIzMDA1NDk4NDY=.thumb.jpg&#8221;]<\/p>\n<div class=\"entry data-app-meta data-app-meta-article\" data-embed-base-url-canonical=\"https:\/\/www.digi24.ro\/embed\/stiri\/actualitate\/justitie\/nicusor-dan-participa-la-sedinta-csm-plenul-discuta-desemnarea-unor-procurori-si-concursurile-de-admitere-in-magistratura-3933515\">\n<p data-index=\"1\"><strong>Pre\u0219edintele Nicu\u0219or Dan a participat joi la \u0219edin\u021ba plenului Consiliului Superior al Magistraturii \u0219i a declarat c\u0103 va lua parte la discutarea primului punct de pe ordinea de zi, privind desemnarea unor procurori care vor efectua urm\u0103rirea penal\u0103 \u00een cauzele prev\u0103zute de Legea nr. 49\/2022, dar nu va participa la deliberare \u0219i vot, pentru a nu influen\u021ba decizia.<\/strong><\/p>\n<p data-index=\"2\"><strong>ACTUALIZARE 12:50<\/strong> \u201eSuntem \u00eentre magistra\u021bi \u0219i \u00eencepem cu procedura. O s\u0103 stau la primul punct \u0219i nu la deliberare \u0219i vot, ca s\u0103 nu influen\u021bez, dar este un punct care m\u0103 intereseaz\u0103\u201d, a spus Nicu\u0219or Dan.<\/p>\n<p data-index=\"3\">\u0218eful statului a subliniat c\u0103 majoritatea magistra\u021bilor \u00ee\u0219i \u00eendeplinesc responsabilit\u0103\u021bile cu corectitudine, \u00eens\u0103 a ar\u0103tat c\u0103 anchetarea celor care ar putea comite infrac\u021biuni este important\u0103 pentru consolidarea \u00eencrederii \u00een sistemul judiciar.<\/p>\n<p data-index=\"4\">\u201eCred c\u0103 imensa majoritate a magistra\u021bilor din Rom\u00e2nia sunt oameni corec\u021bi \u0219i cu r\u0103spundere fa\u021b\u0103 de ceea ce trebuie s\u0103 fac\u0103, responsabilitatea lor social\u0103\u201d, a declarat pre\u0219edintele.<\/p>\n<p data-index=\"5\">Nicu\u0219or Dan a explicat c\u0103 aceast\u0103 activitate este important\u0103 pentru imaginea justi\u021biei \u0219i pentru \u00eencrederea rom\u00e2nilor \u00een statul rom\u00e2n \u0219i \u00een actul de justi\u021bie.<\/p>\n<p data-index=\"6\">\u201eTocmai pentru ca imaginea justi\u021biei \u0219i credin\u021ba rom\u00e2nilor \u00een statul rom\u00e2n \u0219i ideea de dreptate s\u0103 fie consolidat\u0103, e important\u0103 aceast\u0103 activitate de cercetare a persoanelor care eventual, bine\u00een\u021beles asta rezult\u0103 din cercetare, din mediul judiciar care comit infrac\u021biuni\u201d, a subliniat el.<\/p>\n<h2 id=\"highlight-3933515-1\">\u201eCorup\u021bia \u00een general e parte din strategia na\u021bional\u0103 de ap\u0103rare\u201d<\/h2>\n<p data-index=\"7\">Pre\u0219edintele a afirmat c\u0103 problema corup\u021biei face parte din strategia na\u021bional\u0103 de ap\u0103rare \u0219i a amintit c\u0103 anchetarea magistra\u021bilor este men\u021bionat\u0103 \u0219i \u00een cel mai recent raport al Comisiei Europene privind statul de drept \u00een Rom\u00e2nia.<\/p>\n<p data-index=\"8\">\u201eCorup\u021bia \u00een general e parte din strategia na\u021bional\u0103 de ap\u0103rare. Aceast\u0103 chestiune a cercet\u0103rii magistra\u021bilor este, dup\u0103 cum \u0219tim to\u021bi, parte din recentul raport al Comisiei Europene pe statul de drept din Rom\u00e2nia, deci este cu at\u00e2t mai mult o chestiune important\u0103\u201d, a spus Nicu\u0219or Dan.<\/p>\n<p data-index=\"9\">El a sus\u021binut c\u0103 exist\u0103 un deficit de procurori care s\u0103 se ocupe de astfel de anchete, at\u00e2t la Parchetul General, c\u00e2t \u0219i la parchetele de pe l\u00e2ng\u0103 cur\u021bile de apel.<\/p>\n<p data-index=\"10\">\u201e\u0218tiu c\u0103 exist\u0103 o lips\u0103 de procurori care sunt dedica\u021bi pentru aceast\u0103 chestiune, \u0219i la Parchetul General \u0219i la parchetele de pe l\u00e2ng\u0103 cur\u021bile de apel, \u0219i cred c\u0103 e nevoie s\u0103 suplinim aceast\u0103 lips\u0103\u201d, a ad\u0103ugat acesta.<\/p>\n<p data-index=\"11\">Potrivit \u0219efului statului, procurorii desemna\u021bi pentru astfel de cauze trebuie s\u0103 fie competen\u021bi \u0219i echilibra\u021bi.<\/p>\n<p data-index=\"12\">\u201eCred c\u0103 oamenii care trebuie s\u0103 fac\u0103 asta, dincolo de a face parte din sistemul judiciar, trebuie s\u0103 fie persoane competente \u0219i echilibrate. Tot timpul sistemul judiciar este despre echilibru \u0219i nu despre cercetare de dragul cercet\u0103rii.\u0218i sunt curios, doamn\u0103 procuror general, pe cine propune\u021bi\u201d, a afirmat el.<\/p>\n<h2 id=\"highlight-3933515-2\">Nicu\u0219or Dan: Discu\u021bii despre parchete \u0219i rela\u021bia cu poli\u021bia<\/h2>\n<p data-index=\"13\">Pre\u0219edintele a anun\u021bat \u0219i c\u0103, dup\u0103 instalarea noului Guvern, indiferent de componen\u021ba acestuia, consider\u0103 necesar\u0103 o discu\u021bie mai ampl\u0103 despre parchete \u0219i rela\u021bia acestora cu poli\u021bia.<\/p>\n<p data-index=\"14\">\u201eEu cred c\u0103 e un moment bun, dup\u0103 instalarea noului Guvern, indiferent care va fi acest guvern, s\u0103 discut\u0103m, pentru parchete, \u00een ansamblul lor, de resurse \u0219i mai ales de rela\u021bia cu Poli\u021bia\u201d, a mai spus Nicu\u0219or Dan.<\/p>\n<p data-index=\"15\">Nicu\u0219or Dan a precizat c\u0103 sus\u021bine o colaborare mai eficient\u0103 \u00eentre procurori \u0219i poli\u021bi\u0219ti.<\/p>\n<p data-index=\"16\">\u201eCred c\u0103 am ajuns cu to\u021bii, avem experien\u021ba, maturitatea s\u0103 discut\u0103m cu c\u0103r\u021bile pe mas\u0103 despre aceast\u0103 problem\u0103, \u0219i eu sunt un sus\u021bin\u0103tor al unei eficientiz\u0103ri a rela\u021biei \u00eentre Parchet \u0219i Poli\u021bie\u201d,\u00a0 a conchis \u0219eful statului.<\/p>\n<p data-index=\"17\"><strong>\u0218tirea ini\u021bial\u0103<\/strong><\/p>\n<p data-index=\"18\">Plenul CSM s-a reunit, joi, pentru a analiza mai multe chestiuni privind activitatea Ministerului Public, concursurile de admitere \u00een magistratur\u0103 \u0219i func\u021bionarea institu\u021biei, potrivit comunicatului de pres\u0103 al Consiliului.<\/p>\n<p data-index=\"19\">Pe ordinea de zi se afl\u0103, la primul punct, propunerile pentru desemnarea unor procurori care vor efectua urm\u0103rirea penal\u0103 \u00een cauzele expres prev\u0103zute la articolul 3, alineatul (2), din Legea nr. 49\/2022.<\/p>\n<p class=\"gdpr-placeholder gdpr-social-media gdpr-iframe-fix\" data-index=\"21\"> Setarile tale privind cookie-urile nu permit afisarea continutul din aceasta sectiune. Poti actualiza setarile modulelor coookie direct din browser sau de <a class=\"ot-sdk-show-settings\" data-skip-linkfix=\"1\">aici<\/a> \u2013 e nevoie sa accepti cookie-urile social media<\/p>\n<p data-index=\"22\">Un alt punct vizeaz\u0103 desemnarea comisiilor de solu\u021bionare a contesta\u021biilor, respectiv a subcomisiilor care vor analiza contesta\u021biile formulate \u00eempotriva baremului stabilit pentru cele dou\u0103 probe scrise \u0219i \u00eempotriva punctajului ob\u021binut la testul-gril\u0103 \u00een cadrul concursurilor de admitere la Institutul Na\u021bional al Magistraturii \u0219i de admitere \u00een magistratur\u0103, sesiunea 2026-2027.<\/p>\n<p data-index=\"23\">Membrii plenului urmeaz\u0103 s\u0103 discute \u0219i situa\u021bia unei func\u021bii publice de conducere din cadrul Consiliului Superior al Magistraturii, \u00een baza documentului \u00eenregistrat cu num\u0103rul 12582\/2026.<\/p>\n<p data-index=\"24\">Pe ordinea de zi se afl\u0103 \u0219i raportul referitor la consultarea organiza\u021biilor societ\u0103\u021bii civile cu privire la propunerile \u0219i sugestiile acestora privind demersurile necesare la nivelul CSM pentru \u00eembun\u0103t\u0103\u021birea activit\u0103\u021bii institu\u021biilor judiciare ca serviciu public \u00een slujba societ\u0103\u021bii, pentru trimestrul al II-lea al anului 2026.<\/p>\n<p> Editor : <a href=\"https:\/\/www.digi24.ro\/autor\/ana-petrescu\"> Ana Petrescu <\/a><\/p>\n<\/div>\n<p>[analyse_source url=&#8221;https:\/\/www.digi24.ro\/stiri\/actualitate\/justitie\/nicusor-dan-participa-la-sedinta-csm-plenul-discuta-desemnarea-unor-procurori-si-concursurile-de-admitere-in-magistratura-3933515&#8243;]<\/p>\n","protected":false},"excerpt":{"rendered":"<p>[analyse_image type=&#8221;featured&#8221; src=&#8221;https:\/\/s.iw.ro\/gateway\/g\/ZmlsZVNvdXJjZT1odHRwJTNBJTJGJTJG\/c3RvcmFnZTA4dHJhbnNjb2Rlci5yY3Mt\/cmRzLnJvJTJGc3RvcmFnZSUyRjIwMjYl\/MkYwOCUyRjI4JTJGMjkyODIzM18yOTI4\/MjMzX25pY3Vzb3ItZGFuLXByb2ZpbWVk\/aWEuanBnJnc9MTIwMCZoPTYzMCZ6Yz0x\/Jmhhc2g9ZDM5YTU1NmI2ZjBjZmI5OGQ0OWZjMTIzMDA1NDk4NDY=.thumb.jpg&#8221;] Pre\u0219edintele Nicu\u0219or Dan a participat joi la \u0219edin\u021ba plenului Consiliului Superior al Magistraturii \u0219i a declarat c\u0103 va lua parte la discutarea primului punct de pe ordinea de zi, privind desemnarea unor procurori care vor efectua urm\u0103rirea penal\u0103 \u00een cauzele prev\u0103zute de Legea nr. 49\/2022, dar nu va participa la deliberare \u0219i [&hellip;]<\/p>\n","protected":false},"author":1,"featured_media":0,"comment_status":"open","ping_status":"","sticky":false,"template":"","format":"standard","meta":{"footnotes":""},"categories":[89],"tags":[226,11],"class_list":["post-2126204","post","type-post","status-publish","format-standard","hentry","category-romania","tag-crawlmanager","tag-digi24"],"_links":{"self":[{"href":"https:\/\/analyse.optim.biz\/index.php?rest_route=\/wp\/v2\/posts\/2126204","targetHints":{"allow":["GET"]}}],"collection":[{"href":"https:\/\/analyse.optim.biz\/index.php?rest_route=\/wp\/v2\/posts"}],"about":[{"href":"https:\/\/analyse.optim.biz\/index.php?rest_route=\/wp\/v2\/types\/post"}],"author":[{"embeddable":true,"href":"https:\/\/analyse.optim.biz\/index.php?rest_route=\/wp\/v2\/users\/1"}],"replies":[{"embeddable":true,"href":"https:\/\/analyse.optim.biz\/index.php?rest_route=%2Fwp%2Fv2%2Fcomments&post=2126204"}],"version-history":[{"count":0,"href":"https:\/\/analyse.optim.biz\/index.php?rest_route=\/wp\/v2\/posts\/2126204\/revisions"}],"wp:attachment":[{"href":"https:\/\/analyse.optim.biz\/index.php?rest_route=%2Fwp%2Fv2%2Fmedia&parent=2126204"}],"wp:term":[{"taxonomy":"category","embeddable":true,"href":"https:\/\/analyse.optim.biz\/index.php?rest_route=%2Fwp%2Fv2%2Fcategories&post=2126204"},{"taxonomy":"post_tag","embeddable":true,"href":"https:\/\/analyse.optim.biz\/index.php?rest_route=%2Fwp%2Fv2%2Ftags&post=2126204"}],"curies":[{"name":"wp","href":"https:\/\/api.w.org\/{rel}","templated":true}]}}