{"id":2126199,"date":"2026-09-03T00:00:00","date_gmt":"2026-09-02T21:00:00","guid":{"rendered":"https:\/\/analyse.optim.biz\/?p=2126199"},"modified":"2026-09-03T00:00:00","modified_gmt":"2026-09-02T21:00:00","slug":"solutiile-pentru-siguranta-copiilor-in-mediul-online-analizate-la-chisinau-in-prezenta-maiei-sandu-si-a-mirabelei-gradinaru","status":"publish","type":"post","link":"https:\/\/analyse.optim.biz\/?p=2126199","title":{"rendered":"Solu\u021biile pentru siguran\u021ba copiilor \u00een mediul online, analizate la Chi\u0219in\u0103u, \u00een prezen\u021ba Maiei Sandu \u0219i a Mirabelei Gr\u0103dinaru"},"content":{"rendered":"<p>[analyse_image type=&#8221;featured&#8221; src=&#8221;https:\/\/agerpres.ro\/data\/202609\/20260903145156_973304.jpg&#8221;]<\/p>\n<div class=\"mx-auto pt-3\">\n<p><strong>Provoc\u0103rile cu care se confrunt\u0103 copiii \u0219i adolescen\u021bii \u00een contextul evolu\u021biilor digitale rapide \u0219i solu\u021biile care pot fi implementate pentru a asigura protec\u021bia acestora \u00een mediul online au fost analizate joi, la Chi\u0219in\u0103u, \u00een cadrul unei Conferin\u021be interna\u021bionale dedicate\u00a0siguran\u021bei online \u0219i impactului mediului digital asupra s\u0103n\u0103t\u0103\u021bii mintale, la care au participat, \u00eentre al\u021bii, pre\u0219edinta Maia Sandu \u0219i partenera pre\u0219edintelui rom\u00e2n Nicu\u0219or Dan, Mirabela Gr\u0103dinaru, informeaz\u0103 Moldpres.<\/strong><\/p>\n<p><strong>Maia Sandu<\/strong> a declarat c\u0103 obiectivul autorit\u0103\u021bilor este simplu: fiecare copil din Republica Moldova s\u0103 poat\u0103 cre\u0219te s\u0103n\u0103tos, liber \u0219i \u00een siguran\u021b\u0103 \u00eentr-o lume \u00een care realitatea fizic\u0103 \u0219i cea digital\u0103 se \u00eentrep\u0103trund.<\/p>\n<p>&#8221;La \u00eenceputul acestui an, am anun\u021bat siguran\u021ba copiilor \u0219i s\u0103n\u0103tatea lor mintal\u0103 \u00een era digital\u0103 drept o tem\u0103 prioritar\u0103. (&#8230;) Mediul digital le deschide oportunit\u0103\u021bi extraordinare, dar le influen\u021beaz\u0103 \u0219i aten\u021bia, emo\u021biile, rela\u021biile \u0219i felul \u00een care se v\u0103d pe ei \u00een\u0219i\u0219i&#8221;, a afirmat Maia Sandu.<\/p>\n<p>Ea a pledat pentru ca tinerii, adolescen\u021bii \u0219i copiii s\u0103 fie ajuta\u021bi s\u0103 foloseasc\u0103 tehnologia inteligent, echilibrat \u0219i responsabil, s\u0103 g\u00e2ndeasc\u0103 critic \u0219i s\u0103 foloseasc\u0103 noile instrumente f\u0103r\u0103 s\u0103 devin\u0103 captivi ai acestora.<\/p>\n<p>&#8221;De aceea avem nevoie de un efort comun al familiei, \u0219colii, sistemului de s\u0103n\u0103tate, autorit\u0103\u021bilor, societ\u0103\u021bii civile \u0219i companiilor care administreaz\u0103 platformele digitale. Avem nevoie de sprijin practic pentru p\u0103rin\u021bi \u0219i profesori, de proceduri clare pentru prevenirea \u0219i raportarea incidentelor \u0219i de acces rapid \u0219i confiden\u021bial la ajutor pentru copiii afla\u021bi \u00een dificultate. \u00cen acela\u0219i timp, protec\u021bia trebuie integrat\u0103 chiar \u00een modul de func\u021bionare a platformelor. \u0218i nu \u00een ultimul r\u00e2nd, trebuie s\u0103 ascult\u0103m vocea copiilor \u0219i adolescen\u021bilor pentru a le \u00een\u021belege nevoile, fricile \u0219i aspira\u021biile&#8221;, a conchis Maia Sandu.<\/p>\n<p>\u0218i <strong>Mirabela Gr\u0103dinaru<\/strong> a subliniat rolul autorit\u0103\u021bilor \u0219i al familiilor pentru protec\u021bia copiilor \u00eentr-un mediu digital aflat \u00een continu\u0103 schimbare. Ea a atras aten\u021bia asupra faptului c\u0103, \u00een prezent, copil\u0103ria se desf\u0103\u0219oar\u0103 simultan \u00een lumea fizic\u0103 \u0219i \u00een cea digital\u0103, iar grani\u021ba dintre cele dou\u0103 devine tot mai greu de delimitat. \u00cen aceste condi\u021bii, autorit\u0103\u021bile trebuie s\u0103 vin\u0103 cu solu\u021bii pentru ca fiecare copil s\u0103 fie protejat \u00een mediul online, s\u0103 fie liber s\u0103 \u00eenve\u021be, s\u0103 se conecteze \u0219i s\u0103 se dezvolte armonios.<\/p>\n<iframe loading=\"lazy\" allow=\"autoplay; clipboard-write; encrypted-media; picture-in-picture; web-share\" allowfullscreen=\"true\" frameborder height=\"314\" scrolling=\"no\" src=\"https:\/\/www.facebook.com\/plugins\/video.php?height=314&amp;href=https%3A%2F%2Fwww.facebook.com%2Freel%2F1402015584703968%2F&amp;show_text=false&amp;width=560&amp;t=0\" width=\"560\"><\/iframe>\n<hr>\n<p>&#8221;Trebuie s\u0103 protej\u0103m \u00eempreun\u0103 copiii \u00eentr-un mediu digital \u00eentr-o continu\u0103 schimbare. \u0218i ca mam\u0103 a doi copii mici, este o tem\u0103 care m\u0103 preocup\u0103 zi de zi. Pentru c\u0103, dac\u0103 p\u00e2n\u0103 acum copil\u0103ria \u00eentotdeauna a fost modelat\u0103 de mediul \u00een care cresc copiii, ast\u0103zi acest mediu s-a schimbat. Dac\u0103 p\u00e2n\u0103 \u00een prezent vorbeam doar despre pericole din lumea fizic\u0103, ast\u0103zi avem dou\u0103 lumi: lumea fizic\u0103 \u0219i lumea digital\u0103. Iar diferen\u021ba \u00eentre cele dou\u0103 lumi aproape c\u0103 nici nu mai exist\u0103. \u00cen acela\u0219i timp, vorbim despre oportunit\u0103\u021bile pe care le ofer\u0103 lumea digital\u0103: \u00eenv\u0103\u021bare, creativitate, apartenen\u021b\u0103&#8221;, a afirmat Mirabela Gr\u0103dinaru.<\/p>\n<p>\u00cen opinia sa, responsabilitatea pentru siguran\u021ba online a copiilor nu poate reveni exclusiv p\u0103rin\u021bilor. Familiile au nevoie de sprijin concret din partea institu\u021biilor, \u0219colilor, serviciilor medicale \u0219i comunit\u0103\u021bilor. &#8221;Un copil poate fi cu noi \u00een aceea\u0219i camer\u0103, \u00een aceea\u0219i sal\u0103, dar \u00een acela\u0219i timp foarte departe, pentru c\u0103 este \u00eentr-o lume pe care ne este din ce \u00een ce mai greu s\u0103 o \u00een\u021belegem \u0219i s\u0103 o control\u0103m. Am v\u0103zut foarte multe statistici care ne \u00eengrijoreaz\u0103. Este suficient s\u0103-i ascult\u0103m pe p\u0103rin\u021bi care sunt din ce \u00een ce mai \u00eengrijora\u021bi \u00een momentul \u00een care vorbesc despre accesul copiilor la internet, la timpul pe care ei \u00eel petrec \u00een mediul online. Nu mai au u\u0219i pe care s\u0103 le \u00eenchid\u0103, pentru c\u0103 lumea de afar\u0103 poate s\u0103 ajung\u0103 la copiii no\u0219tri doar printr-un ecran. \u0218i atunci, ce putem s\u0103 facem? S\u0103 \u00eei sprijinim pe p\u0103rin\u021bi, pentru c\u0103 nu putem s\u0103 l\u0103s\u0103m aceast\u0103 responsabilitate doar pe umerii lor. (&#8230;)&#8221;, a apreciat Mirabela Gr\u0103dinaru, care a pledat totodat\u0103 pentru un sprijin concret acordat p\u0103rin\u021bilor. &#8221;O mam\u0103 sau un tat\u0103 nu poate fi \u00een acela\u0219i timp \u0219i p\u0103rinte, profesor, psiholog sau expert \u00een tehnologie. Nu este realist s\u0103 ne a\u0219tept\u0103m ca fiecare familie s\u0103 \u021bin\u0103 pasul de una singur\u0103 cu riscuri \u0219i cu schimb\u0103ri pe care nici institu\u021biile \u0219i nici reglementatorii nu reu\u0219esc s\u0103 le anticipeze&#8221;, a explicat ea.<\/p>\n<p>Mirabela Gr\u0103dinaru a apreciat c\u0103 la fel de important este faptul ca \u00een momentul \u00een care vorbim despre alfabetizare digital\u0103, s\u0103 se vorbeasc\u0103 \u0219i despre alfabetizare \u00een materie de s\u0103n\u0103tate mintal\u0103. Copiii trebuie s\u0103 poat\u0103 identifica un con\u021binut d\u0103un\u0103tor, comportamente nes\u0103n\u0103toase \u0219i situa\u021biile \u00een care mediul online le afecteaz\u0103 starea de bine.<\/p>\n<p>Prezent la eveniment, <strong>ministrul s\u0103n\u0103t\u0103\u021bii din Republica Moldova, Alexandru Gasna\u0219<\/strong>, a subliniat necesitatea de a discuta despre pericolele care exist\u0103 \u00een mediul online \u0219i crearea mecanismelor de protec\u021bie a copiilor \u0219i adolescen\u021bilor. El a men\u021bionat totodat\u0103 c\u0103 siguran\u021ba online a copiilor este un subiect care trebuie s\u0103 fie abordat echilibrat, f\u0103r\u0103 a pune \u00eentreaga responsabilitate pe familii. &#8221;Lupta este asimetric\u0103, pentru c\u0103 aceste supercomputere lupt\u0103 pentru aten\u021bia noastr\u0103 \u0219i asta este cea mai mare problem\u0103 (&#8230;)&#8221;, a insistat ministrul Alexandru Gasna\u0219.<\/p>\n<p><strong>Directorul pentru sisteme de s\u0103n\u0103tate al Biroului Regional OMS pentru Europa, Natasha Azzopardi Muscat<\/strong>, a afirmat c\u0103 sistemul de s\u0103n\u0103tate trebuie s\u0103 fie preg\u0103tit s\u0103 ofere sprijin cet\u0103\u021benilor \u00een contextul transform\u0103rilor cu care se confrunt\u0103 odat\u0103 cu evolu\u021biile rapide a tehnologiilor.<\/p>\n<p>&#8221;Unul din \u0219apte copii, unul din cinci adolescen\u021bi tr\u0103iesc cu o condi\u021bie anumit\u0103 de s\u0103n\u0103tate mental\u0103. Noi vedem acum s\u0103n\u0103tatea mental\u0103 ca o problem\u0103 de s\u0103n\u0103tate public\u0103. \u00cen timpul pandemiei, s\u0103n\u0103tatea mental\u0103 deja era o prioritate, dar \u00een programul actual de munc\u0103, s\u0103n\u0103tatea mental\u0103 este peste tot. Vor exista momente c\u00e2nd oamenii vor avea nevoie de sprijin. \u0218i sistemul nostru de s\u0103n\u0103tate \u0219i serviciile de s\u0103n\u0103tate trebuie s\u0103 poat\u0103 s\u0103 fie capabile s\u0103 ofere aceast\u0103 asisten\u021b\u0103 adecvat\u0103 pentru acest fenomen epidemiologic \u00een schimbare rapid\u0103, fie la nivelul s\u0103n\u0103t\u0103\u021bii primare, unde \u00eenc\u0103 \u00een foarte multe \u021b\u0103ri vedem o lacun\u0103 major\u0103, dar la fel \u0219i la necesitate \u00een serviciile specializate&#8221;, a afirmat Natasha Azzopardi Muscat.<\/p>\n<p><strong>Ambasadoarea Uniunii Europene \u00een Republica Moldova, Iwona Piorko<\/strong>, a apreciat c\u0103 fiecare copil are nevoie de servicii digitale care s\u0103 fie potrivite pentru v\u00e2rsta lui \u0219i de o protec\u021bie puternic\u0103 \u00een mediul online.<\/p>\n<p>&#8221;Atunci c\u00e2nd copiii no\u0219tri pleac\u0103 de acas\u0103 \u0219i eu, la fel, am un copil, doar unul, noi ne punem \u00eentreb\u0103ri simple: dac\u0103 se afl\u0103 \u00een siguran\u021b\u0103, dac\u0103 \u0219tiu exact unde merg, dac\u0103 pot s\u0103 cear\u0103 ajutor. \u0218i ast\u0103zi noi trebuie s\u0103 ne punem acelea\u0219i \u00eentreb\u0103ri \u0219i referitor la lumea digital\u0103. Tinerii petrec de la patru la \u0219ase ore pe zi la ecran. \u0218ase ore \u00een fiecare zi \u00eenseamn\u0103 dou\u0103zeci de ani din via\u021ba lor. \u00cen acela\u0219i timp, practic 60 la sut\u0103 din copii au deja experien\u021b\u0103 cu probleme psihosociale online&#8221;, a afirmat Ambasadoarea.<\/p>\n<p>\u00cen acela\u0219i timp, Iwona Piorko a subliniat c\u0103 UE va continua s\u0103 sprijine Republica Moldova \u00een eforturile sale, astfel \u00eenc\u00e2t copiii s\u0103 poat\u0103 beneficia de oportunit\u0103\u021bile lumii digitale f\u0103r\u0103 a-\u0219i compromite siguran\u021ba, drepturile, s\u0103n\u0103tatea mental\u0103 sau bun\u0103starea.<\/p>\n<p><strong>Conferin\u021ba &#8221;Siguran\u021ba online \u0219i determinan\u021bii digitali ai s\u0103n\u0103t\u0103\u021bii mintale \u0219i bun\u0103st\u0103rii emo\u021bionale a copiilor \u0219i adolescen\u021bilor&#8221; este organizat\u0103 de Ministerul S\u0103n\u0103t\u0103\u021bii \u0219i Biroul Regional al Organiza\u021biei Mondiale a S\u0103n\u0103t\u0103\u021bii (OMS) pentru Europa, sub auspiciile Pre\u0219edin\u021biei Republicii Moldova \u0219i cu cofinan\u021barea Uniunii Europene.<\/strong><\/p>\n<p>La eveniment, exper\u021bi din Fran\u021ba, Belgia, Finlanda, Polonia \u0219i Republica Ceh\u0103 au prezentat experien\u021be \u0219i solu\u021bii aplicate la nivel european pentru crearea unui mediu digital mai sigur \u0219i mai s\u0103n\u0103tos pentru copii \u0219i adolescen\u021bi. AGERPRES\/(AS &#8211; redactor: Gabriela Ionescu, editor online: Gabriela Badea)\u00a0<\/p>\n<\/div>\n<div class=\"mx-auto pt-3\">\n                                Afisari: 108\n                            <\/div>\n<p>[analyse_source url=&#8221;https:\/\/agerpres.ro\/romania-in-lume\/2026\/09\/03\/solutiile-pentru-siguranta-copiilor-in-mediul-online-analizate-la-chisinau-in-prezenta-maiei-sandu-s&#8211;1590388&#8243;]<\/p>\n","protected":false},"excerpt":{"rendered":"<p>[analyse_image type=&#8221;featured&#8221; src=&#8221;https:\/\/agerpres.ro\/data\/202609\/20260903145156_973304.jpg&#8221;] Provoc\u0103rile cu care se confrunt\u0103 copiii \u0219i adolescen\u021bii \u00een contextul evolu\u021biilor digitale rapide \u0219i solu\u021biile care pot fi implementate pentru a asigura protec\u021bia acestora \u00een mediul online au fost analizate joi, la Chi\u0219in\u0103u, \u00een cadrul unei Conferin\u021be interna\u021bionale dedicate\u00a0siguran\u021bei online \u0219i impactului mediului digital asupra s\u0103n\u0103t\u0103\u021bii mintale, la care au participat, \u00eentre [&hellip;]<\/p>\n","protected":false},"author":1,"featured_media":0,"comment_status":"open","ping_status":"","sticky":false,"template":"","format":"standard","meta":{"footnotes":""},"categories":[2],"tags":[37,226],"class_list":["post-2126199","post","type-post","status-publish","format-standard","hentry","category-politics","tag-agerpres-ro","tag-crawlmanager"],"_links":{"self":[{"href":"https:\/\/analyse.optim.biz\/index.php?rest_route=\/wp\/v2\/posts\/2126199","targetHints":{"allow":["GET"]}}],"collection":[{"href":"https:\/\/analyse.optim.biz\/index.php?rest_route=\/wp\/v2\/posts"}],"about":[{"href":"https:\/\/analyse.optim.biz\/index.php?rest_route=\/wp\/v2\/types\/post"}],"author":[{"embeddable":true,"href":"https:\/\/analyse.optim.biz\/index.php?rest_route=\/wp\/v2\/users\/1"}],"replies":[{"embeddable":true,"href":"https:\/\/analyse.optim.biz\/index.php?rest_route=%2Fwp%2Fv2%2Fcomments&post=2126199"}],"version-history":[{"count":0,"href":"https:\/\/analyse.optim.biz\/index.php?rest_route=\/wp\/v2\/posts\/2126199\/revisions"}],"wp:attachment":[{"href":"https:\/\/analyse.optim.biz\/index.php?rest_route=%2Fwp%2Fv2%2Fmedia&parent=2126199"}],"wp:term":[{"taxonomy":"category","embeddable":true,"href":"https:\/\/analyse.optim.biz\/index.php?rest_route=%2Fwp%2Fv2%2Fcategories&post=2126199"},{"taxonomy":"post_tag","embeddable":true,"href":"https:\/\/analyse.optim.biz\/index.php?rest_route=%2Fwp%2Fv2%2Ftags&post=2126199"}],"curies":[{"name":"wp","href":"https:\/\/api.w.org\/{rel}","templated":true}]}}