{"id":2126190,"date":"2026-09-03T00:00:00","date_gmt":"2026-09-02T21:00:00","guid":{"rendered":"https:\/\/analyse.optim.biz\/?p=2126190"},"modified":"2026-09-03T00:00:00","modified_gmt":"2026-09-02T21:00:00","slug":"isabel-schnabel-ar-putea-pleca-de-la-bce-pentru-un-job-la-fmi","status":"publish","type":"post","link":"https:\/\/analyse.optim.biz\/?p=2126190","title":{"rendered":"Isabel Schnabel ar putea pleca de la BCE pentru un job la FMI"},"content":{"rendered":"<p>[analyse_image type=&#8221;featured&#8221; src=&#8221;https:\/\/agerpres.ro\/data\/202609\/20260903145644_109312.jpg&#8221;]<\/p>\n<div class=\"mx-auto pt-3\">\n<p>Isabel Schnabel, membru \u00een Comitetul Executiv al B\u0103ncii Centrale Europene, ar putea pleca de la BCE \u00eenainte de expirarea mandatului pentru un post la Fondul Monetar Interna\u021bional, a dezv\u0103luit joi cotidianul german Handelsblatt, care citeaz\u0103 surse guvernamentale \u0219i din sectorul financiar.<\/p>\n<p>\u00cen mod normal, mandatul lui Isabel Schnabel la BCE expir\u0103 la sf\u00e2r\u0219itul anului 2027. Dac\u0103 Isabel Schnabel va pleca de la BCE, guvernatorul B\u0103ncii Centrale a Germaniei (Bundesbank), Joachim Nagel, ar deveni singurul candidat al Germaniei pentru func\u021bia de pre\u0219edinte al BCE, pozi\u021bie care va deveni vacant\u0103 \u00een noiembrie 2027, c\u00e2nd expir\u0103 mandatul de opt ani al lui Christine Lagarde.<\/p>\n<p>Sursele citate de Handelsblatt sus\u021bin c\u0103 Isabel Schnabel poart\u0103 negocieri cu Fondul Monetar Interna\u021bional (FMI) pentru a prelua conducerea departamentului s\u0103u de Pie\u021be Monetare \u0219i de Capital (MCM), \u00eenlocuindu-l pe actualul director, Tobias Adrian.<\/p>\n<p>\u00cens\u0103, plecarea lui Schnabel ar aduce mai repede o remaniere major\u0103 la v\u00e2rful BCE. Schnabel nu ar mai juca niciun rol \u00een aceast\u0103 remaniere: o mutare la FMI ar elimina-o definitiv din pozi\u021bia de candidat german pentru postul de pre\u0219edinte al BCE.<\/p>\n<p>\u00cen ultimele luni au ap\u0103rut specula\u021bii c\u0103 pre\u0219edintele BCE, Christine Lagarde, ar putea p\u0103r\u0103si institu\u021bia de la Frankfurt \u00eenainte de sf\u00e2r\u0219itul mandatului s\u0103u, \u00een octombrie 2027, pentru a deveni \u0219efa Forumului Economic Mondial (WEF). De asemenea, \u00eencep\u00e2nd din luna iunie 2027, BCE va avea nevoie \u0219i de un nou economist-\u0219ef, odat\u0103 cu \u00eencheierea mandatului de opt ani al irlandezului Philip Lane. AGERPRES\/(AS &#8211; redactor: Constantin Balaban, editor: Oana Tilic\u0103, editor online: Anda Badea)<\/p>\n<\/div>\n<div class=\"mx-auto pt-3\">\n                                Afisari: 91\n                            <\/div>\n<p>[analyse_source url=&#8221;https:\/\/agerpres.ro\/economic-extern\/2026\/09\/03\/isabel-schnabel-ar-putea-pleca-de-la-bce-pentru-un-job-la-fmi&#8211;1590396&#8243;]<\/p>\n","protected":false},"excerpt":{"rendered":"<p>[analyse_image type=&#8221;featured&#8221; src=&#8221;https:\/\/agerpres.ro\/data\/202609\/20260903145644_109312.jpg&#8221;] Isabel Schnabel, membru \u00een Comitetul Executiv al B\u0103ncii Centrale Europene, ar putea pleca de la BCE \u00eenainte de expirarea mandatului pentru un post la Fondul Monetar Interna\u021bional, a dezv\u0103luit joi cotidianul german Handelsblatt, care citeaz\u0103 surse guvernamentale \u0219i din sectorul financiar. \u00cen mod normal, mandatul lui Isabel Schnabel la BCE expir\u0103 la [&hellip;]<\/p>\n","protected":false},"author":1,"featured_media":0,"comment_status":"open","ping_status":"","sticky":false,"template":"","format":"standard","meta":{"footnotes":""},"categories":[2],"tags":[37,226],"class_list":["post-2126190","post","type-post","status-publish","format-standard","hentry","category-politics","tag-agerpres-ro","tag-crawlmanager"],"_links":{"self":[{"href":"https:\/\/analyse.optim.biz\/index.php?rest_route=\/wp\/v2\/posts\/2126190","targetHints":{"allow":["GET"]}}],"collection":[{"href":"https:\/\/analyse.optim.biz\/index.php?rest_route=\/wp\/v2\/posts"}],"about":[{"href":"https:\/\/analyse.optim.biz\/index.php?rest_route=\/wp\/v2\/types\/post"}],"author":[{"embeddable":true,"href":"https:\/\/analyse.optim.biz\/index.php?rest_route=\/wp\/v2\/users\/1"}],"replies":[{"embeddable":true,"href":"https:\/\/analyse.optim.biz\/index.php?rest_route=%2Fwp%2Fv2%2Fcomments&post=2126190"}],"version-history":[{"count":0,"href":"https:\/\/analyse.optim.biz\/index.php?rest_route=\/wp\/v2\/posts\/2126190\/revisions"}],"wp:attachment":[{"href":"https:\/\/analyse.optim.biz\/index.php?rest_route=%2Fwp%2Fv2%2Fmedia&parent=2126190"}],"wp:term":[{"taxonomy":"category","embeddable":true,"href":"https:\/\/analyse.optim.biz\/index.php?rest_route=%2Fwp%2Fv2%2Fcategories&post=2126190"},{"taxonomy":"post_tag","embeddable":true,"href":"https:\/\/analyse.optim.biz\/index.php?rest_route=%2Fwp%2Fv2%2Ftags&post=2126190"}],"curies":[{"name":"wp","href":"https:\/\/api.w.org\/{rel}","templated":true}]}}