{"id":2126189,"date":"2026-09-03T08:20:07","date_gmt":"2026-09-03T05:20:07","guid":{"rendered":"https:\/\/analyse.optim.biz\/?p=2126189"},"modified":"2026-09-03T08:20:07","modified_gmt":"2026-09-03T05:20:07","slug":"premierul-spaniol-pedro-sanchez-apara-interventia-fortelor-de-ordine-in-ceuta-migrantii-nu-pot-fi-tratati","status":"publish","type":"post","link":"https:\/\/analyse.optim.biz\/?p=2126189","title":{"rendered":"Premierul spaniol Pedro Sanchez ap\u0103r\u0103 interven\u021bia for\u021belor de ordine \u00een Ceuta: Migran\u021bii nu pot fi trata\u021bi&#8230;"},"content":{"rendered":"<p>[analyse_image type=&#8221;featured&#8221; src=&#8221;https:\/\/s.iw.ro\/gateway\/g\/ZmlsZVNvdXJjZT1odHRwJTNBJTJGJTJG\/c3RvcmFnZTA4dHJhbnNjb2Rlci5yY3Mt\/cmRzLnJvJTJGc3RvcmFnZSUyRjIwMjMl\/MkYxMCUyRjI0JTJGMTgyNDI4NV8xODI0\/Mjg1X3Byb2ZpbWVkaWEtMDgxMjMzMDUy\/My5qcGcmdz0xMjAwJmg9NjMwJnpjPTEm\/aGFzaD00MGZjY2M4YWQwODZiYWNlM2EyY2Y2ZDNmYTk3NWU0MA==.thumb.jpg&#8221;]<\/p>\n<div class=\"entry data-app-meta data-app-meta-article\" data-embed-base-url-canonical=\"https:\/\/www.digi24.ro\/embed\/stiri\/externe\/ue\/premierul-spaniol-pedro-sanchez-apara-interventia-fortelor-de-ordine-in-ceuta-migrantii-nu-pot-fi-tratati-ca-un-sac-de-gunoi-3933279\">\n<p data-index=\"1\"><strong>Premierul spaniol Pedro S\u00e1nchez a ap\u0103rat \u00een fa\u021ba Congresului Deputa\u021bilor modul \u00een care for\u021bele de ordine au gestionat afluxul masiv de migran\u021bi din Ceuta \u0219i a indicat re\u021belele sociale drept unul dintre factorii care au alimentat criza. Liderul de la Madrid sus\u021bine c\u0103 autorit\u0103\u021bile au ac\u021bionat rapid \u0219i \u00een limitele legii, peste 90% dintre migran\u021bi fiind returna\u021bi \u00een numai 72 de ore.<\/strong><\/p>\n<p data-index=\"2\">Adres\u00e2ndu-se parlamentarilor, S\u00e1nchez a declarat c\u0103 va prezenta \u201eceea ce \u0219tim p\u00e2n\u0103 \u00een acest moment, cu transparen\u021b\u0103 absolut\u0103\u201d despre evenimentele care au dus la izbucnirea crizei. El a afirmat c\u0103, \u00een luna iulie, s-a \u00eenregistrat o cre\u0219tere semnificativ\u0103 a num\u0103rului de migran\u021bi care au intrat \u00een \u021bar\u0103 pe mare, concomitent cu intensificarea mesajelor distribuite online, transmite <a href=\"https:\/\/www.euronews.com\/my-europe\/2026\/09\/03\/sanchez-addresses-spanish-parliament-over-ceuta-crisis\" target=\"_blank\" rel=\"noopener\" data-skip-linkfix=\"1\">Euronews<\/a>.<\/p>\n<p data-index=\"3\">Referindu-se la for\u021bele de ordine care au intervenit, S\u00e1nchez a declarat: \u201eOamenii no\u0219tri au fost nevoi\u021bi s\u0103 ia decizii \u00een c\u00e2teva minute. Au ales s\u0103 apere via\u021ba uman\u0103. Suntem foarte m\u00e2ndri de aceast\u0103 decizie.\u201d<\/p>\n<h2 id=\"highlight-3933279-1\">S\u00e1nchez: Peste 90% dintre migran\u021bi au fost returna\u021bi \u00een 72 de ore<\/h2>\n<p data-index=\"4\">Premierul a ap\u0103rat apoi r\u0103spunsul mai larg al guvernului, afirm\u00e2nd \u00een fa\u021ba Congresului c\u0103 situa\u021bia a fost adus\u0103 sub control \u00een c\u00e2teva zile. \u201eAm \u00eent\u0103rit frontierele \u0219i am \u00eempiedicat alte intr\u0103ri. Dup\u0103 72 de ore, peste 90% se \u00eentorseser\u0103\u201d, a spus el.<\/p>\n<p data-index=\"5\">S\u00e1nchez a descris opera\u021biunea drept \u201eunul dintre cele mai rapide procese de returnare din istoria Europei\u201d \u0219i a afirmat c\u0103 acest lucru a fost recunoscut de Comisia European\u0103.<\/p>\n<p data-index=\"6\">Premierul a respins sugestiile potrivit c\u0103rora Spania ar fi trebuit s\u0103 ac\u021bioneze mai dur pentru \u00eendep\u0103rtarea migran\u021bilor, subliniind constr\u00e2ngerile legale pe care trebuie s\u0103 le respecte guvernul.<\/p>\n<p data-index=\"7\">\u201eSpania este o democra\u021bie. Nu po\u021bi apuca o fiin\u021b\u0103 uman\u0103 de bra\u021b \u0219i s\u0103 o arunci peste grani\u021b\u0103 ca pe un sac de gunoi\u201d, le-a spus el parlamentarilor. \u201eExist\u0103 legi \u0219i tratate pe care suntem obliga\u021bi s\u0103 le respect\u0103m\u201d, a ad\u0103ugat S\u00e1nchez.<\/p>\n<p data-index=\"8\">\u00cen ceea ce prive\u0219te motivele pentru care criza nu a fost anticipat\u0103, S\u00e1nchez a fost categoric: \u201eNiciun serviciu de informa\u021bii nu a anticipat trecerea masiv\u0103 a frontierei\u201d. El a legat reac\u021bia guvernului de o hot\u0103r\u00e2re pronun\u021bat\u0103 de Curtea Suprem\u0103 la 8 iulie, explic\u00e2nd c\u0103 ulterior au fost adoptate mai multe m\u0103suri.<\/p>\n<p data-index=\"9\">\u201eAm intensificat supravegherea maritim\u0103. Am avut \u00eent\u00e2lniri cu autorit\u0103\u021bile marocane pentru a aborda situa\u021bia. Asta am f\u0103cut: am reac\u021bionat la schimbare\u201d, a spus el.<\/p>\n<p data-index=\"10\">Premierul a recunoscut c\u0103 r\u0103m\u00e2n \u00eentreb\u0103ri importante f\u0103r\u0103 r\u0103spuns \u00een privin\u021ba modului \u00een care s-a desf\u0103\u0219urat criza. \u201eCeea ce se \u00eent\u00e2mpl\u0103 \u00een Ceuta este mult mai complex \u0219i are mult mai multe fa\u021bete\u201d, le-a spus S\u00e1nchez parlamentarilor.<\/p>\n<p data-index=\"11\">S\u00e1nchez s-a prezentat \u00een camera inferioar\u0103 a Parlamentului Spaniei, la propria solicitare, pentru a da explica\u021bii cu privire la modul \u00een care guvernul a gestionat evenimentele din Ceuta \u0219i la situa\u021bia actual\u0103 din ora\u0219ul autonom.<\/p>\n<p data-index=\"12\">Audierea sa are loc pe fondul criticilor puternice la adresa guvernului socialist pentru r\u0103spunsul s\u0103u la criza migra\u021biei, declan\u0219at\u0103 dup\u0103 ce mii de persoane <a href=\"https:\/\/www.digi24.ro\/stiri\/externe\/urgenta-umanitara-si-sociala-absoluta-in-spania-imagini-incredibile-cu-sute-de-migranti-care-incearca-sa-ajunga-in-exclava-ceuta-3886371\" target=\"_blank\" rel=\"noopener\" data-skip-linkfix=\"1\">au intrat din Maroc la sf\u00e2r\u0219itul lunii iulie<\/a>.<\/p>\n<p data-index=\"13\"><strong>Cite\u0219te \u0219i <a href=\"https:\/\/www.digi24.ro\/stiri\/externe\/ue\/spatiul-schengen-din-nou-sub-presiune-controalele-la-frontiere-se-extind-iar-tarile-ue-se-cearta-pe-redistribuirea-migrantilor-3929801\" target=\"_blank\" rel=\"noopener\" data-skip-linkfix=\"1\">Spa\u021biul Schengen, din nou sub presiune. Controalele la frontiere se extind, iar \u021b\u0103rile UE se ceart\u0103 pe redistribuirea migran\u021bilor\u00a0<\/a><\/strong><\/p>\n<p data-index=\"14\">Situa\u021bia a provocat, de asemenea, o dezbatere politic\u0103 intens\u0103 privind controlul frontierelor, primirea migran\u021bilor \u0219i rolul Marocului \u00een aceast\u0103 criz\u0103. Opozi\u021bia a cerut guvernului s\u0103 explice deciziile luate de la \u00eenceputul situa\u021biei de urgen\u021b\u0103 \u0219i s\u0103 prezinte m\u0103surile pe care inten\u021bioneaz\u0103 s\u0103 le adopte pentru gestionarea consecin\u021belor acesteia.<\/p>\n<p data-index=\"15\">Discursul premierului vine dup\u0103 o zi de manifesta\u021bii de amploare organizate \u00een sprijinul locuitorilor din Ceuta \u00een numeroase regiuni ale Spaniei, cu o participare deosebit\u0103 \u00een ora\u0219ul autonom, la Madrid \u0219i Sevilla.<\/p>\n<p data-index=\"16\">La Madrid, Delega\u021bia Guvernului a estimat participarea la peste 50.000 de persoane, \u00een timp ce Prim\u0103ria a avansat cifra de 150.000. De\u0219i manifesta\u021biile s-au desf\u0103\u0219urat \u00een cea mai mare parte pa\u0219nic, seara s-a \u00eencheiat cu incidente \u00een apropierea Congresului Deputa\u021bilor.<\/p>\n<p data-index=\"17\"><strong>Cite\u0219te \u0219i\u00a0<a href=\"https:\/\/www.digi24.ro\/stiri\/externe\/ue\/orban-cel-rosu-sau-vizionar-criza-din-ceuta-reaprinde-dezbaterea-despre-rolul-premierului-spaniol-pedro-sanchez-in-ue-3896509#highlight-3896509-4\" target=\"_blank\" rel=\"noopener\" data-skip-linkfix=\"1\">\u201eOrban cel ro\u0219u\u201d sau vizionar? Criza din Ceuta reaprinde dezbaterea despre rolul premierului spaniol Pedro Sanchez \u00een UE<\/a><\/strong><\/p>\n<p> Editor : <a href=\"https:\/\/www.digi24.ro\/autor\/maria-isopescu\"> M.I. <\/a><\/p>\n<\/div>\n<p>[analyse_source url=&#8221;https:\/\/www.digi24.ro\/stiri\/externe\/ue\/premierul-spaniol-pedro-sanchez-apara-interventia-fortelor-de-ordine-in-ceuta-migrantii-nu-pot-fi-tratati-ca-un-sac-de-gunoi-3933279&#8243;]<\/p>\n","protected":false},"excerpt":{"rendered":"<p>[analyse_image type=&#8221;featured&#8221; src=&#8221;https:\/\/s.iw.ro\/gateway\/g\/ZmlsZVNvdXJjZT1odHRwJTNBJTJGJTJG\/c3RvcmFnZTA4dHJhbnNjb2Rlci5yY3Mt\/cmRzLnJvJTJGc3RvcmFnZSUyRjIwMjMl\/MkYxMCUyRjI0JTJGMTgyNDI4NV8xODI0\/Mjg1X3Byb2ZpbWVkaWEtMDgxMjMzMDUy\/My5qcGcmdz0xMjAwJmg9NjMwJnpjPTEm\/aGFzaD00MGZjY2M4YWQwODZiYWNlM2EyY2Y2ZDNmYTk3NWU0MA==.thumb.jpg&#8221;] Premierul spaniol Pedro S\u00e1nchez a ap\u0103rat \u00een fa\u021ba Congresului Deputa\u021bilor modul \u00een care for\u021bele de ordine au gestionat afluxul masiv de migran\u021bi din Ceuta \u0219i a indicat re\u021belele sociale drept unul dintre factorii care au alimentat criza. Liderul de la Madrid sus\u021bine c\u0103 autorit\u0103\u021bile au ac\u021bionat rapid \u0219i \u00een limitele legii, peste [&hellip;]<\/p>\n","protected":false},"author":1,"featured_media":0,"comment_status":"open","ping_status":"","sticky":false,"template":"","format":"standard","meta":{"footnotes":""},"categories":[89],"tags":[226,11],"class_list":["post-2126189","post","type-post","status-publish","format-standard","hentry","category-romania","tag-crawlmanager","tag-digi24"],"_links":{"self":[{"href":"https:\/\/analyse.optim.biz\/index.php?rest_route=\/wp\/v2\/posts\/2126189","targetHints":{"allow":["GET"]}}],"collection":[{"href":"https:\/\/analyse.optim.biz\/index.php?rest_route=\/wp\/v2\/posts"}],"about":[{"href":"https:\/\/analyse.optim.biz\/index.php?rest_route=\/wp\/v2\/types\/post"}],"author":[{"embeddable":true,"href":"https:\/\/analyse.optim.biz\/index.php?rest_route=\/wp\/v2\/users\/1"}],"replies":[{"embeddable":true,"href":"https:\/\/analyse.optim.biz\/index.php?rest_route=%2Fwp%2Fv2%2Fcomments&post=2126189"}],"version-history":[{"count":0,"href":"https:\/\/analyse.optim.biz\/index.php?rest_route=\/wp\/v2\/posts\/2126189\/revisions"}],"wp:attachment":[{"href":"https:\/\/analyse.optim.biz\/index.php?rest_route=%2Fwp%2Fv2%2Fmedia&parent=2126189"}],"wp:term":[{"taxonomy":"category","embeddable":true,"href":"https:\/\/analyse.optim.biz\/index.php?rest_route=%2Fwp%2Fv2%2Fcategories&post=2126189"},{"taxonomy":"post_tag","embeddable":true,"href":"https:\/\/analyse.optim.biz\/index.php?rest_route=%2Fwp%2Fv2%2Ftags&post=2126189"}],"curies":[{"name":"wp","href":"https:\/\/api.w.org\/{rel}","templated":true}]}}