{"id":2126182,"date":"2026-09-03T08:19:12","date_gmt":"2026-09-03T05:19:12","guid":{"rendered":"https:\/\/analyse.optim.biz\/?p=2126182"},"modified":"2026-09-03T08:19:12","modified_gmt":"2026-09-03T05:19:12","slug":"ungaria-pune-conditii-pentru-bugetul-ue-si-respinge-aderarea-accelerata-a-oricarei-tari-mesajul-lui-peter","status":"publish","type":"post","link":"https:\/\/analyse.optim.biz\/?p=2126182","title":{"rendered":"Ungaria pune condi\u021bii pentru bugetul UE \u0219i respinge aderarea accelerat\u0103 a oric\u0103rei \u021b\u0103ri. Mesajul lui Peter&#8230;"},"content":{"rendered":"<p>[analyse_image type=&#8221;featured&#8221; src=&#8221;https:\/\/s.iw.ro\/gateway\/g\/ZmlsZVNvdXJjZT1odHRwJTNBJTJGJTJG\/c3RvcmFnZTA4dHJhbnNjb2Rlci5yY3Mt\/cmRzLnJvJTJGc3RvcmFnZSUyRjIwMjYl\/MkYwOSUyRjAzJTJGMjk0NDg0OV8yOTQ0\/ODQ5X3Byb2ZpbWVkaWEtMTExMTA3NzYy\/Ny5qcGcmdz0xMjAwJmg9NjMwJnpjPTEm\/aGFzaD1mMDc5YTBlOGI3MzIyNTliNDk0MGRkNGU5ZWJiNDI2NQ==.thumb.jpg&#8221;]<\/p>\n<div class=\"entry data-app-meta data-app-meta-article\" data-embed-base-url-canonical=\"https:\/\/www.digi24.ro\/embed\/stiri\/externe\/ungaria-pune-conditii-pentru-bugetul-ue-si-respinge-aderarea-accelerata-a-oricarei-tari-mesajul-lui-peter-magyar-3933277\">\n<p data-index=\"1\"><strong>Premierul Ungariei Peter Magyar a anun\u021bat c\u0103 Budapesta va accepta cadrul financiar multianual al Uniunii Europene pentru 2028-2034 doar dac\u0103 acesta va r\u0103spunde intereselor cet\u0103\u021benilor \u0219i companiilor maghiare. Declara\u021bia a fost f\u0103cut\u0103 dup\u0103 \u00eent\u00e2lnirea de miercuri sear\u0103, de la Budapesta, cu pre\u0219edintele Consiliului European Ant\u00f3nio Costa.<\/strong><\/p>\n<p data-index=\"2\">\u201e\u00cen cadrul \u00eent\u00e2lnirii, am precizat clar c\u0103 putem accepta noul buget pe \u0219apte ani al Uniunii doar \u00een cazul \u00een care compromisul corespunde intereselor cet\u0103\u021benilor \u0219i companiilor maghiare\u201d, a scris Magyar \u00eentr-o postare pe Facebook.<\/p>\n<p class=\"gdpr-placeholder gdpr-social-media gdpr-iframe-fix\" data-index=\"4\"> Setarile tale privind cookie-urile nu permit afisarea continutul din aceasta sectiune. Poti actualiza setarile modulelor coookie direct din browser sau de <a class=\"ot-sdk-show-settings\" data-skip-linkfix=\"1\">aici<\/a> \u2013 e nevoie sa accepti cookie-urile social media<\/p>\n<h2 id=\"highlight-3933277-1\">Ungaria cere o solu\u021bie privind amenda de un milion de euro pe zi<\/h2>\n<p data-index=\"5\">Premierul ungar a spus c\u0103 a discutat cu Ant\u00f3nio Costa \u0219i despre amenda de un milion de euro pe zi impus\u0103 Ungariei \u0219i a cerut g\u0103sirea unei solu\u021bii c\u00e2t mai rapide pentru suspendarea acesteia.<\/p>\n<p data-index=\"6\">\u201eDe asemenea, am men\u021bionat c\u0103 a\u0219tept\u0103m o solu\u021bie c\u00e2t mai rapid\u0103 \u00een ceea ce prive\u0219te suspendarea amenzii de un milion de euro pe zi, impus\u0103 sub guvernul maghiar anterior\u201d, a transmis Peter Magyar.<\/p>\n<p data-index=\"7\"><strong>Cite\u0219te \u0219i: <a href=\"https:\/\/www.digi24.ro\/stiri\/externe\/ue\/partidul-tisza-anunta-din-ce-familie-europena-va-face-parte-singura-condintie-pusa-de-catre-peter-magyar-3931609\" data-skip-linkfix=\"1\">Partidul Tisza anun\u021b\u0103 din ce familie europen\u0103 va face parte. Singura condi\u021bie pus\u0103 de c\u0103tre Peter Magyar<\/a><\/strong><\/p>\n<h2 id=\"highlight-3933277-2\">Budapesta \u00ee\u0219i men\u021bine politica \u00eempotriva migra\u021biei ilegale<\/h2>\n<p data-index=\"8\">Un alt subiect abordat a fost migra\u021bia. Magyar a anun\u021bat c\u0103 Ungaria \u00ee\u0219i va men\u021bine cadrul legislativ \u0219i barierele fizice de la frontierele externe ale UE, invoc\u00e2nd \u0219i situa\u021bia din Ceuta, unde aproximativ 70.000 de persoane au intrat ilegal \u00een interval de c\u00e2teva zile \u00een luna iulie.<\/p>\n<p data-index=\"9\">\u201eI-am subliniat domnului pre\u0219edinte c\u0103, mai ales \u00een lumina evenimentelor petrecute \u00een Ceuta \u00een timpul verii, Ungaria va men\u021bine \u00een continuare cadrul legislativ \u0219i barierele fizice necesare pentru a opri migra\u021bia ilegal\u0103\u201d, a afirmat premierul ungar.<\/p>\n<p data-index=\"10\">\u201eUngaria va continua s\u0103 apere frontierele comune ale Uniunii Europene. \u0218i ne a\u0219tept\u0103m ca acest efort al nostru s\u0103 fie recunoscut \u0219i la nivel european\u201d, a ad\u0103ugat el.<\/p>\n<p data-index=\"11\"><strong>Cite\u0219te \u0219i: <a href=\"https:\/\/www.digi24.ro\/stiri\/externe\/mapamond\/guvernul-ungariei-vrea-sa-introduca-un-impozit-pe-averile-mai-mari-de-27-milioane-de-euro-va-fi-o-piatra-de-hotar-3932065\" data-skip-linkfix=\"1\">Guvernul Ungariei vrea s\u0103 introduc\u0103 un impozit pe averile mai mari de 2,7 milioane de euro. \u201eVa fi o piatr\u0103 de hotar\u201d<\/a><\/strong><\/p>\n<h2 id=\"highlight-3933277-3\">Ungaria respinge aderarea accelerat\u0103 a oric\u0103rei \u021b\u0103ri<\/h2>\n<p data-index=\"12\">Peter Magyar a reiterat \u0219i pozi\u021bia Budapestei privind extinderea Uniunii Europene, preciz\u00e2nd c\u0103 Ungaria nu sus\u021bine proceduri accelerate de aderare pentru nicio \u021bar\u0103 candidat\u0103.<\/p>\n<p data-index=\"13\">\u201eAm reiterat faptul c\u0103 Ungaria nu sus\u021bine procedura accelerat\u0103 de aderare \u00een cazul niciunei \u021b\u0103ri candidate\u201d, a scris premierul ungar.<\/p>\n<p> Editor : <a href=\"https:\/\/www.digi24.ro\/autor\/ana-petrescu\"> Ana Petrescu <\/a><\/p>\n<\/div>\n<p>[analyse_source url=&#8221;https:\/\/www.digi24.ro\/stiri\/externe\/ungaria-pune-conditii-pentru-bugetul-ue-si-respinge-aderarea-accelerata-a-oricarei-tari-mesajul-lui-peter-magyar-3933277&#8243;]<\/p>\n","protected":false},"excerpt":{"rendered":"<p>[analyse_image type=&#8221;featured&#8221; src=&#8221;https:\/\/s.iw.ro\/gateway\/g\/ZmlsZVNvdXJjZT1odHRwJTNBJTJGJTJG\/c3RvcmFnZTA4dHJhbnNjb2Rlci5yY3Mt\/cmRzLnJvJTJGc3RvcmFnZSUyRjIwMjYl\/MkYwOSUyRjAzJTJGMjk0NDg0OV8yOTQ0\/ODQ5X3Byb2ZpbWVkaWEtMTExMTA3NzYy\/Ny5qcGcmdz0xMjAwJmg9NjMwJnpjPTEm\/aGFzaD1mMDc5YTBlOGI3MzIyNTliNDk0MGRkNGU5ZWJiNDI2NQ==.thumb.jpg&#8221;] Premierul Ungariei Peter Magyar a anun\u021bat c\u0103 Budapesta va accepta cadrul financiar multianual al Uniunii Europene pentru 2028-2034 doar dac\u0103 acesta va r\u0103spunde intereselor cet\u0103\u021benilor \u0219i companiilor maghiare. Declara\u021bia a fost f\u0103cut\u0103 dup\u0103 \u00eent\u00e2lnirea de miercuri sear\u0103, de la Budapesta, cu pre\u0219edintele Consiliului European Ant\u00f3nio Costa. \u201e\u00cen cadrul \u00eent\u00e2lnirii, am precizat clar [&hellip;]<\/p>\n","protected":false},"author":1,"featured_media":0,"comment_status":"open","ping_status":"","sticky":false,"template":"","format":"standard","meta":{"footnotes":""},"categories":[89],"tags":[226,11],"class_list":["post-2126182","post","type-post","status-publish","format-standard","hentry","category-romania","tag-crawlmanager","tag-digi24"],"_links":{"self":[{"href":"https:\/\/analyse.optim.biz\/index.php?rest_route=\/wp\/v2\/posts\/2126182","targetHints":{"allow":["GET"]}}],"collection":[{"href":"https:\/\/analyse.optim.biz\/index.php?rest_route=\/wp\/v2\/posts"}],"about":[{"href":"https:\/\/analyse.optim.biz\/index.php?rest_route=\/wp\/v2\/types\/post"}],"author":[{"embeddable":true,"href":"https:\/\/analyse.optim.biz\/index.php?rest_route=\/wp\/v2\/users\/1"}],"replies":[{"embeddable":true,"href":"https:\/\/analyse.optim.biz\/index.php?rest_route=%2Fwp%2Fv2%2Fcomments&post=2126182"}],"version-history":[{"count":0,"href":"https:\/\/analyse.optim.biz\/index.php?rest_route=\/wp\/v2\/posts\/2126182\/revisions"}],"wp:attachment":[{"href":"https:\/\/analyse.optim.biz\/index.php?rest_route=%2Fwp%2Fv2%2Fmedia&parent=2126182"}],"wp:term":[{"taxonomy":"category","embeddable":true,"href":"https:\/\/analyse.optim.biz\/index.php?rest_route=%2Fwp%2Fv2%2Fcategories&post=2126182"},{"taxonomy":"post_tag","embeddable":true,"href":"https:\/\/analyse.optim.biz\/index.php?rest_route=%2Fwp%2Fv2%2Ftags&post=2126182"}],"curies":[{"name":"wp","href":"https:\/\/api.w.org\/{rel}","templated":true}]}}